{"id":251,"date":"2024-02-29T13:07:25","date_gmt":"2024-02-29T12:07:25","guid":{"rendered":"https:\/\/hoyre.no\/trysil\/?p=251"},"modified":"2024-02-29T14:02:29","modified_gmt":"2024-02-29T13:02:29","slug":"en-plan-for-fremtiden-med-respekt-for-fortiden","status":"publish","type":"post","link":"https:\/\/hoyre.no\/trysil\/aktuelt\/en-plan-for-fremtiden-med-respekt-for-fortiden\/","title":{"rendered":"En plan for fremtiden, med respekt for fortiden."},"content":{"rendered":"\n<p class=\"preamble\">De som f\u00f8lger saken i sosiale medier og avisene kan f\u00e5 inntrykk av at vi n\u00e6rmest ved et pennestr\u00f8k vil gj\u00f8re Innbygda totalt ugjenkjennelig. Det stemmer ikke.<\/p>\t\t\t<div class=\"post-meta wp-block teft-byline-wrapper\">\n\t\t\t\t<div class=\"top\">\n\t\t\t\t\t<div class=\"signature\">\n\t\t\t\t\t\t<div class=\"teft-byline\">\n\t\t\t\t\t\t\t\t\t\t\t\t\t\t<div>\n\t\t\t\t\t\t\t\t<h3>H\u00f8yres redaksjon<\/h3>\t\t\t\t\t\t\t\t\n\t\t\t\t\t\t\t\t\t\t\t\t\t\t\t\t\t<span class=\"date\">Sist oppdatert: 29. februar 2024<\/span>\n\t\t\t\t\t\t\t\t\t\t\t\t\t\t\t\t\t\t\t\t\t\t\t\t\t<span class=\"reading-time\" itemprop=\"timeRequired\" content=\"PT5M\"><em>Ca. 5 minutter lesetid<\/em><\/span>\n\t\t\t\t\t\t\t\t\t\t\t\t\t\t\t<\/div>\n\t\t\t\t\t\t<\/div>\n\t\t\t\t\t<\/div>\n\t\t\t\t\t\t<div class=\"sharing\">\n\t\t<a class=\"share-button share-link copy-link\" data-copy=\"https:\/\/hoyre.no\/trysil\/aktuelt\/en-plan-for-fremtiden-med-respekt-for-fortiden\/\" target=\"_blank\"><span class=\"screen-reader-text\">Del link<\/span><\/a>\n\t\t<a class=\"share-button share-twitter\" href=\"http:\/\/twitter.com\/share?text=En plan for fremtiden, med respekt for fortiden.&#038;url=https:\/\/hoyre.no\/trysil\/aktuelt\/en-plan-for-fremtiden-med-respekt-for-fortiden\/&#038;hashtags=Hoyre\" target=\"_blank\"><span class=\"screen-reader-text\">Del p\u00e5 twitter<\/span><\/a>\n\t\t<a class=\"share-button share-facebook\" href=\"https:\/\/www.facebook.com\/sharer\/sharer.php?u=https:\/\/hoyre.no\/trysil\/aktuelt\/en-plan-for-fremtiden-med-respekt-for-fortiden\/\" target=\"_blank\"><span class=\"screen-reader-text\">Del p\u00e5 facebook<\/span><\/a>\n\t<\/div>\n\t\t\t\t\t<\/div>\n\t\t\t<\/div>\n\n\t\t\t<figure class=\"hoyre-image-wrapper\"><div class=\"hoyre-image\"><img loading=\"lazy\" decoding=\"async\" width=\"820\" height=\"546\" src=\"https:\/\/hoyre.no\/content\/uploads\/sites\/53\/2024\/02\/sentumsplaninnlegg-e1709211734840.jpg\" class=\"attachment-scaled size-scaled\" alt=\"Portrett av gruppelederne fra H, FrP og Ap.\" style=\"object-position: 50% 50%\" srcset=\"https:\/\/hoyre.no\/content\/uploads\/sites\/53\/2024\/02\/sentumsplaninnlegg-e1709211734840.jpg 820w, https:\/\/hoyre.no\/content\/uploads\/sites\/53\/2024\/02\/sentumsplaninnlegg-e1709211734840-300x200.jpg 300w, https:\/\/hoyre.no\/content\/uploads\/sites\/53\/2024\/02\/sentumsplaninnlegg-e1709211734840-768x511.jpg 768w\" sizes=\"auto, (max-width: 820px) 100vw, 820px\" \/><\/div><figcaption class=\"caption\">Foto: Turid Backe Viken<\/figcaption><\/figure>\n\n\n\n\n<p>Vi \u00f8nsker \u00e5 komme med noen faktaopplysninger og oppklaringer til v\u00e5rt forslag til \u00abSentrumsplanen\u00bb som ble lagt frem i kommunestyret den 19. februar. De som f\u00f8lger saken i sosiale medier og gjennom leserinnlegg i avisa kan f\u00e5 inntrykk av at vi med dette forslaget n\u00e6rmest ved et pennestr\u00f8k vil gj\u00f8re Innbygda totalt ugjenkjennelig. Det stemmer ikke.&nbsp;<\/p>\n\n\n\n<p>Et av delm\u00e5lene i planen er \u00e5 styrke Innbygdas identitet gjennom \u00e5 ivareta viktige deler av den eldre bebyggelsen, samtidig som en \u00e5pner for fortetting og fornying. V\u00e5rt forslag tar hensyn til begge deler: Vi \u00e5pner for fortetting og for h\u00f8yere bygg&nbsp;<em>i enkelte omr\u00e5der<\/em>, samtidig som hensynssoner og byggeskikkveileder skal ivareta den eldre bebyggelsen.<\/p>\n\n\n\n<p>N\u00e5r vi n\u00e5&nbsp;skal vedta en omr\u00e5deplan, er dette noe som skal st\u00e5&nbsp;i mange \u00e5r. Vi m\u00e5 da v\u00e5ge \u00e5 se fremover: Ved&nbsp;\u00e5 \u00e5pne&nbsp;for noe h\u00f8yere bebyggelse og utnyttelsesgrad i enkelte omr\u00e5der, er det for \u00e5 sikre at vi ogs\u00e5 i fremtiden har et sentrum&nbsp;<em>i&nbsp;<\/em>Innbygda. Hvis vi ikke gj\u00f8r det l\u00f8nnsomt \u00e5 bygge og skape noe her, er det andre steder det vil skje. Da vil det kanskje ikke v\u00e6re handel- eller serveringssteder igjen i Bygda, men alt vi ligge i fjellet eller p\u00e5 Mosanden. Da har vi i alle fall ikke noe sentrum \u00e5 snakke om lenger. For det er ikke om det er et bygg p\u00e5 9, 12 eller 15 meter som definerer om det er et sentrum: Det er om det er folk der! Og folk trenger en grunn til \u00e5 komme hit, det v\u00e6re seg \u00e5 handle, spise eller bo.<\/p>\n\n\n\n<p>Offentlig tilgjengelige regnskapstall for n\u00e6ringer i sentrum som henvender seg til kunder, \u00e0 la varehandel og servering, sier sitt: Rundt halvparten hadde r\u00f8de tall i regnskapet for 2022. Det er kniven p\u00e5 strupen for mange, og det er nok en del idealisme som f\u00e5r det til \u00e5 g\u00e5 rundt. Det er jo dette vi m\u00e5 legge til rette for at snur. Ved \u00e5 gj\u00f8re&nbsp;det l\u00f8nnsomt&nbsp;\u00e5 investere i Bygda, vil det sikre at folk bosetter seg i sentrum, og ikke minst at bes\u00f8kende bor i sentrum. Mer aktivitet, liv og r\u00f8re skaper forutsetning for mer handel, flere opplevelser og flere tjenester.<\/p>\n\n\n\n<p>Det er ikke slik at vi \u00e5pner for 15 meter h\u00f8ye bygg med utnyttelsesgrad p\u00e5 80 % over hele bygda. Dette gj\u00f8res i enkelte omr\u00e5der, som ved Hageb\u00e6k, Trysil hotell og rundt r\u00e5dhuset\/kulturhuset. Vi&nbsp;<em>\u00e5pner<\/em>&nbsp;for at det&nbsp;<em>kan&nbsp;<\/em>skje en gang i fremtiden. Skal det i det hele tatt v\u00e6re realistisk \u00e5 n\u00e5 m\u00e5let om flere kommersielle senger og rimelig prisete boliger i sentrum, er dette helt n\u00f8dvendig. Utover det, ligger v\u00e5rt forslag for det meste tett opp til kommunedirekt\u00f8rens innstilling.<\/p>\n\n\n\n<p>Den n\u00e5 etter hvert s\u00e5 ber\u00f8mte illustrasjonen med \u00abklossen\u00bb p\u00e5 Kremen\/blomsterforretningen, har satt fyr p\u00e5 debatten. Denne er det ingen som foresl\u00e5r, ei heller vi.<\/p>\n\n\n\n<p>Den ble ogs\u00e5 brukt som illustrasjon p\u00e5 underskriftskampanjen som samlet en rekke underskrifter. Der st\u00e5r det at den gamle bebyggelsen skal v\u00e6re sentral og tas hensyn til. Dette er alle enige i. Det er derfor vi ber om at byggeskikkveilederen oppdateres. Denne skal ivareta og veilede p\u00e5 arkitektonisk kvalitet.&nbsp;<\/p>\n\n\n\n<p>Videre tar forslaget v\u00e5rt hensyn til takkonstruksjon, ved at saltak eller pulttak foretrekkes, og at ved eventuell andre takl\u00f8sninger skal fasade mot Storvegen og L\u00f8kjavegen beholde inntrykk av at dette. Dermed legger vi til rette for at en eventuell samfunnsbygger kan presentere lure og fremtidsrettede l\u00f8sninger, innenfor disse rammene og byggeskikkveilederen. Byggeskikkveilederen skal sikre forutsigbarhet i det arkitektoniske.&nbsp;<\/p>\n\n\n\n<p>Forslaget vi har lagt frem n\u00e5 baserer seg p\u00e5 utsettelsesforslaget vi fremmet i mai 2022, da vi la ved 23 punkter som skulle utredes, revurderes og eventuelt innarbeides i planen. Den 14. juni 2023 behandlet vi planen og kom med et forslag p\u00e5 14 punkter som vi ville sende ut p\u00e5 h\u00f8ring, blant annet utnyttelsesgrad, byggeh\u00f8yder, parkering og veil\u00f8sninger. Disse punktene, som alts\u00e5 har v\u00e6rt med i to \u00e5r, er det vi har bygget forslaget v\u00e5rt p\u00e5. \u00c5 hevde at v\u00e5rt forslag, som ble sendt til gruppelederne i SP\/SV\/R klokken 21:45 kvelden f\u00f8r kommunestyrem\u00f8tet, kom som en \u00abbombe\u00bb og at vi har holdt kortene tett til brystet er derfor helt grunnl\u00f8st. Vi har hele tiden hevdet at vi m\u00e5 ha h\u00f8yere utnyttelsesgrad om vi skal f\u00e5 realisert investeringer i sentrum. I mellomtiden har det ogs\u00e5 v\u00e6rt et valg der partiene har v\u00e6rt tydelige p\u00e5 hvor vi st\u00e5r i debatten.<\/p>\n\n\n\n<p>Forslaget v\u00e5rt har mange likehetstrekk med SP\/SV\/R. Hovedforskjellen er anerkjennelsen av ett av m\u00e5lene for planen \u2013 fortetting og utbygging&nbsp;<em>i deler&nbsp;<\/em>av sentrum. Vi h\u00e5per vi ogs\u00e5 i framtida kan ha et Innbygda vi kan kalle sentrum. Innbygda fortjener folk, ikke tilbakeskuing.&nbsp;<\/p>\n\n\n\n<p>Med respekt for det eksisterende, og en byggeskikkveileder til \u00e5 guide oss i det arkitektoniske, retter vi \u00f8ynene fremover.<\/p>\n\n\n\n<p><em>Yngve Westby, gruppeleder AP<br>Thomas Pedersen, gruppeleder H<br>Arnfinn Lysg\u00e5rd, gruppeleder Frp<\/em><\/p>\n\n\n<div class=\"tags\">\n\t<\/div>\n<div class=\"post-footer alignfull has-background block-editor-block-list__block\" data-align=full>\n\t<div class=\"post-footer-inner\">\n\t\t<h3>Relaterte artikler<\/h3>\n\t\t<div class=\"related-content\"><div class=\"is-card-hoyre\">\n\t<div class=\"teft-card hoyre-teft-card post-teft-card\">\n\t\t<a href=\"https:\/\/hoyre.no\/trysil\/aktuelt\/bjarte-blir-varaordforer\/\" class=\"teft-card__primary-action\">\n\n\t\t\t\t\t<div class=\"teft-card__media teft-card__media--16-9\">\n\t\t\t\t\t\t<img loading=\"lazy\" decoding=\"async\" width=\"768\" height=\"576\" src=\"https:\/\/hoyre.no\/content\/uploads\/sites\/53\/2023\/09\/IMG_0753-768x576.jpg\" class=\"attachment-medium_large size-medium_large\" alt=\"\" srcset=\"https:\/\/hoyre.no\/content\/uploads\/sites\/53\/2023\/09\/IMG_0753-768x576.jpg 768w, https:\/\/hoyre.no\/content\/uploads\/sites\/53\/2023\/09\/IMG_0753-300x225.jpg 300w, https:\/\/hoyre.no\/content\/uploads\/sites\/53\/2023\/09\/IMG_0753-1024x768.jpg 1024w, https:\/\/hoyre.no\/content\/uploads\/sites\/53\/2023\/09\/IMG_0753-1536x1152.jpg 1536w, https:\/\/hoyre.no\/content\/uploads\/sites\/53\/2023\/09\/IMG_0753.jpg 2048w\" sizes=\"auto, (max-width: 768px) 100vw, 768px\" \/>\t\t<\/div>\n\t\t\n\t\t\t<div class=\"teft-card__content-wrapper\">\n\t\t\t\t<div class=\"teft-card__secondary\">\n\t\t\t\t\t\n\t\t\t\t\t\t\t\t<div class=\"teft-card__meta\">\n\t\t\t\t\t\t\t\t\t<span class=\"post-date\">14. sep 2023<\/span>\n\n\t\t\t\t\t\t\t\t\t\t\t\t\t\t\t\t\t<\/div>\n\t\t\t\t\t\t\t\t\t\t\t<\/div>\n\n\t\t\t\t<div class=\"teft-card__primary\">\n\t\t\t\t\t<h2 class=\"teft-card__title\">Bjarte blir varaordf\u00f8rer!&nbsp;<span class=\"teft-card__primary-title-append\"><\/span><\/h2>\t\t\t\t<\/div>\n\t\t\t<\/div>\n\t\t<\/a>\n\t<\/div>\n\n\t<\/div><div class=\"is-card-hoyre\">\n\t<div class=\"teft-card hoyre-teft-card post-teft-card\">\n\t\t<a href=\"https:\/\/hoyre.no\/trysil\/aktuelt\/det-lonner-seg-a-ha\/\" class=\"teft-card__primary-action\">\n\n\t\t\t\t\t<div class=\"teft-card__media teft-card__media--16-9\">\n\t\t\t\t\t\t<img loading=\"lazy\" decoding=\"async\" width=\"768\" height=\"561\" src=\"https:\/\/hoyre.no\/content\/uploads\/sites\/53\/2020\/11\/19417527-15534980013-768x561.jpg\" class=\"attachment-medium_large size-medium_large\" alt=\"\" srcset=\"https:\/\/hoyre.no\/content\/uploads\/sites\/53\/2020\/11\/19417527-15534980013-768x561.jpg 768w, https:\/\/hoyre.no\/content\/uploads\/sites\/53\/2020\/11\/19417527-15534980013-300x219.jpg 300w, https:\/\/hoyre.no\/content\/uploads\/sites\/53\/2020\/11\/19417527-15534980013-1024x748.jpg 1024w, https:\/\/hoyre.no\/content\/uploads\/sites\/53\/2020\/11\/19417527-15534980013-1536x1123.jpg 1536w, https:\/\/hoyre.no\/content\/uploads\/sites\/53\/2020\/11\/19417527-15534980013.jpg 2044w\" sizes=\"auto, (max-width: 768px) 100vw, 768px\" \/>\t\t<\/div>\n\t\t\n\t\t\t<div class=\"teft-card__content-wrapper\">\n\t\t\t\t<div class=\"teft-card__secondary\">\n\t\t\t\t\t\n\t\t\t\t\t\t\t\t<div class=\"teft-card__meta\">\n\t\t\t\t\t\t\t\t\t<span class=\"post-date\">25. jun 2017<\/span>\n\n\t\t\t\t\t\t\t\t\t\t\t\t\t\t\t\t\t<\/div>\n\t\t\t\t\t\t\t\t\t\t\t<\/div>\n\n\t\t\t\t<div class=\"teft-card__primary\">\n\t\t\t\t\t<h2 class=\"teft-card__title\">Det l\u00f8nner seg \u00e5 ha et m\u00e5lrettet fokus p\u00e5 n\u00e6ringsutvikling!&nbsp;<span class=\"teft-card__primary-title-append\"><\/span><\/h2>\t\t\t\t<\/div>\n\t\t\t<\/div>\n\t\t<\/a>\n\t<\/div>\n\n\t<\/div><\/div>\t<\/div>\n<\/div>\n","protected":false},"excerpt":{"rendered":"","protected":false},"author":18598,"featured_media":0,"comment_status":"closed","ping_status":"closed","sticky":false,"template":"","format":"standard","meta":{"teft_cards_image_url":"","teft_cards_custom_pretitle":"","teft_cards_image_id":253,"teft_cards_image_focal_point_x":0.47,"teft_cards_image_focal_point_y":0.21,"teft_cards_title":"","teft_cards_excerpt":"","teft_show_chapters":false,"author_display_name":"","footnotes":""},"category":[1],"post_tag":[],"hoyre-visibility":[],"article-type":[],"politician":[],"class_list":["post-251","post","type-post","status-publish","format-standard","hentry","category-ukategorisert"],"yoast_head":"<!-- This site is optimized with the Yoast SEO plugin v26.6 - https:\/\/yoast.com\/wordpress\/plugins\/seo\/ -->\n<title>En plan for fremtiden, med respekt for fortiden. - Trysil H\u00f8yre<\/title>\n<meta name=\"robots\" content=\"index, follow, max-snippet:-1, max-image-preview:large, max-video-preview:-1\" \/>\n<link rel=\"canonical\" href=\"https:\/\/hoyre.no\/trysil\/aktuelt\/en-plan-for-fremtiden-med-respekt-for-fortiden\/\" \/>\n<meta property=\"og:locale\" content=\"nb_NO\" \/>\n<meta property=\"og:type\" content=\"article\" \/>\n<meta property=\"og:title\" content=\"En plan for fremtiden, med respekt for fortiden.\" \/>\n<meta property=\"og:description\" content=\"De som f\u00f8lger saken i sosiale medier og avisene kan f\u00e5 inntrykk av at vi n\u00e6rmest ved et pennestr\u00f8k vil gj\u00f8re Innbygda totalt ugjenkjennelig. Det stemmer ikke.\" \/>\n<meta property=\"og:url\" content=\"https:\/\/hoyre.no\/trysil\/aktuelt\/en-plan-for-fremtiden-med-respekt-for-fortiden\/\" \/>\n<meta property=\"og:site_name\" content=\"Trysil H\u00f8yre\" \/>\n<meta property=\"article:published_time\" content=\"2024-02-29T12:07:25+00:00\" \/>\n<meta property=\"article:modified_time\" content=\"2024-02-29T13:02:29+00:00\" \/>\n<meta property=\"og:image\" content=\"https:\/\/hoyre.no\/content\/uploads\/sites\/53\/2020\/11\/19417527-15534980013-1024x748.jpg\" \/>\n<meta name=\"author\" content=\"Anders Nyhuus\" \/>\n<meta name=\"twitter:card\" content=\"summary_large_image\" \/>\n<meta name=\"twitter:label1\" content=\"Skrevet av\" \/>\n\t<meta name=\"twitter:data1\" content=\"Anders Nyhuus\" \/>\n<script type=\"application\/ld+json\" class=\"yoast-schema-graph\">{\"@context\":\"https:\/\/schema.org\",\"@graph\":[{\"@type\":\"NewsArticle\",\"@id\":\"https:\/\/hoyre.no\/trysil\/aktuelt\/en-plan-for-fremtiden-med-respekt-for-fortiden\/\",\"url\":\"https:\/\/hoyre.no\/trysil\/aktuelt\/en-plan-for-fremtiden-med-respekt-for-fortiden\/\",\"name\":\"En plan for fremtiden, med respekt for fortiden. - Trysil H\u00f8yre\",\"isPartOf\":{\"@id\":\"https:\/\/hoyre.no\/trysil\/#website\"},\"datePublished\":\"2024-02-29T12:07:25+00:00\",\"dateModified\":\"2024-02-29T13:02:29+00:00\",\"author\":{\"@id\":\"https:\/\/hoyre.no\/trysil\/#\/schema\/person\/f5785f724b04160d060a7162dac5e8d5\"},\"breadcrumb\":{\"@id\":\"https:\/\/hoyre.no\/trysil\/aktuelt\/en-plan-for-fremtiden-med-respekt-for-fortiden\/#breadcrumb\"},\"inLanguage\":\"nb-NO\",\"potentialAction\":[{\"@type\":\"ReadAction\",\"target\":[\"https:\/\/hoyre.no\/trysil\/aktuelt\/en-plan-for-fremtiden-med-respekt-for-fortiden\/\"]}]},{\"@type\":\"BreadcrumbList\",\"@id\":\"https:\/\/hoyre.no\/trysil\/aktuelt\/en-plan-for-fremtiden-med-respekt-for-fortiden\/#breadcrumb\",\"itemListElement\":[{\"@type\":\"ListItem\",\"position\":1,\"name\":\"Til hoyre.no\",\"item\":\"https:\/\/hoyre.no\"},{\"@type\":\"ListItem\",\"position\":2,\"name\":\"Hjem\",\"item\":\"https:\/\/hoyre.no\/trysil\/\"},{\"@type\":\"ListItem\",\"position\":3,\"name\":\"En plan for fremtiden, med respekt for fortiden.\"}]},{\"@type\":\"WebSite\",\"@id\":\"https:\/\/hoyre.no\/trysil\/#website\",\"url\":\"https:\/\/hoyre.no\/trysil\/\",\"name\":\"Trysil H\u00f8yre\",\"description\":\"Bare enda et H\u00f8yres nettsteder-nettsted\",\"inLanguage\":\"nb-NO\"},{\"@type\":\"Person\",\"@id\":\"https:\/\/hoyre.no\/trysil\/#\/schema\/person\/f5785f724b04160d060a7162dac5e8d5\",\"name\":\"Anders Nyhuus\",\"image\":{\"@type\":\"ImageObject\",\"inLanguage\":\"nb-NO\",\"@id\":\"https:\/\/hoyre.no\/trysil\/#\/schema\/person\/image\/\",\"url\":\"https:\/\/secure.gravatar.com\/avatar\/01b6cd65d051adeddddccdfbe1af6c3df69bd2351c66a7e359c41022b3cb5f5f?s=96&d=mm&r=g\",\"contentUrl\":\"https:\/\/secure.gravatar.com\/avatar\/01b6cd65d051adeddddccdfbe1af6c3df69bd2351c66a7e359c41022b3cb5f5f?s=96&d=mm&r=g\",\"caption\":\"Anders Nyhuus\"},\"url\":\"https:\/\/hoyre.no\/trysil\/aktuelt\/author\/m50527274\/\"}]}<\/script>\n<!-- \/ Yoast SEO plugin. -->","yoast_head_json":{"title":"En plan for fremtiden, med respekt for fortiden. - Trysil H\u00f8yre","robots":{"index":"index","follow":"follow","max-snippet":"max-snippet:-1","max-image-preview":"max-image-preview:large","max-video-preview":"max-video-preview:-1"},"canonical":"https:\/\/hoyre.no\/trysil\/aktuelt\/en-plan-for-fremtiden-med-respekt-for-fortiden\/","og_locale":"nb_NO","og_type":"article","og_title":"En plan for fremtiden, med respekt for fortiden.","og_description":"De som f\u00f8lger saken i sosiale medier og avisene kan f\u00e5 inntrykk av at vi n\u00e6rmest ved et pennestr\u00f8k vil gj\u00f8re Innbygda totalt ugjenkjennelig. Det stemmer ikke.","og_url":"https:\/\/hoyre.no\/trysil\/aktuelt\/en-plan-for-fremtiden-med-respekt-for-fortiden\/","og_site_name":"Trysil H\u00f8yre","article_published_time":"2024-02-29T12:07:25+00:00","article_modified_time":"2024-02-29T13:02:29+00:00","og_image":[{"url":"https:\/\/hoyre.no\/content\/uploads\/sites\/53\/2020\/11\/19417527-15534980013-1024x748.jpg","width":"","height":"","type":""}],"author":"Anders Nyhuus","twitter_card":"summary_large_image","twitter_misc":{"Skrevet av":"Anders Nyhuus"},"schema":{"@context":"https:\/\/schema.org","@graph":[{"@type":"NewsArticle","@id":"https:\/\/hoyre.no\/trysil\/aktuelt\/en-plan-for-fremtiden-med-respekt-for-fortiden\/","url":"https:\/\/hoyre.no\/trysil\/aktuelt\/en-plan-for-fremtiden-med-respekt-for-fortiden\/","name":"En plan for fremtiden, med respekt for fortiden. - Trysil H\u00f8yre","isPartOf":{"@id":"https:\/\/hoyre.no\/trysil\/#website"},"datePublished":"2024-02-29T12:07:25+00:00","dateModified":"2024-02-29T13:02:29+00:00","author":{"@id":"https:\/\/hoyre.no\/trysil\/#\/schema\/person\/f5785f724b04160d060a7162dac5e8d5"},"breadcrumb":{"@id":"https:\/\/hoyre.no\/trysil\/aktuelt\/en-plan-for-fremtiden-med-respekt-for-fortiden\/#breadcrumb"},"inLanguage":"nb-NO","potentialAction":[{"@type":"ReadAction","target":["https:\/\/hoyre.no\/trysil\/aktuelt\/en-plan-for-fremtiden-med-respekt-for-fortiden\/"]}]},{"@type":"BreadcrumbList","@id":"https:\/\/hoyre.no\/trysil\/aktuelt\/en-plan-for-fremtiden-med-respekt-for-fortiden\/#breadcrumb","itemListElement":[{"@type":"ListItem","position":1,"name":"Til hoyre.no","item":"https:\/\/hoyre.no"},{"@type":"ListItem","position":2,"name":"Hjem","item":"https:\/\/hoyre.no\/trysil\/"},{"@type":"ListItem","position":3,"name":"En plan for fremtiden, med respekt for fortiden."}]},{"@type":"WebSite","@id":"https:\/\/hoyre.no\/trysil\/#website","url":"https:\/\/hoyre.no\/trysil\/","name":"Trysil H\u00f8yre","description":"Bare enda et H\u00f8yres nettsteder-nettsted","inLanguage":"nb-NO"},{"@type":"Person","@id":"https:\/\/hoyre.no\/trysil\/#\/schema\/person\/f5785f724b04160d060a7162dac5e8d5","name":"Anders Nyhuus","image":{"@type":"ImageObject","inLanguage":"nb-NO","@id":"https:\/\/hoyre.no\/trysil\/#\/schema\/person\/image\/","url":"https:\/\/secure.gravatar.com\/avatar\/01b6cd65d051adeddddccdfbe1af6c3df69bd2351c66a7e359c41022b3cb5f5f?s=96&d=mm&r=g","contentUrl":"https:\/\/secure.gravatar.com\/avatar\/01b6cd65d051adeddddccdfbe1af6c3df69bd2351c66a7e359c41022b3cb5f5f?s=96&d=mm&r=g","caption":"Anders Nyhuus"},"url":"https:\/\/hoyre.no\/trysil\/aktuelt\/author\/m50527274\/"}]}},"distributor_meta":false,"distributor_terms":false,"distributor_media":false,"distributor_original_site_name":"Trysil H\u00f8yre","distributor_original_site_url":"https:\/\/hoyre.no\/trysil","push-errors":false,"_links":{"self":[{"href":"https:\/\/hoyre.no\/trysil\/wp-json\/wp\/v2\/posts\/251","targetHints":{"allow":["GET"]}}],"collection":[{"href":"https:\/\/hoyre.no\/trysil\/wp-json\/wp\/v2\/posts"}],"about":[{"href":"https:\/\/hoyre.no\/trysil\/wp-json\/wp\/v2\/types\/post"}],"author":[{"embeddable":true,"href":"https:\/\/hoyre.no\/trysil\/wp-json\/wp\/v2\/users\/18598"}],"replies":[{"embeddable":true,"href":"https:\/\/hoyre.no\/trysil\/wp-json\/wp\/v2\/comments?post=251"}],"version-history":[{"count":3,"href":"https:\/\/hoyre.no\/trysil\/wp-json\/wp\/v2\/posts\/251\/revisions"}],"predecessor-version":[{"id":255,"href":"https:\/\/hoyre.no\/trysil\/wp-json\/wp\/v2\/posts\/251\/revisions\/255"}],"wp:attachment":[{"href":"https:\/\/hoyre.no\/trysil\/wp-json\/wp\/v2\/media?parent=251"}],"wp:term":[{"taxonomy":"category","embeddable":true,"href":"https:\/\/hoyre.no\/trysil\/wp-json\/wp\/v2\/category?post=251"},{"taxonomy":"post_tag","embeddable":true,"href":"https:\/\/hoyre.no\/trysil\/wp-json\/wp\/v2\/post_tag?post=251"},{"taxonomy":"hoyre-visibility","embeddable":true,"href":"https:\/\/hoyre.no\/trysil\/wp-json\/wp\/v2\/hoyre-visibility?post=251"},{"taxonomy":"article-type","embeddable":true,"href":"https:\/\/hoyre.no\/trysil\/wp-json\/wp\/v2\/article-type?post=251"},{"taxonomy":"politician","embeddable":true,"href":"https:\/\/hoyre.no\/trysil\/wp-json\/wp\/v2\/politician?post=251"}],"curies":[{"name":"wp","href":"https:\/\/api.w.org\/{rel}","templated":true}]}}