{"id":418,"date":"2023-08-01T15:03:50","date_gmt":"2023-08-01T13:03:50","guid":{"rendered":"https:\/\/hoyre.no\/ullensaker\/?p=418"},"modified":"2023-08-01T15:03:50","modified_gmt":"2023-08-01T13:03:50","slug":"skolekapasitet","status":"publish","type":"post","link":"https:\/\/hoyre.no\/ullensaker\/aktuelt\/skolekapasitet\/","title":{"rendered":"Skolekapasitet"},"content":{"rendered":"\n<p class=\"preamble\">Ullensaker har hatt en enorm vekst siden flyplassen \u00e5pnet i 1998, noen flytter inn og noen ut, men i alt har kommunen en vekst p\u00e5 ca. 1.000 nye innbyggere<br>hvert \u00e5r.<\/p>\t\t\t<div class=\"post-meta wp-block teft-byline-wrapper\">\n\t\t\t\t<div class=\"top\">\n\t\t\t\t\t<div class=\"signature\">\n\t\t\t\t\t\t<div class=\"teft-byline\">\n\t\t\t\t\t\t\t\t\t\t\t\t\t\t<div>\n\t\t\t\t\t\t\t\t<h3>H\u00f8yres redaksjon<\/h3>\t\t\t\t\t\t\t\t\n\t\t\t\t\t\t\t\t\t\t\t\t\t\t\t\t\t<span class=\"date\">Sist oppdatert: 1. august 2023<\/span>\n\t\t\t\t\t\t\t\t\t\t\t\t\t\t\t\t\t\t\t\t\t\t\t\t\t<span class=\"reading-time\" itemprop=\"timeRequired\" content=\"PT2M\"><em>Ca. 2 minutter lesetid<\/em><\/span>\n\t\t\t\t\t\t\t\t\t\t\t\t\t\t\t<\/div>\n\t\t\t\t\t\t<\/div>\n\t\t\t\t\t<\/div>\n\t\t\t\t\t\t<div class=\"sharing\">\n\t\t<a class=\"share-button share-link copy-link\" data-copy=\"https:\/\/hoyre.no\/ullensaker\/aktuelt\/skolekapasitet\/\" target=\"_blank\"><span class=\"screen-reader-text\">Del link<\/span><\/a>\n\t\t<a class=\"share-button share-twitter\" href=\"http:\/\/twitter.com\/share?text=Skolekapasitet&#038;url=https:\/\/hoyre.no\/ullensaker\/aktuelt\/skolekapasitet\/&#038;hashtags=Hoyre\" target=\"_blank\"><span class=\"screen-reader-text\">Del p\u00e5 twitter<\/span><\/a>\n\t\t<a class=\"share-button share-facebook\" href=\"https:\/\/www.facebook.com\/sharer\/sharer.php?u=https:\/\/hoyre.no\/ullensaker\/aktuelt\/skolekapasitet\/\" target=\"_blank\"><span class=\"screen-reader-text\">Del p\u00e5 facebook<\/span><\/a>\n\t<\/div>\n\t\t\t\t\t<\/div>\n\t\t\t<\/div>\n\n\t\t\t<figure class=\"hoyre-image-wrapper\"><div class=\"hoyre-image\"><img loading=\"lazy\" decoding=\"async\" width=\"2500\" height=\"1667\" src=\"https:\/\/hoyre.no\/content\/uploads\/sites\/159\/2023\/08\/GettyImages-1358014313-scaled.jpg\" class=\"attachment-scaled size-scaled\" alt=\"\" style=\"object-position: 50% 50%\" srcset=\"https:\/\/hoyre.no\/content\/uploads\/sites\/159\/2023\/08\/GettyImages-1358014313-scaled.jpg 2500w, https:\/\/hoyre.no\/content\/uploads\/sites\/159\/2023\/08\/GettyImages-1358014313-300x200.jpg 300w, https:\/\/hoyre.no\/content\/uploads\/sites\/159\/2023\/08\/GettyImages-1358014313-1024x683.jpg 1024w, https:\/\/hoyre.no\/content\/uploads\/sites\/159\/2023\/08\/GettyImages-1358014313-768x512.jpg 768w, https:\/\/hoyre.no\/content\/uploads\/sites\/159\/2023\/08\/GettyImages-1358014313-1536x1024.jpg 1536w, https:\/\/hoyre.no\/content\/uploads\/sites\/159\/2023\/08\/GettyImages-1358014313-2048x1365.jpg 2048w\" sizes=\"auto, (max-width: 2500px) 100vw, 2500px\" \/><\/div><\/figure>\n\n\n\n\n<p>For \u00e5 m\u00f8te veksten fremover har kommunen rundt 20.000 boenheter ferdigregulert, under behandling eller planlagt. En slik vekst p\u00e5virker skolekapasitet og -struktur. H\u00f8yre mener det er klokt i videre planlegging av skolestruktur \u00e5 ta med erfaringene fra de nye skolene vi har bygd de siste 25 \u00e5rene. Samtidig som vi ser hvordan eldre skoler har utviklet seg, i en tid hvor urbaniseringen endrer lokalmilj\u00f8et rundt skolen.<\/p>\n\n\n\n<p>Skolens prim\u00e6roppgave er \u00e5 v\u00e6re det beste l\u00e6ringsmilj\u00f8et for barn og unge, og et godt arbeidsmilj\u00f8 for ansatte. Dagens skole er ogs\u00e5 en viktig arena i hvert sitt lokalmilj\u00f8. Det \u00f8nsker H\u00f8yre \u00e5 videreutvikle. I tillegg til egen utvikling, \u00f8nsker H\u00f8yre \u00e5 la oss inspirere av hva andre skoleeiere gj\u00f8r for en mer b\u00e6rekraftig utvikling. H\u00f8yre mener \u00f8kt l\u00e6ringsutbytte, folkehelse og tverrfaglighet er viktige faktorer. Tjenesteinnovasjon i skolen mener vi skjer best i fellesskap med andre sektorer av kommunen, frivilligheten og arbeidslivet. Det kan ogs\u00e5 p\u00e5virke skolestruktur og skolens ulike l\u00e6ringsarenaer.<\/p>\n\n\n\n<div class=\"wp-block-hoyre-banner undefined\"><div class=\"banner-inner\"><div class=\"banner-content\"><div class=\"entry-content\">\n<h2 class=\"wp-block-heading\">Ullensaker H\u00f8yre vil:<\/h2>\n\n\n\n<p><\/p>\n\n\n\n<div class=\"wp-block-buttons is-layout-flex wp-block-buttons-is-layout-flex\">\n<div class=\"wp-block-button\"><a class=\"wp-block-button__link\">&#8211; innf\u00f8re fritt skolevalg p\u00e5 tvers av skolekretsene<\/a><\/div>\n\n\n\n<div class=\"wp-block-button\"><a class=\"wp-block-button__link\">&#8211; styrke samarbeidet med n\u00e6rmilj\u00f8et, frivillighete og n\u00e6ringslivet<\/a><\/div>\n\n\n\n<div class=\"wp-block-button\"><a class=\"wp-block-button__link\">&#8211; sikre tilstrekkelig skolekapasitet for fremtidig befolkningsvekst<\/a><\/div>\n\n\n\n<div class=\"wp-block-button\"><a class=\"wp-block-button__link\">&#8211; tillate private akt\u00f8rer \u00e5 etablere skoler for \u00f8kt mangfold og valgfrihet<\/a><\/div>\n<\/div>\n<\/div><\/div><\/div><\/div>\n\n\n<div class=\"tags\">\n\t<\/div>\n<div class=\"post-footer alignfull has-background block-editor-block-list__block\" data-align=full>\n\t<div class=\"post-footer-inner\">\n\t\t<h3>Relaterte artikler<\/h3>\n\t\t<div class=\"related-content\"><div class=\"is-card-hoyre\">\n\t<div class=\"teft-card hoyre-teft-card post-teft-card\">\n\t\t<a href=\"https:\/\/hoyre.no\/ullensaker\/aktuelt\/lene-kathrine-hakonsen-ny-gruppeleder-i-ullensaker-hoyre\/\" class=\"teft-card__primary-action\">\n\n\t\t\t\t\t<div class=\"teft-card__media teft-card__media--16-9\">\n\t\t\t\t\t\t<img loading=\"lazy\" decoding=\"async\" width=\"768\" height=\"387\" src=\"https:\/\/hoyre.no\/content\/uploads\/sites\/159\/2026\/04\/lene_willy-768x387.png\" class=\"attachment-medium_large size-medium_large\" alt=\"\" srcset=\"https:\/\/hoyre.no\/content\/uploads\/sites\/159\/2026\/04\/lene_willy-768x387.png 768w, https:\/\/hoyre.no\/content\/uploads\/sites\/159\/2026\/04\/lene_willy-300x151.png 300w, https:\/\/hoyre.no\/content\/uploads\/sites\/159\/2026\/04\/lene_willy-1024x516.png 1024w, https:\/\/hoyre.no\/content\/uploads\/sites\/159\/2026\/04\/lene_willy-1536x773.png 1536w, https:\/\/hoyre.no\/content\/uploads\/sites\/159\/2026\/04\/lene_willy.png 1543w\" sizes=\"auto, (max-width: 768px) 100vw, 768px\" \/>\t\t<\/div>\n\t\t\n\t\t\t<div class=\"teft-card__content-wrapper\">\n\t\t\t\t<div class=\"teft-card__secondary\">\n\t\t\t\t\t\n\t\t\t\t\t\t\t\t<div class=\"teft-card__meta\">\n\t\t\t\t\t\t\t\t\t<span class=\"post-date\">28. apr 2026<\/span>\n\n\t\t\t\t\t\t\t\t\t\t\t\t\t\t\t\t\t<\/div>\n\t\t\t\t\t\t\t\t\t\t\t<\/div>\n\n\t\t\t\t<div class=\"teft-card__primary\">\n\t\t\t\t\t<h2 class=\"teft-card__title\">Lene Kathrine H\u00e5konsen ny gruppeleder i Ullensaker H\u00f8yre&nbsp;<span class=\"teft-card__primary-title-append\"><\/span><\/h2>\t\t\t\t<\/div>\n\t\t\t<\/div>\n\t\t<\/a>\n\t<\/div>\n\n\t<\/div><div class=\"is-card-hoyre\">\n\t<div class=\"teft-card hoyre-teft-card post-teft-card\">\n\t\t<a href=\"https:\/\/hoyre.no\/ullensaker\/aktuelt\/kvinnehelse-ma-tas-pa-alvor-ogsa-i-overgangsalderen\/\" class=\"teft-card__primary-action\">\n\n\t\t\t\t\t<div class=\"teft-card__media teft-card__media--16-9\">\n\t\t\t\t\t\t<img loading=\"lazy\" decoding=\"async\" width=\"768\" height=\"981\" src=\"https:\/\/hoyre.no\/content\/uploads\/sites\/159\/2025\/01\/8ff55e0f-fa82-44a6-9992-80b32935c7ac-768x981.jpg\" class=\"attachment-medium_large size-medium_large\" alt=\"Anne-Stine Roksvaag\" srcset=\"https:\/\/hoyre.no\/content\/uploads\/sites\/159\/2025\/01\/8ff55e0f-fa82-44a6-9992-80b32935c7ac-768x981.jpg 768w, https:\/\/hoyre.no\/content\/uploads\/sites\/159\/2025\/01\/8ff55e0f-fa82-44a6-9992-80b32935c7ac-235x300.jpg 235w, https:\/\/hoyre.no\/content\/uploads\/sites\/159\/2025\/01\/8ff55e0f-fa82-44a6-9992-80b32935c7ac.jpg 802w\" sizes=\"auto, (max-width: 768px) 100vw, 768px\" \/>\t\t<\/div>\n\t\t\n\t\t\t<div class=\"teft-card__content-wrapper\">\n\t\t\t\t<div class=\"teft-card__secondary\">\n\t\t\t\t\t\n\t\t\t\t\t\t\t\t<div class=\"teft-card__meta\">\n\t\t\t\t\t\t\t\t\t<span class=\"post-date\">21. apr 2026<\/span>\n\n\t\t\t\t\t\t\t\t\t\t\t\t\t\t\t\t\t<\/div>\n\t\t\t\t\t\t\t\t\t\t\t<\/div>\n\n\t\t\t\t<div class=\"teft-card__primary\">\n\t\t\t\t\t<h2 class=\"teft-card__title\">Kvinnehelse m\u00e5 tas p\u00e5 alvor \u2013 ogs\u00e5 i overgangsalderen&nbsp;<span class=\"teft-card__primary-title-append\"><\/span><\/h2>\t\t\t\t<\/div>\n\t\t\t<\/div>\n\t\t<\/a>\n\t<\/div>\n\n\t<\/div><div class=\"is-card-hoyre\">\n\t<div class=\"teft-card hoyre-teft-card post-teft-card\">\n\t\t<a href=\"https:\/\/hoyre.no\/ullensaker\/aktuelt\/doli-skole-snur-utviklingen-elevene-laerer-mer-enn-for\/\" class=\"teft-card__primary-action\">\n\n\t\t\t\t\t<div class=\"teft-card__media teft-card__media--16-9\">\n\t\t\t\t\t\t<img loading=\"lazy\" decoding=\"async\" width=\"768\" height=\"1023\" src=\"https:\/\/hoyre.no\/content\/uploads\/sites\/159\/2025\/01\/748a6af0-ec1c-40f8-b919-a53b6760b312.jpg\" class=\"attachment-medium_large size-medium_large\" alt=\"\" srcset=\"https:\/\/hoyre.no\/content\/uploads\/sites\/159\/2025\/01\/748a6af0-ec1c-40f8-b919-a53b6760b312.jpg 768w, https:\/\/hoyre.no\/content\/uploads\/sites\/159\/2025\/01\/748a6af0-ec1c-40f8-b919-a53b6760b312-225x300.jpg 225w\" sizes=\"auto, (max-width: 768px) 100vw, 768px\" \/>\t\t<\/div>\n\t\t\n\t\t\t<div class=\"teft-card__content-wrapper\">\n\t\t\t\t<div class=\"teft-card__secondary\">\n\t\t\t\t\t\n\t\t\t\t\t\t\t\t<div class=\"teft-card__meta\">\n\t\t\t\t\t\t\t\t\t<span class=\"post-date\">10. apr 2026<\/span>\n\n\t\t\t\t\t\t\t\t\t\t\t\t\t\t\t\t\t<\/div>\n\t\t\t\t\t\t\t\t\t\t\t<\/div>\n\n\t\t\t\t<div class=\"teft-card__primary\">\n\t\t\t\t\t<h2 class=\"teft-card__title\">D\u00f8li skole snur utviklingen \u2013 elevene l\u00e6rer mer enn f\u00f8r&nbsp;<span class=\"teft-card__primary-title-append\"><\/span><\/h2>\t\t\t\t<\/div>\n\t\t\t<\/div>\n\t\t<\/a>\n\t<\/div>\n\n\t<\/div><\/div>\t<\/div>\n<\/div>\n","protected":false},"excerpt":{"rendered":"","protected":false},"author":17334,"featured_media":0,"comment_status":"closed","ping_status":"closed","sticky":false,"template":"","format":"standard","meta":{"teft_cards_image_url":"","teft_cards_custom_pretitle":"","teft_cards_image_id":420,"teft_cards_image_focal_point_x":0.5,"teft_cards_image_focal_point_y":0.5,"teft_cards_title":"","teft_cards_excerpt":"","teft_show_chapters":false,"author_display_name":"","footnotes":""},"category":[1],"post_tag":[],"hoyre-visibility":[],"article-type":[],"politician":[],"class_list":["post-418","post","type-post","status-publish","format-standard","hentry","category-ukategorisert"],"yoast_head":"<!-- This site is optimized with the Yoast SEO plugin v26.6 - https:\/\/yoast.com\/wordpress\/plugins\/seo\/ -->\n<title>Skolekapasitet - Ullensaker H\u00f8yre<\/title>\n<meta name=\"robots\" content=\"index, follow, max-snippet:-1, max-image-preview:large, max-video-preview:-1\" \/>\n<link rel=\"canonical\" href=\"https:\/\/hoyre.no\/ullensaker\/aktuelt\/skolekapasitet\/\" \/>\n<meta property=\"og:locale\" content=\"nb_NO\" \/>\n<meta property=\"og:type\" content=\"article\" \/>\n<meta property=\"og:title\" content=\"Skolekapasitet - Ullensaker H\u00f8yre\" \/>\n<meta property=\"og:url\" content=\"https:\/\/hoyre.no\/ullensaker\/aktuelt\/skolekapasitet\/\" \/>\n<meta property=\"og:site_name\" content=\"Ullensaker H\u00f8yre\" \/>\n<meta property=\"article:published_time\" content=\"2023-08-01T13:03:50+00:00\" \/>\n<meta property=\"og:image\" content=\"https:\/\/hoyre.no\/content\/uploads\/sites\/159\/2025\/01\/748a6af0-ec1c-40f8-b919-a53b6760b312.jpg\" \/>\n<meta name=\"author\" content=\"Nina Merete Ellingsen\" \/>\n<meta name=\"twitter:card\" content=\"summary_large_image\" \/>\n<meta name=\"twitter:label1\" content=\"Skrevet av\" \/>\n\t<meta name=\"twitter:data1\" content=\"Nina Merete Ellingsen\" \/>\n\t<meta name=\"twitter:label2\" content=\"Ansl. lesetid\" \/>\n\t<meta name=\"twitter:data2\" content=\"2 minutter\" \/>\n<script type=\"application\/ld+json\" class=\"yoast-schema-graph\">{\"@context\":\"https:\/\/schema.org\",\"@graph\":[{\"@type\":\"NewsArticle\",\"@id\":\"https:\/\/hoyre.no\/ullensaker\/aktuelt\/skolekapasitet\/\",\"url\":\"https:\/\/hoyre.no\/ullensaker\/aktuelt\/skolekapasitet\/\",\"name\":\"Skolekapasitet - Ullensaker H\u00f8yre\",\"isPartOf\":{\"@id\":\"https:\/\/hoyre.no\/ullensaker\/#website\"},\"datePublished\":\"2023-08-01T13:03:50+00:00\",\"author\":{\"@id\":\"https:\/\/hoyre.no\/ullensaker\/#\/schema\/person\/206964e2f2f1f13ddeced1d79573934a\"},\"breadcrumb\":{\"@id\":\"https:\/\/hoyre.no\/ullensaker\/aktuelt\/skolekapasitet\/#breadcrumb\"},\"inLanguage\":\"nb-NO\",\"potentialAction\":[{\"@type\":\"ReadAction\",\"target\":[\"https:\/\/hoyre.no\/ullensaker\/aktuelt\/skolekapasitet\/\"]}]},{\"@type\":\"BreadcrumbList\",\"@id\":\"https:\/\/hoyre.no\/ullensaker\/aktuelt\/skolekapasitet\/#breadcrumb\",\"itemListElement\":[{\"@type\":\"ListItem\",\"position\":1,\"name\":\"Til hoyre.no\",\"item\":\"https:\/\/hoyre.no\"},{\"@type\":\"ListItem\",\"position\":2,\"name\":\"Hjem\",\"item\":\"https:\/\/hoyre.no\/ullensaker\/\"},{\"@type\":\"ListItem\",\"position\":3,\"name\":\"Skolekapasitet\"}]},{\"@type\":\"WebSite\",\"@id\":\"https:\/\/hoyre.no\/ullensaker\/#website\",\"url\":\"https:\/\/hoyre.no\/ullensaker\/\",\"name\":\"Ullensaker H\u00f8yre\",\"description\":\"Bare enda et H\u00f8yres nettsteder-nettsted\",\"inLanguage\":\"nb-NO\"},{\"@type\":\"Person\",\"@id\":\"https:\/\/hoyre.no\/ullensaker\/#\/schema\/person\/206964e2f2f1f13ddeced1d79573934a\",\"name\":\"Nina Merete Ellingsen\",\"image\":{\"@type\":\"ImageObject\",\"inLanguage\":\"nb-NO\",\"@id\":\"https:\/\/hoyre.no\/ullensaker\/#\/schema\/person\/image\/\",\"url\":\"https:\/\/secure.gravatar.com\/avatar\/69a8a747f5981237f6fefdfb9e5fc1efac63c5dfe485f43c11db3c5075b6a7f6?s=96&d=mm&r=g\",\"contentUrl\":\"https:\/\/secure.gravatar.com\/avatar\/69a8a747f5981237f6fefdfb9e5fc1efac63c5dfe485f43c11db3c5075b6a7f6?s=96&d=mm&r=g\",\"caption\":\"Nina Merete Ellingsen\"},\"url\":\"https:\/\/hoyre.no\/ullensaker\/aktuelt\/author\/m50474899\/\"}]}<\/script>\n<!-- \/ Yoast SEO plugin. -->","yoast_head_json":{"title":"Skolekapasitet - Ullensaker H\u00f8yre","robots":{"index":"index","follow":"follow","max-snippet":"max-snippet:-1","max-image-preview":"max-image-preview:large","max-video-preview":"max-video-preview:-1"},"canonical":"https:\/\/hoyre.no\/ullensaker\/aktuelt\/skolekapasitet\/","og_locale":"nb_NO","og_type":"article","og_title":"Skolekapasitet - Ullensaker H\u00f8yre","og_url":"https:\/\/hoyre.no\/ullensaker\/aktuelt\/skolekapasitet\/","og_site_name":"Ullensaker H\u00f8yre","article_published_time":"2023-08-01T13:03:50+00:00","og_image":[{"url":"https:\/\/hoyre.no\/content\/uploads\/sites\/159\/2025\/01\/748a6af0-ec1c-40f8-b919-a53b6760b312.jpg","width":"","height":"","type":""}],"author":"Nina Merete Ellingsen","twitter_card":"summary_large_image","twitter_misc":{"Skrevet av":"Nina Merete Ellingsen","Ansl. lesetid":"2 minutter"},"schema":{"@context":"https:\/\/schema.org","@graph":[{"@type":"NewsArticle","@id":"https:\/\/hoyre.no\/ullensaker\/aktuelt\/skolekapasitet\/","url":"https:\/\/hoyre.no\/ullensaker\/aktuelt\/skolekapasitet\/","name":"Skolekapasitet - Ullensaker H\u00f8yre","isPartOf":{"@id":"https:\/\/hoyre.no\/ullensaker\/#website"},"datePublished":"2023-08-01T13:03:50+00:00","author":{"@id":"https:\/\/hoyre.no\/ullensaker\/#\/schema\/person\/206964e2f2f1f13ddeced1d79573934a"},"breadcrumb":{"@id":"https:\/\/hoyre.no\/ullensaker\/aktuelt\/skolekapasitet\/#breadcrumb"},"inLanguage":"nb-NO","potentialAction":[{"@type":"ReadAction","target":["https:\/\/hoyre.no\/ullensaker\/aktuelt\/skolekapasitet\/"]}]},{"@type":"BreadcrumbList","@id":"https:\/\/hoyre.no\/ullensaker\/aktuelt\/skolekapasitet\/#breadcrumb","itemListElement":[{"@type":"ListItem","position":1,"name":"Til hoyre.no","item":"https:\/\/hoyre.no"},{"@type":"ListItem","position":2,"name":"Hjem","item":"https:\/\/hoyre.no\/ullensaker\/"},{"@type":"ListItem","position":3,"name":"Skolekapasitet"}]},{"@type":"WebSite","@id":"https:\/\/hoyre.no\/ullensaker\/#website","url":"https:\/\/hoyre.no\/ullensaker\/","name":"Ullensaker H\u00f8yre","description":"Bare enda et H\u00f8yres nettsteder-nettsted","inLanguage":"nb-NO"},{"@type":"Person","@id":"https:\/\/hoyre.no\/ullensaker\/#\/schema\/person\/206964e2f2f1f13ddeced1d79573934a","name":"Nina Merete Ellingsen","image":{"@type":"ImageObject","inLanguage":"nb-NO","@id":"https:\/\/hoyre.no\/ullensaker\/#\/schema\/person\/image\/","url":"https:\/\/secure.gravatar.com\/avatar\/69a8a747f5981237f6fefdfb9e5fc1efac63c5dfe485f43c11db3c5075b6a7f6?s=96&d=mm&r=g","contentUrl":"https:\/\/secure.gravatar.com\/avatar\/69a8a747f5981237f6fefdfb9e5fc1efac63c5dfe485f43c11db3c5075b6a7f6?s=96&d=mm&r=g","caption":"Nina Merete Ellingsen"},"url":"https:\/\/hoyre.no\/ullensaker\/aktuelt\/author\/m50474899\/"}]}},"distributor_meta":false,"distributor_terms":false,"distributor_media":false,"distributor_original_site_name":"Ullensaker H\u00f8yre","distributor_original_site_url":"https:\/\/hoyre.no\/ullensaker","push-errors":false,"_links":{"self":[{"href":"https:\/\/hoyre.no\/ullensaker\/wp-json\/wp\/v2\/posts\/418","targetHints":{"allow":["GET"]}}],"collection":[{"href":"https:\/\/hoyre.no\/ullensaker\/wp-json\/wp\/v2\/posts"}],"about":[{"href":"https:\/\/hoyre.no\/ullensaker\/wp-json\/wp\/v2\/types\/post"}],"author":[{"embeddable":true,"href":"https:\/\/hoyre.no\/ullensaker\/wp-json\/wp\/v2\/users\/17334"}],"replies":[{"embeddable":true,"href":"https:\/\/hoyre.no\/ullensaker\/wp-json\/wp\/v2\/comments?post=418"}],"version-history":[{"count":2,"href":"https:\/\/hoyre.no\/ullensaker\/wp-json\/wp\/v2\/posts\/418\/revisions"}],"predecessor-version":[{"id":422,"href":"https:\/\/hoyre.no\/ullensaker\/wp-json\/wp\/v2\/posts\/418\/revisions\/422"}],"wp:attachment":[{"href":"https:\/\/hoyre.no\/ullensaker\/wp-json\/wp\/v2\/media?parent=418"}],"wp:term":[{"taxonomy":"category","embeddable":true,"href":"https:\/\/hoyre.no\/ullensaker\/wp-json\/wp\/v2\/category?post=418"},{"taxonomy":"post_tag","embeddable":true,"href":"https:\/\/hoyre.no\/ullensaker\/wp-json\/wp\/v2\/post_tag?post=418"},{"taxonomy":"hoyre-visibility","embeddable":true,"href":"https:\/\/hoyre.no\/ullensaker\/wp-json\/wp\/v2\/hoyre-visibility?post=418"},{"taxonomy":"article-type","embeddable":true,"href":"https:\/\/hoyre.no\/ullensaker\/wp-json\/wp\/v2\/article-type?post=418"},{"taxonomy":"politician","embeddable":true,"href":"https:\/\/hoyre.no\/ullensaker\/wp-json\/wp\/v2\/politician?post=418"}],"curies":[{"name":"wp","href":"https:\/\/api.w.org\/{rel}","templated":true}]}}