{"id":87,"date":"2018-01-20T23:00:00","date_gmt":"2018-01-20T22:00:00","guid":{"rendered":"https:\/\/hoyre.no\/ullensaker\/aktuelt\/partiprogram-ullensa\/"},"modified":"2018-01-20T23:00:00","modified_gmt":"2018-01-20T22:00:00","slug":"partiprogram-ullensa","status":"publish","type":"post","link":"https:\/\/hoyre.no\/ullensaker\/aktuelt\/partiprogram-ullensa\/","title":{"rendered":"Partiprogram Ullensaker 2019-2023"},"content":{"rendered":"<p class=\"preamble\">Programkomiteen har n\u00e5 startet arbeidet med partiprogrammet for Ullensaker H\u00f8yre for perioden 2019-2023.Vi trenger dine innspill til v\u00e5rt partiprogram!<\/p>\t\t\t<div class=\"post-meta wp-block teft-byline-wrapper\">\n\t\t\t\t<div class=\"top\">\n\t\t\t\t\t<div class=\"signature\">\n\t\t\t\t\t\t<div class=\"teft-byline\">\n\t\t\t\t\t\t\t\t\t\t\t\t\t\t<div>\n\t\t\t\t\t\t\t\t<h3>H\u00f8yres redaksjon<\/h3>\t\t\t\t\t\t\t\t\n\t\t\t\t\t\t\t\t\t\t\t\t\t\t\t\t\t<span class=\"date\">Sist oppdatert: 20. januar 2018<\/span>\n\t\t\t\t\t\t\t\t\t\t\t\t\t\t\t\t\t\t\t\t\t\t\t\t\t<span class=\"reading-time\" itemprop=\"timeRequired\" content=\"PT1M\"><em>Ca. 1 minutter lesetid<\/em><\/span>\n\t\t\t\t\t\t\t\t\t\t\t\t\t\t\t<\/div>\n\t\t\t\t\t\t<\/div>\n\t\t\t\t\t<\/div>\n\t\t\t\t\t\t<div class=\"sharing\">\n\t\t<a class=\"share-button share-link copy-link\" data-copy=\"https:\/\/hoyre.no\/ullensaker\/aktuelt\/partiprogram-ullensa\/\" target=\"_blank\"><span class=\"screen-reader-text\">Del link<\/span><\/a>\n\t\t<a class=\"share-button share-twitter\" href=\"http:\/\/twitter.com\/share?text=Partiprogram Ullensaker 2019-2023&#038;url=https:\/\/hoyre.no\/ullensaker\/aktuelt\/partiprogram-ullensa\/&#038;hashtags=Hoyre\" target=\"_blank\"><span class=\"screen-reader-text\">Del p\u00e5 twitter<\/span><\/a>\n\t\t<a class=\"share-button share-facebook\" href=\"https:\/\/www.facebook.com\/sharer\/sharer.php?u=https:\/\/hoyre.no\/ullensaker\/aktuelt\/partiprogram-ullensa\/\" target=\"_blank\"><span class=\"screen-reader-text\">Del p\u00e5 facebook<\/span><\/a>\n\t<\/div>\n\t\t\t\t\t<\/div>\n\t\t\t<\/div>\n\n\t\t\t<figure class=\"hoyre-image-wrapper\"><div class=\"hoyre-image\"><img loading=\"lazy\" decoding=\"async\" width=\"880\" height=\"768\" src=\"https:\/\/hoyre.no\/content\/uploads\/sites\/159\/2020\/11\/51886315.jpg\" class=\"attachment-scaled size-scaled\" alt=\"\" style=\"object-position: 50% 50%\" srcset=\"https:\/\/hoyre.no\/content\/uploads\/sites\/159\/2020\/11\/51886315.jpg 880w, https:\/\/hoyre.no\/content\/uploads\/sites\/159\/2020\/11\/51886315-300x262.jpg 300w, https:\/\/hoyre.no\/content\/uploads\/sites\/159\/2020\/11\/51886315-768x670.jpg 768w\" sizes=\"auto, (max-width: 880px) 100vw, 880px\" \/><\/div><\/figure><div id=\"hoyre-old-article-content-wrapper\"><p>Vi er halvveis i perioden 2015-2019 for Ullensaker Kommune. H\u00f8yre hadde 100 saker p\u00e5 partiprogrammet for denne perioden. 80 av disse er s\u00e5 langt oppn\u00e5dd og fokus ligger p\u00e5 resten f\u00f8r perioden er over. <\/p><p>N\u00e5 er det tid for \u00e5 planlegge hvilke saker Ullensaker H\u00f8yre skal ha fokus p\u00e5 for perioden 2019-2023. Vi \u00f8nsker innspill fra innbyggerne i Ullensaker p\u00e5 hva som er viktig der du bor. Du kan kontakte oss p\u00e5 tlf eller email. Informasjon finner du her. <a href=\"https:\/\/hoyre.no\/akershus\/ullensaker\/politikere\/\">https:\/\/hoyre.no\/akershus\/ullensaker\/politikere\/<\/a><\/p><p>Vi holder ogs\u00e5 \u00e5pne m\u00f8ter hver m\u00e5ned p\u00e5 Peppes p\u00e5 Jessheim hvor du er hjertelig velkommen. Se v\u00e5r kalender her. <a href=\"https:\/\/hoyre.no\/akershus\/ullensaker\/kalender\/\">https:\/\/hoyre.no\/akershus\/ullensaker\/kalender\/<\/a><\/p><p>Ta kontakt med oss da vel. Det kan v\u00e6re din sak som kommer i programmet!<\/p><p>Flemming Graversen<br \/>1.Nestleder<br \/>Ullensaker H\u00f8yre<br \/><\/p><p><\/p><p><\/p><p><br \/><\/p><\/div>\n<div class=\"tags\">\n\t<\/div>\n<div class=\"post-footer alignfull has-background block-editor-block-list__block\" data-align=full>\n\t<div class=\"post-footer-inner\">\n\t\t<h3>Relaterte artikler<\/h3>\n\t\t<div class=\"related-content\"><div class=\"is-card-hoyre\">\n\t<div class=\"teft-card hoyre-teft-card post-teft-card\">\n\t\t<a href=\"https:\/\/hoyre.no\/ullensaker\/aktuelt\/lene-kathrine-hakonsen-ny-gruppeleder-i-ullensaker-hoyre\/\" class=\"teft-card__primary-action\">\n\n\t\t\t\t\t<div class=\"teft-card__media teft-card__media--16-9\">\n\t\t\t\t\t\t<img loading=\"lazy\" decoding=\"async\" width=\"768\" height=\"387\" src=\"https:\/\/hoyre.no\/content\/uploads\/sites\/159\/2026\/04\/lene_willy-768x387.png\" class=\"attachment-medium_large size-medium_large\" alt=\"\" srcset=\"https:\/\/hoyre.no\/content\/uploads\/sites\/159\/2026\/04\/lene_willy-768x387.png 768w, https:\/\/hoyre.no\/content\/uploads\/sites\/159\/2026\/04\/lene_willy-300x151.png 300w, https:\/\/hoyre.no\/content\/uploads\/sites\/159\/2026\/04\/lene_willy-1024x516.png 1024w, https:\/\/hoyre.no\/content\/uploads\/sites\/159\/2026\/04\/lene_willy-1536x773.png 1536w, https:\/\/hoyre.no\/content\/uploads\/sites\/159\/2026\/04\/lene_willy.png 1543w\" sizes=\"auto, (max-width: 768px) 100vw, 768px\" \/>\t\t<\/div>\n\t\t\n\t\t\t<div class=\"teft-card__content-wrapper\">\n\t\t\t\t<div class=\"teft-card__secondary\">\n\t\t\t\t\t\n\t\t\t\t\t\t\t\t<div class=\"teft-card__meta\">\n\t\t\t\t\t\t\t\t\t<span class=\"post-date\">28. apr 2026<\/span>\n\n\t\t\t\t\t\t\t\t\t\t\t\t\t\t\t\t\t<\/div>\n\t\t\t\t\t\t\t\t\t\t\t<\/div>\n\n\t\t\t\t<div class=\"teft-card__primary\">\n\t\t\t\t\t<h2 class=\"teft-card__title\">Lene Kathrine H\u00e5konsen ny gruppeleder i Ullensaker H\u00f8yre&nbsp;<span class=\"teft-card__primary-title-append\"><\/span><\/h2>\t\t\t\t<\/div>\n\t\t\t<\/div>\n\t\t<\/a>\n\t<\/div>\n\n\t<\/div><div class=\"is-card-hoyre\">\n\t<div class=\"teft-card hoyre-teft-card post-teft-card\">\n\t\t<a href=\"https:\/\/hoyre.no\/ullensaker\/aktuelt\/kvinnehelse-ma-tas-pa-alvor-ogsa-i-overgangsalderen\/\" class=\"teft-card__primary-action\">\n\n\t\t\t\t\t<div class=\"teft-card__media teft-card__media--16-9\">\n\t\t\t\t\t\t<img loading=\"lazy\" decoding=\"async\" width=\"768\" height=\"981\" src=\"https:\/\/hoyre.no\/content\/uploads\/sites\/159\/2025\/01\/8ff55e0f-fa82-44a6-9992-80b32935c7ac-768x981.jpg\" class=\"attachment-medium_large size-medium_large\" alt=\"Anne-Stine Roksvaag\" srcset=\"https:\/\/hoyre.no\/content\/uploads\/sites\/159\/2025\/01\/8ff55e0f-fa82-44a6-9992-80b32935c7ac-768x981.jpg 768w, https:\/\/hoyre.no\/content\/uploads\/sites\/159\/2025\/01\/8ff55e0f-fa82-44a6-9992-80b32935c7ac-235x300.jpg 235w, https:\/\/hoyre.no\/content\/uploads\/sites\/159\/2025\/01\/8ff55e0f-fa82-44a6-9992-80b32935c7ac.jpg 802w\" sizes=\"auto, (max-width: 768px) 100vw, 768px\" \/>\t\t<\/div>\n\t\t\n\t\t\t<div class=\"teft-card__content-wrapper\">\n\t\t\t\t<div class=\"teft-card__secondary\">\n\t\t\t\t\t\n\t\t\t\t\t\t\t\t<div class=\"teft-card__meta\">\n\t\t\t\t\t\t\t\t\t<span class=\"post-date\">21. apr 2026<\/span>\n\n\t\t\t\t\t\t\t\t\t\t\t\t\t\t\t\t\t<\/div>\n\t\t\t\t\t\t\t\t\t\t\t<\/div>\n\n\t\t\t\t<div class=\"teft-card__primary\">\n\t\t\t\t\t<h2 class=\"teft-card__title\">Kvinnehelse m\u00e5 tas p\u00e5 alvor \u2013 ogs\u00e5 i overgangsalderen&nbsp;<span class=\"teft-card__primary-title-append\"><\/span><\/h2>\t\t\t\t<\/div>\n\t\t\t<\/div>\n\t\t<\/a>\n\t<\/div>\n\n\t<\/div><div class=\"is-card-hoyre\">\n\t<div class=\"teft-card hoyre-teft-card post-teft-card\">\n\t\t<a href=\"https:\/\/hoyre.no\/ullensaker\/aktuelt\/doli-skole-snur-utviklingen-elevene-laerer-mer-enn-for\/\" class=\"teft-card__primary-action\">\n\n\t\t\t\t\t<div class=\"teft-card__media teft-card__media--16-9\">\n\t\t\t\t\t\t<img loading=\"lazy\" decoding=\"async\" width=\"768\" height=\"1023\" src=\"https:\/\/hoyre.no\/content\/uploads\/sites\/159\/2025\/01\/748a6af0-ec1c-40f8-b919-a53b6760b312.jpg\" class=\"attachment-medium_large size-medium_large\" alt=\"\" srcset=\"https:\/\/hoyre.no\/content\/uploads\/sites\/159\/2025\/01\/748a6af0-ec1c-40f8-b919-a53b6760b312.jpg 768w, https:\/\/hoyre.no\/content\/uploads\/sites\/159\/2025\/01\/748a6af0-ec1c-40f8-b919-a53b6760b312-225x300.jpg 225w\" sizes=\"auto, (max-width: 768px) 100vw, 768px\" \/>\t\t<\/div>\n\t\t\n\t\t\t<div class=\"teft-card__content-wrapper\">\n\t\t\t\t<div class=\"teft-card__secondary\">\n\t\t\t\t\t\n\t\t\t\t\t\t\t\t<div class=\"teft-card__meta\">\n\t\t\t\t\t\t\t\t\t<span class=\"post-date\">10. apr 2026<\/span>\n\n\t\t\t\t\t\t\t\t\t\t\t\t\t\t\t\t\t<\/div>\n\t\t\t\t\t\t\t\t\t\t\t<\/div>\n\n\t\t\t\t<div class=\"teft-card__primary\">\n\t\t\t\t\t<h2 class=\"teft-card__title\">D\u00f8li skole snur utviklingen \u2013 elevene l\u00e6rer mer enn f\u00f8r&nbsp;<span class=\"teft-card__primary-title-append\"><\/span><\/h2>\t\t\t\t<\/div>\n\t\t\t<\/div>\n\t\t<\/a>\n\t<\/div>\n\n\t<\/div><\/div>\t<\/div>\n<\/div>\n","protected":false},"excerpt":{"rendered":"","protected":false},"author":0,"featured_media":0,"comment_status":"closed","ping_status":"closed","sticky":false,"template":"","format":"standard","meta":{"teft_cards_image_url":"https:\/\/hoyre.no\/content\/uploads\/sites\/159\/2020\/11\/51886315.jpg","teft_cards_custom_pretitle":"","teft_cards_image_id":86,"teft_cards_image_focal_point_x":0,"teft_cards_image_focal_point_y":0,"teft_cards_title":"","teft_cards_excerpt":"","teft_show_chapters":false,"author_display_name":"Flemming Graversen, 1. Nestleder Ullensaker H\u00f8yre","footnotes":""},"category":[1],"post_tag":[],"hoyre-visibility":[],"article-type":[],"politician":[],"class_list":["post-87","post","type-post","status-publish","format-standard","hentry","category-ukategorisert"],"yoast_head":"<!-- This site is optimized with the Yoast SEO plugin v26.6 - https:\/\/yoast.com\/wordpress\/plugins\/seo\/ -->\n<title>Partiprogram Ullensaker 2019-2023 - Ullensaker H\u00f8yre<\/title>\n<meta name=\"robots\" content=\"index, follow, max-snippet:-1, max-image-preview:large, max-video-preview:-1\" \/>\n<link rel=\"canonical\" href=\"https:\/\/hoyre.no\/ullensaker\/aktuelt\/partiprogram-ullensa\/\" \/>\n<meta property=\"og:locale\" content=\"nb_NO\" \/>\n<meta property=\"og:type\" content=\"article\" \/>\n<meta property=\"og:title\" content=\"Partiprogram Ullensaker 2019-2023 - Ullensaker H\u00f8yre\" \/>\n<meta property=\"og:url\" content=\"https:\/\/hoyre.no\/ullensaker\/aktuelt\/partiprogram-ullensa\/\" \/>\n<meta property=\"og:site_name\" content=\"Ullensaker H\u00f8yre\" \/>\n<meta property=\"article:published_time\" content=\"2018-01-20T22:00:00+00:00\" \/>\n<meta property=\"og:image\" content=\"https:\/\/hoyre.no\/content\/uploads\/sites\/159\/2025\/01\/748a6af0-ec1c-40f8-b919-a53b6760b312.jpg\" \/>\n<meta name=\"twitter:card\" content=\"summary_large_image\" \/>\n<meta name=\"twitter:label1\" content=\"Ansl. lesetid\" \/>\n\t<meta name=\"twitter:data1\" content=\"1 minutt\" \/>\n<script type=\"application\/ld+json\" class=\"yoast-schema-graph\">{\"@context\":\"https:\/\/schema.org\",\"@graph\":[{\"@type\":\"NewsArticle\",\"@id\":\"https:\/\/hoyre.no\/ullensaker\/aktuelt\/partiprogram-ullensa\/\",\"url\":\"https:\/\/hoyre.no\/ullensaker\/aktuelt\/partiprogram-ullensa\/\",\"name\":\"Partiprogram Ullensaker 2019-2023 - Ullensaker H\u00f8yre\",\"isPartOf\":{\"@id\":\"https:\/\/hoyre.no\/ullensaker\/#website\"},\"datePublished\":\"2018-01-20T22:00:00+00:00\",\"author\":{\"@id\":\"\"},\"breadcrumb\":{\"@id\":\"https:\/\/hoyre.no\/ullensaker\/aktuelt\/partiprogram-ullensa\/#breadcrumb\"},\"inLanguage\":\"nb-NO\",\"potentialAction\":[{\"@type\":\"ReadAction\",\"target\":[\"https:\/\/hoyre.no\/ullensaker\/aktuelt\/partiprogram-ullensa\/\"]}]},{\"@type\":\"BreadcrumbList\",\"@id\":\"https:\/\/hoyre.no\/ullensaker\/aktuelt\/partiprogram-ullensa\/#breadcrumb\",\"itemListElement\":[{\"@type\":\"ListItem\",\"position\":1,\"name\":\"Til hoyre.no\",\"item\":\"https:\/\/hoyre.no\"},{\"@type\":\"ListItem\",\"position\":2,\"name\":\"Hjem\",\"item\":\"https:\/\/hoyre.no\/ullensaker\/\"},{\"@type\":\"ListItem\",\"position\":3,\"name\":\"Partiprogram Ullensaker 2019-2023\"}]},{\"@type\":\"WebSite\",\"@id\":\"https:\/\/hoyre.no\/ullensaker\/#website\",\"url\":\"https:\/\/hoyre.no\/ullensaker\/\",\"name\":\"Ullensaker H\u00f8yre\",\"description\":\"Bare enda et H\u00f8yres nettsteder-nettsted\",\"inLanguage\":\"nb-NO\"}]}<\/script>\n<!-- \/ Yoast SEO plugin. -->","yoast_head_json":{"title":"Partiprogram Ullensaker 2019-2023 - Ullensaker H\u00f8yre","robots":{"index":"index","follow":"follow","max-snippet":"max-snippet:-1","max-image-preview":"max-image-preview:large","max-video-preview":"max-video-preview:-1"},"canonical":"https:\/\/hoyre.no\/ullensaker\/aktuelt\/partiprogram-ullensa\/","og_locale":"nb_NO","og_type":"article","og_title":"Partiprogram Ullensaker 2019-2023 - Ullensaker H\u00f8yre","og_url":"https:\/\/hoyre.no\/ullensaker\/aktuelt\/partiprogram-ullensa\/","og_site_name":"Ullensaker H\u00f8yre","article_published_time":"2018-01-20T22:00:00+00:00","og_image":[{"url":"https:\/\/hoyre.no\/content\/uploads\/sites\/159\/2025\/01\/748a6af0-ec1c-40f8-b919-a53b6760b312.jpg","width":"","height":"","type":""}],"twitter_card":"summary_large_image","twitter_misc":{"Ansl. lesetid":"1 minutt"},"schema":{"@context":"https:\/\/schema.org","@graph":[{"@type":"NewsArticle","@id":"https:\/\/hoyre.no\/ullensaker\/aktuelt\/partiprogram-ullensa\/","url":"https:\/\/hoyre.no\/ullensaker\/aktuelt\/partiprogram-ullensa\/","name":"Partiprogram Ullensaker 2019-2023 - Ullensaker H\u00f8yre","isPartOf":{"@id":"https:\/\/hoyre.no\/ullensaker\/#website"},"datePublished":"2018-01-20T22:00:00+00:00","author":{"@id":""},"breadcrumb":{"@id":"https:\/\/hoyre.no\/ullensaker\/aktuelt\/partiprogram-ullensa\/#breadcrumb"},"inLanguage":"nb-NO","potentialAction":[{"@type":"ReadAction","target":["https:\/\/hoyre.no\/ullensaker\/aktuelt\/partiprogram-ullensa\/"]}]},{"@type":"BreadcrumbList","@id":"https:\/\/hoyre.no\/ullensaker\/aktuelt\/partiprogram-ullensa\/#breadcrumb","itemListElement":[{"@type":"ListItem","position":1,"name":"Til hoyre.no","item":"https:\/\/hoyre.no"},{"@type":"ListItem","position":2,"name":"Hjem","item":"https:\/\/hoyre.no\/ullensaker\/"},{"@type":"ListItem","position":3,"name":"Partiprogram Ullensaker 2019-2023"}]},{"@type":"WebSite","@id":"https:\/\/hoyre.no\/ullensaker\/#website","url":"https:\/\/hoyre.no\/ullensaker\/","name":"Ullensaker H\u00f8yre","description":"Bare enda et H\u00f8yres nettsteder-nettsted","inLanguage":"nb-NO"}]}},"distributor_meta":false,"distributor_terms":false,"distributor_media":false,"distributor_original_site_name":"Ullensaker H\u00f8yre","distributor_original_site_url":"https:\/\/hoyre.no\/ullensaker","push-errors":false,"_links":{"self":[{"href":"https:\/\/hoyre.no\/ullensaker\/wp-json\/wp\/v2\/posts\/87","targetHints":{"allow":["GET"]}}],"collection":[{"href":"https:\/\/hoyre.no\/ullensaker\/wp-json\/wp\/v2\/posts"}],"about":[{"href":"https:\/\/hoyre.no\/ullensaker\/wp-json\/wp\/v2\/types\/post"}],"replies":[{"embeddable":true,"href":"https:\/\/hoyre.no\/ullensaker\/wp-json\/wp\/v2\/comments?post=87"}],"version-history":[{"count":0,"href":"https:\/\/hoyre.no\/ullensaker\/wp-json\/wp\/v2\/posts\/87\/revisions"}],"wp:attachment":[{"href":"https:\/\/hoyre.no\/ullensaker\/wp-json\/wp\/v2\/media?parent=87"}],"wp:term":[{"taxonomy":"category","embeddable":true,"href":"https:\/\/hoyre.no\/ullensaker\/wp-json\/wp\/v2\/category?post=87"},{"taxonomy":"post_tag","embeddable":true,"href":"https:\/\/hoyre.no\/ullensaker\/wp-json\/wp\/v2\/post_tag?post=87"},{"taxonomy":"hoyre-visibility","embeddable":true,"href":"https:\/\/hoyre.no\/ullensaker\/wp-json\/wp\/v2\/hoyre-visibility?post=87"},{"taxonomy":"article-type","embeddable":true,"href":"https:\/\/hoyre.no\/ullensaker\/wp-json\/wp\/v2\/article-type?post=87"},{"taxonomy":"politician","embeddable":true,"href":"https:\/\/hoyre.no\/ullensaker\/wp-json\/wp\/v2\/politician?post=87"}],"curies":[{"name":"wp","href":"https:\/\/api.w.org\/{rel}","templated":true}]}}