{"id":92,"date":"2019-05-28T22:00:00","date_gmt":"2019-05-28T20:00:00","guid":{"rendered":"https:\/\/hoyre.no\/ullensaker\/aktuelt\/programmote_ullensaker_hoyre\/"},"modified":"2019-05-28T22:00:00","modified_gmt":"2019-05-28T20:00:00","slug":"programmote_ullensaker_hoyre","status":"publish","type":"post","link":"https:\/\/hoyre.no\/ullensaker\/aktuelt\/programmote_ullensaker_hoyre\/","title":{"rendered":"Programm\u00f8te &#8211; Ullensaker H\u00f8yre"},"content":{"rendered":"<p class=\"preamble\">Ullensaker H\u00f8yre inviterer alle medlemmer til medlemsm\u00f8te 11. juni for gjennomgang av forslag til partiprogram for h\u00f8stens lokalvalg og godkjenning av dette.<\/p><div id=\"hoyre-old-article-content-wrapper\"><div><div><div>Programutkastet ligger vedlagt i denne artikkelen.<\/div><\/div><div><div><br \/><\/div><\/div><div><div>Sted: Ullensaker R\u00e5dhus &#8211; Kommunestyresalen.<\/div><\/div><div><div>Dato: 11. juni 2019<\/div><\/div><div><div>Klokken: 19:00 &#8211; vi er ferdige<\/div><\/div><div><div><br \/><\/div><\/div><div><div>Kj\u00f8replan:<\/div><\/div><div><div><br \/><\/div><\/div><div><div>&#8211; Velkommen v\/Willy Kvilten<\/div><\/div><div><div>&#8211; Gjennomgang av programutkast<\/div><\/div><div><div>&#8211; Diskusjon og innspill til programmet<\/div><\/div><div><div>&#8211; Godkjenning av Ullensaker H\u00f8yre sitt program for lokalvalget 2019<\/div><\/div><div><div>&#8211; Enkel servering (pizza)<\/div><\/div><div><div>&#8211; Avslutning v\/Willy Kvilten<\/div><\/div><div><div><br \/><\/div><\/div><div><div>Vennlig hilsen<\/div><\/div><div><div>Styret i Ullensaker H\u00f8yre<\/div><\/div><div><div>Sp\u00f8rsm\u00e5l: hans.petter.lindstad@gmail.com<\/div><\/div><div><br \/><\/div><\/div><\/div>\n<div class=\"tags\">\n\t<\/div>\n<div class=\"post-footer alignfull has-background block-editor-block-list__block\" data-align=full>\n\t<div class=\"post-footer-inner\">\n\t\t<h3>Relaterte artikler<\/h3>\n\t\t<div class=\"related-content\"><div class=\"is-card-hoyre\">\n\t<div class=\"teft-card hoyre-teft-card post-teft-card\">\n\t\t<a href=\"https:\/\/hoyre.no\/ullensaker\/aktuelt\/lene-kathrine-hakonsen-ny-gruppeleder-i-ullensaker-hoyre\/\" class=\"teft-card__primary-action\">\n\n\t\t\t\t\t<div class=\"teft-card__media teft-card__media--16-9\">\n\t\t\t\t\t\t<img loading=\"lazy\" decoding=\"async\" width=\"768\" height=\"387\" src=\"https:\/\/hoyre.no\/content\/uploads\/sites\/159\/2026\/04\/lene_willy-768x387.png\" class=\"attachment-medium_large size-medium_large\" alt=\"\" srcset=\"https:\/\/hoyre.no\/content\/uploads\/sites\/159\/2026\/04\/lene_willy-768x387.png 768w, https:\/\/hoyre.no\/content\/uploads\/sites\/159\/2026\/04\/lene_willy-300x151.png 300w, https:\/\/hoyre.no\/content\/uploads\/sites\/159\/2026\/04\/lene_willy-1024x516.png 1024w, https:\/\/hoyre.no\/content\/uploads\/sites\/159\/2026\/04\/lene_willy-1536x773.png 1536w, https:\/\/hoyre.no\/content\/uploads\/sites\/159\/2026\/04\/lene_willy.png 1543w\" sizes=\"auto, (max-width: 768px) 100vw, 768px\" \/>\t\t<\/div>\n\t\t\n\t\t\t<div class=\"teft-card__content-wrapper\">\n\t\t\t\t<div class=\"teft-card__secondary\">\n\t\t\t\t\t\n\t\t\t\t\t\t\t\t<div class=\"teft-card__meta\">\n\t\t\t\t\t\t\t\t\t<span class=\"post-date\">28. apr 2026<\/span>\n\n\t\t\t\t\t\t\t\t\t\t\t\t\t\t\t\t\t<\/div>\n\t\t\t\t\t\t\t\t\t\t\t<\/div>\n\n\t\t\t\t<div class=\"teft-card__primary\">\n\t\t\t\t\t<h2 class=\"teft-card__title\">Lene Kathrine H\u00e5konsen ny gruppeleder i Ullensaker H\u00f8yre&nbsp;<span class=\"teft-card__primary-title-append\"><\/span><\/h2>\t\t\t\t<\/div>\n\t\t\t<\/div>\n\t\t<\/a>\n\t<\/div>\n\n\t<\/div><div class=\"is-card-hoyre\">\n\t<div class=\"teft-card hoyre-teft-card post-teft-card\">\n\t\t<a href=\"https:\/\/hoyre.no\/ullensaker\/aktuelt\/kvinnehelse-ma-tas-pa-alvor-ogsa-i-overgangsalderen\/\" class=\"teft-card__primary-action\">\n\n\t\t\t\t\t<div class=\"teft-card__media teft-card__media--16-9\">\n\t\t\t\t\t\t<img loading=\"lazy\" decoding=\"async\" width=\"768\" height=\"981\" src=\"https:\/\/hoyre.no\/content\/uploads\/sites\/159\/2025\/01\/8ff55e0f-fa82-44a6-9992-80b32935c7ac-768x981.jpg\" class=\"attachment-medium_large size-medium_large\" alt=\"Anne-Stine Roksvaag\" srcset=\"https:\/\/hoyre.no\/content\/uploads\/sites\/159\/2025\/01\/8ff55e0f-fa82-44a6-9992-80b32935c7ac-768x981.jpg 768w, https:\/\/hoyre.no\/content\/uploads\/sites\/159\/2025\/01\/8ff55e0f-fa82-44a6-9992-80b32935c7ac-235x300.jpg 235w, https:\/\/hoyre.no\/content\/uploads\/sites\/159\/2025\/01\/8ff55e0f-fa82-44a6-9992-80b32935c7ac.jpg 802w\" sizes=\"auto, (max-width: 768px) 100vw, 768px\" \/>\t\t<\/div>\n\t\t\n\t\t\t<div class=\"teft-card__content-wrapper\">\n\t\t\t\t<div class=\"teft-card__secondary\">\n\t\t\t\t\t\n\t\t\t\t\t\t\t\t<div class=\"teft-card__meta\">\n\t\t\t\t\t\t\t\t\t<span class=\"post-date\">21. apr 2026<\/span>\n\n\t\t\t\t\t\t\t\t\t\t\t\t\t\t\t\t\t<\/div>\n\t\t\t\t\t\t\t\t\t\t\t<\/div>\n\n\t\t\t\t<div class=\"teft-card__primary\">\n\t\t\t\t\t<h2 class=\"teft-card__title\">Kvinnehelse m\u00e5 tas p\u00e5 alvor \u2013 ogs\u00e5 i overgangsalderen&nbsp;<span class=\"teft-card__primary-title-append\"><\/span><\/h2>\t\t\t\t<\/div>\n\t\t\t<\/div>\n\t\t<\/a>\n\t<\/div>\n\n\t<\/div><div class=\"is-card-hoyre\">\n\t<div class=\"teft-card hoyre-teft-card post-teft-card\">\n\t\t<a href=\"https:\/\/hoyre.no\/ullensaker\/aktuelt\/doli-skole-snur-utviklingen-elevene-laerer-mer-enn-for\/\" class=\"teft-card__primary-action\">\n\n\t\t\t\t\t<div class=\"teft-card__media teft-card__media--16-9\">\n\t\t\t\t\t\t<img loading=\"lazy\" decoding=\"async\" width=\"768\" height=\"1023\" src=\"https:\/\/hoyre.no\/content\/uploads\/sites\/159\/2025\/01\/748a6af0-ec1c-40f8-b919-a53b6760b312.jpg\" class=\"attachment-medium_large size-medium_large\" alt=\"\" srcset=\"https:\/\/hoyre.no\/content\/uploads\/sites\/159\/2025\/01\/748a6af0-ec1c-40f8-b919-a53b6760b312.jpg 768w, https:\/\/hoyre.no\/content\/uploads\/sites\/159\/2025\/01\/748a6af0-ec1c-40f8-b919-a53b6760b312-225x300.jpg 225w\" sizes=\"auto, (max-width: 768px) 100vw, 768px\" \/>\t\t<\/div>\n\t\t\n\t\t\t<div class=\"teft-card__content-wrapper\">\n\t\t\t\t<div class=\"teft-card__secondary\">\n\t\t\t\t\t\n\t\t\t\t\t\t\t\t<div class=\"teft-card__meta\">\n\t\t\t\t\t\t\t\t\t<span class=\"post-date\">10. apr 2026<\/span>\n\n\t\t\t\t\t\t\t\t\t\t\t\t\t\t\t\t\t<\/div>\n\t\t\t\t\t\t\t\t\t\t\t<\/div>\n\n\t\t\t\t<div class=\"teft-card__primary\">\n\t\t\t\t\t<h2 class=\"teft-card__title\">D\u00f8li skole snur utviklingen \u2013 elevene l\u00e6rer mer enn f\u00f8r&nbsp;<span class=\"teft-card__primary-title-append\"><\/span><\/h2>\t\t\t\t<\/div>\n\t\t\t<\/div>\n\t\t<\/a>\n\t<\/div>\n\n\t<\/div><\/div>\t<\/div>\n<\/div>\n","protected":false},"excerpt":{"rendered":"","protected":false},"author":0,"featured_media":0,"comment_status":"closed","ping_status":"closed","sticky":false,"template":"","format":"standard","meta":{"teft_cards_image_url":"","teft_cards_custom_pretitle":"","teft_cards_image_id":0,"teft_cards_image_focal_point_x":0,"teft_cards_image_focal_point_y":0,"teft_cards_title":"","teft_cards_excerpt":"","teft_show_chapters":false,"author_display_name":"Ullensaker H\u00f8yre","footnotes":""},"category":[1],"post_tag":[],"hoyre-visibility":[],"article-type":[],"politician":[],"class_list":["post-92","post","type-post","status-publish","format-standard","hentry","category-ukategorisert"],"yoast_head":"<!-- This site is optimized with the Yoast SEO plugin v26.6 - https:\/\/yoast.com\/wordpress\/plugins\/seo\/ -->\n<title>Programm\u00f8te - Ullensaker H\u00f8yre - Ullensaker H\u00f8yre<\/title>\n<meta name=\"robots\" content=\"index, follow, max-snippet:-1, max-image-preview:large, max-video-preview:-1\" \/>\n<link rel=\"canonical\" href=\"https:\/\/hoyre.no\/ullensaker\/aktuelt\/programmote_ullensaker_hoyre\/\" \/>\n<meta property=\"og:locale\" content=\"nb_NO\" \/>\n<meta property=\"og:type\" content=\"article\" \/>\n<meta property=\"og:title\" content=\"Programm\u00f8te - Ullensaker H\u00f8yre - Ullensaker H\u00f8yre\" \/>\n<meta property=\"og:url\" content=\"https:\/\/hoyre.no\/ullensaker\/aktuelt\/programmote_ullensaker_hoyre\/\" \/>\n<meta property=\"og:site_name\" content=\"Ullensaker H\u00f8yre\" \/>\n<meta property=\"article:published_time\" content=\"2019-05-28T20:00:00+00:00\" \/>\n<meta property=\"og:image\" content=\"https:\/\/hoyre.no\/content\/uploads\/sites\/159\/2025\/01\/748a6af0-ec1c-40f8-b919-a53b6760b312.jpg\" \/>\n<meta name=\"twitter:card\" content=\"summary_large_image\" \/>\n<script type=\"application\/ld+json\" class=\"yoast-schema-graph\">{\"@context\":\"https:\/\/schema.org\",\"@graph\":[{\"@type\":\"NewsArticle\",\"@id\":\"https:\/\/hoyre.no\/ullensaker\/aktuelt\/programmote_ullensaker_hoyre\/\",\"url\":\"https:\/\/hoyre.no\/ullensaker\/aktuelt\/programmote_ullensaker_hoyre\/\",\"name\":\"Programm\u00f8te - Ullensaker H\u00f8yre - Ullensaker H\u00f8yre\",\"isPartOf\":{\"@id\":\"https:\/\/hoyre.no\/ullensaker\/#website\"},\"datePublished\":\"2019-05-28T20:00:00+00:00\",\"author\":{\"@id\":\"\"},\"breadcrumb\":{\"@id\":\"https:\/\/hoyre.no\/ullensaker\/aktuelt\/programmote_ullensaker_hoyre\/#breadcrumb\"},\"inLanguage\":\"nb-NO\",\"potentialAction\":[{\"@type\":\"ReadAction\",\"target\":[\"https:\/\/hoyre.no\/ullensaker\/aktuelt\/programmote_ullensaker_hoyre\/\"]}]},{\"@type\":\"BreadcrumbList\",\"@id\":\"https:\/\/hoyre.no\/ullensaker\/aktuelt\/programmote_ullensaker_hoyre\/#breadcrumb\",\"itemListElement\":[{\"@type\":\"ListItem\",\"position\":1,\"name\":\"Til hoyre.no\",\"item\":\"https:\/\/hoyre.no\"},{\"@type\":\"ListItem\",\"position\":2,\"name\":\"Hjem\",\"item\":\"https:\/\/hoyre.no\/ullensaker\/\"},{\"@type\":\"ListItem\",\"position\":3,\"name\":\"Programm\u00f8te &#8211; Ullensaker H\u00f8yre\"}]},{\"@type\":\"WebSite\",\"@id\":\"https:\/\/hoyre.no\/ullensaker\/#website\",\"url\":\"https:\/\/hoyre.no\/ullensaker\/\",\"name\":\"Ullensaker H\u00f8yre\",\"description\":\"Bare enda et H\u00f8yres nettsteder-nettsted\",\"inLanguage\":\"nb-NO\"}]}<\/script>\n<!-- \/ Yoast SEO plugin. -->","yoast_head_json":{"title":"Programm\u00f8te - Ullensaker H\u00f8yre - Ullensaker H\u00f8yre","robots":{"index":"index","follow":"follow","max-snippet":"max-snippet:-1","max-image-preview":"max-image-preview:large","max-video-preview":"max-video-preview:-1"},"canonical":"https:\/\/hoyre.no\/ullensaker\/aktuelt\/programmote_ullensaker_hoyre\/","og_locale":"nb_NO","og_type":"article","og_title":"Programm\u00f8te - Ullensaker H\u00f8yre - Ullensaker H\u00f8yre","og_url":"https:\/\/hoyre.no\/ullensaker\/aktuelt\/programmote_ullensaker_hoyre\/","og_site_name":"Ullensaker H\u00f8yre","article_published_time":"2019-05-28T20:00:00+00:00","og_image":[{"url":"https:\/\/hoyre.no\/content\/uploads\/sites\/159\/2025\/01\/748a6af0-ec1c-40f8-b919-a53b6760b312.jpg","width":"","height":"","type":""}],"twitter_card":"summary_large_image","schema":{"@context":"https:\/\/schema.org","@graph":[{"@type":"NewsArticle","@id":"https:\/\/hoyre.no\/ullensaker\/aktuelt\/programmote_ullensaker_hoyre\/","url":"https:\/\/hoyre.no\/ullensaker\/aktuelt\/programmote_ullensaker_hoyre\/","name":"Programm\u00f8te - Ullensaker H\u00f8yre - Ullensaker H\u00f8yre","isPartOf":{"@id":"https:\/\/hoyre.no\/ullensaker\/#website"},"datePublished":"2019-05-28T20:00:00+00:00","author":{"@id":""},"breadcrumb":{"@id":"https:\/\/hoyre.no\/ullensaker\/aktuelt\/programmote_ullensaker_hoyre\/#breadcrumb"},"inLanguage":"nb-NO","potentialAction":[{"@type":"ReadAction","target":["https:\/\/hoyre.no\/ullensaker\/aktuelt\/programmote_ullensaker_hoyre\/"]}]},{"@type":"BreadcrumbList","@id":"https:\/\/hoyre.no\/ullensaker\/aktuelt\/programmote_ullensaker_hoyre\/#breadcrumb","itemListElement":[{"@type":"ListItem","position":1,"name":"Til hoyre.no","item":"https:\/\/hoyre.no"},{"@type":"ListItem","position":2,"name":"Hjem","item":"https:\/\/hoyre.no\/ullensaker\/"},{"@type":"ListItem","position":3,"name":"Programm\u00f8te &#8211; Ullensaker H\u00f8yre"}]},{"@type":"WebSite","@id":"https:\/\/hoyre.no\/ullensaker\/#website","url":"https:\/\/hoyre.no\/ullensaker\/","name":"Ullensaker H\u00f8yre","description":"Bare enda et H\u00f8yres nettsteder-nettsted","inLanguage":"nb-NO"}]}},"distributor_meta":false,"distributor_terms":false,"distributor_media":false,"distributor_original_site_name":"Ullensaker H\u00f8yre","distributor_original_site_url":"https:\/\/hoyre.no\/ullensaker","push-errors":false,"_links":{"self":[{"href":"https:\/\/hoyre.no\/ullensaker\/wp-json\/wp\/v2\/posts\/92","targetHints":{"allow":["GET"]}}],"collection":[{"href":"https:\/\/hoyre.no\/ullensaker\/wp-json\/wp\/v2\/posts"}],"about":[{"href":"https:\/\/hoyre.no\/ullensaker\/wp-json\/wp\/v2\/types\/post"}],"replies":[{"embeddable":true,"href":"https:\/\/hoyre.no\/ullensaker\/wp-json\/wp\/v2\/comments?post=92"}],"version-history":[{"count":0,"href":"https:\/\/hoyre.no\/ullensaker\/wp-json\/wp\/v2\/posts\/92\/revisions"}],"wp:attachment":[{"href":"https:\/\/hoyre.no\/ullensaker\/wp-json\/wp\/v2\/media?parent=92"}],"wp:term":[{"taxonomy":"category","embeddable":true,"href":"https:\/\/hoyre.no\/ullensaker\/wp-json\/wp\/v2\/category?post=92"},{"taxonomy":"post_tag","embeddable":true,"href":"https:\/\/hoyre.no\/ullensaker\/wp-json\/wp\/v2\/post_tag?post=92"},{"taxonomy":"hoyre-visibility","embeddable":true,"href":"https:\/\/hoyre.no\/ullensaker\/wp-json\/wp\/v2\/hoyre-visibility?post=92"},{"taxonomy":"article-type","embeddable":true,"href":"https:\/\/hoyre.no\/ullensaker\/wp-json\/wp\/v2\/article-type?post=92"},{"taxonomy":"politician","embeddable":true,"href":"https:\/\/hoyre.no\/ullensaker\/wp-json\/wp\/v2\/politician?post=92"}],"curies":[{"name":"wp","href":"https:\/\/api.w.org\/{rel}","templated":true}]}}