{"id":940,"date":"2026-04-21T10:06:55","date_gmt":"2026-04-21T08:06:55","guid":{"rendered":"https:\/\/hoyre.no\/ullensaker\/?p=940"},"modified":"2026-04-21T10:06:55","modified_gmt":"2026-04-21T08:06:55","slug":"kvinnehelse-ma-tas-pa-alvor-ogsa-i-overgangsalderen","status":"publish","type":"post","link":"https:\/\/hoyre.no\/ullensaker\/aktuelt\/kvinnehelse-ma-tas-pa-alvor-ogsa-i-overgangsalderen\/","title":{"rendered":"Kvinnehelse m\u00e5 tas p\u00e5 alvor \u2013 ogs\u00e5 i overgangsalderen"},"content":{"rendered":"\n<p class=\"preamble\">Overgangsalderen er en naturlig del av livet. Likevel er det fortsatt et tema det snakkes for lite om \u2013 b\u00e5de i helsevesenet, i arbeidslivet og i politikken.<br><br>N\u00e5 ligger det konkrete forslag til behandling i Stortinget om tiltak for kvinner i overgangsalderen \u2013 blant annet bedre tilgang til behandling og vurdering av hormonbehandling p\u00e5 bl\u00e5 resept.<\/p>\t\t\t<div class=\"post-meta wp-block teft-byline-wrapper\">\n\t\t\t\t<div class=\"top\">\n\t\t\t\t\t<div class=\"signature\">\n\t\t\t\t\t\t<div class=\"teft-byline\">\n\t\t\t\t\t\t\t\t\t\t\t\t\t\t<div>\n\t\t\t\t\t\t\t\t<h3>H\u00f8yres redaksjon<\/h3>\t\t\t\t\t\t\t\t\n\t\t\t\t\t\t\t\t\t\t\t\t\t\t\t\t\t<span class=\"date\">Sist oppdatert: 21. april 2026<\/span>\n\t\t\t\t\t\t\t\t\t\t\t\t\t\t\t\t\t\t\t\t\t\t\t\t\t<span class=\"reading-time\" itemprop=\"timeRequired\" content=\"PT3M\"><em>Ca. 3 minutter lesetid<\/em><\/span>\n\t\t\t\t\t\t\t\t\t\t\t\t\t\t\t<\/div>\n\t\t\t\t\t\t<\/div>\n\t\t\t\t\t<\/div>\n\t\t\t\t\t\t<div class=\"sharing\">\n\t\t<a class=\"share-button share-link copy-link\" data-copy=\"https:\/\/hoyre.no\/ullensaker\/aktuelt\/kvinnehelse-ma-tas-pa-alvor-ogsa-i-overgangsalderen\/\" target=\"_blank\"><span class=\"screen-reader-text\">Del link<\/span><\/a>\n\t\t<a class=\"share-button share-twitter\" href=\"http:\/\/twitter.com\/share?text=Kvinnehelse m\u00e5 tas p\u00e5 alvor \u2013 ogs\u00e5 i overgangsalderen&#038;url=https:\/\/hoyre.no\/ullensaker\/aktuelt\/kvinnehelse-ma-tas-pa-alvor-ogsa-i-overgangsalderen\/&#038;hashtags=Hoyre\" target=\"_blank\"><span class=\"screen-reader-text\">Del p\u00e5 twitter<\/span><\/a>\n\t\t<a class=\"share-button share-facebook\" href=\"https:\/\/www.facebook.com\/sharer\/sharer.php?u=https:\/\/hoyre.no\/ullensaker\/aktuelt\/kvinnehelse-ma-tas-pa-alvor-ogsa-i-overgangsalderen\/\" target=\"_blank\"><span class=\"screen-reader-text\">Del p\u00e5 facebook<\/span><\/a>\n\t<\/div>\n\t\t\t\t\t<\/div>\n\t\t\t<\/div>\n\n\t\t\t<figure class=\"hoyre-image-wrapper\"><div class=\"hoyre-image\"><img loading=\"lazy\" decoding=\"async\" width=\"802\" height=\"1024\" src=\"https:\/\/hoyre.no\/content\/uploads\/sites\/159\/2025\/01\/8ff55e0f-fa82-44a6-9992-80b32935c7ac.jpg\" class=\"attachment-scaled size-scaled\" alt=\"Anne-Stine Roksvaag\" style=\"object-position: 50% 50%\" srcset=\"https:\/\/hoyre.no\/content\/uploads\/sites\/159\/2025\/01\/8ff55e0f-fa82-44a6-9992-80b32935c7ac.jpg 802w, https:\/\/hoyre.no\/content\/uploads\/sites\/159\/2025\/01\/8ff55e0f-fa82-44a6-9992-80b32935c7ac-235x300.jpg 235w, https:\/\/hoyre.no\/content\/uploads\/sites\/159\/2025\/01\/8ff55e0f-fa82-44a6-9992-80b32935c7ac-768x981.jpg 768w\" sizes=\"auto, (max-width: 802px) 100vw, 802px\" \/><\/div><figcaption class=\"caption\">Anne-Stine Roksvaag, Ullensaker H\u00f8yres kvinneforumansvarlig &#8211;  mener at mer \u00e5penhet om overgangsalderen er i seg selv et viktig steg<\/figcaption><\/figure>\n\n\n\n\n<p>For Ullensaker H\u00f8yre er dette en viktig og riktig prioritering. Dette er relevant for oss lokalt, b\u00e5de som arbeidsgiver og som tjenesteyter innen helse.<\/p>\n\n\n\n<p>Anne-Stine Roksvaag, fraksjonsleder for H\u00f8yre i hovedutvalg for helse og Ullensaker H\u00f8yres kvinneforumansvarlig, sier:<\/p>\n\n\n\n<p>\u2013 Dette er en sak som altfor lenge har v\u00e6rt underkommunisert. N\u00e5r s\u00e5 mange kvinner opplever plager som p\u00e5virker b\u00e5de helse og arbeidsevne, m\u00e5 vi ogs\u00e5 ha politikk som m\u00f8ter det p\u00e5 en ordentlig m\u00e5te.<\/p>\n\n\n\n<p>Hun peker ogs\u00e5 p\u00e5 konsekvensene for arbeidslivet:<\/p>\n\n\n\n<p>\u2013 Vi snakker ofte om behovet for arbeidskraft og lavere sykefrav\u00e6r. Da kan vi ikke samtidig overse en livsfase som rammer s\u00e5 mange midt i yrkeslivet.<\/p>\n\n\n\n<p><strong>Et nasjonalt l\u00f8ft for kvinnehelse<\/strong><br>Stortingsrepresentant Margret Hagerup, som ogs\u00e5 er leder av H\u00f8yres Kvinneforum, st\u00e5r bak forslagene som n\u00e5 behandles i Stortinget. Hun har v\u00e6rt tydelig p\u00e5 at kvinner i overgangsalderen m\u00e5 f\u00e5 bedre oppf\u00f8lging og tilgang til behandling \u2013 og at dette ikke kan skyves foran oss.<\/p>\n\n\n\n<p><strong>Fra tabu til ansvar<\/strong><br>Altfor lenge har overgangsalderen v\u00e6rt preget av stillhet og lite kunnskap. Konsekvensene er reelle:<\/p>\n\n\n\n<ul class=\"wp-block-list\">\n<li>Kvinner f\u00e5r ikke god nok hjelp<\/li>\n\n\n\n<li>Plager blir ikke tatt p\u00e5 alvor<\/li>\n\n\n\n<li>Sykefrav\u00e6ret \u00f8ker<\/li>\n\n\n\n<li>Erfaring og kompetanse g\u00e5r tapt fra arbeidslivet<\/li>\n<\/ul>\n\n\n\n<p>H\u00f8yre mener dette m\u00e5 tas p\u00e5 alvor som det det er: et sp\u00f8rsm\u00e5l om helse, likestilling og samfunns\u00f8konomi.<\/p>\n\n\n\n<p><strong>Konkret politikk for bedre kvinnehelse<\/strong><br>Forslagene som n\u00e5 ligger til behandling i Stortinget, inneb\u00e6rer blant annet:<\/p>\n\n\n\n<ul class=\"wp-block-list\">\n<li>Bedre og mer likeverdig tilgang til behandling<\/li>\n\n\n\n<li>Hormonbehandling p\u00e5 bl\u00e5 resept der det er faglig riktig<\/li>\n\n\n\n<li>Nasjonale retningslinjer<\/li>\n\n\n\n<li>\u00d8kt kompetanse hos fastleger og helsepersonell<\/li>\n\n\n\n<li>Bedre veiledning til arbeidsgivere<\/li>\n\n\n\n<li>Mer forskning<\/li>\n\n\n\n<li>Tiltak for \u00e5 redusere sykefrav\u00e6r<\/li>\n<\/ul>\n\n\n\n<p>Dette er tiltak som kan gj\u00f8re en reell forskjell \u2013 b\u00e5de for den enkelte og for samfunnet.<\/p>\n\n\n\n<p><strong>Et arbeidsliv som ser hele mennesket<\/strong><br>Mange kvinner i overgangsalderen st\u00e5r midt i yrkeslivet, med h\u00f8y kompetanse og sentrale roller. N\u00e5r plager f\u00f8rer til redusert arbeidsevne eller frafall, mister vi viktig arbeidskraft.<\/p>\n\n\n\n<p>Et inkluderende arbeidsliv handler ogs\u00e5 om \u00e5 ta hensyn til ulike livsfaser.<\/p>\n\n\n\n<p>Anne-Stine Roksvaag understreker ogs\u00e5 behovet for mer \u00e5penhet:<\/p>\n\n\n\n<p>\u2013 Mer \u00e5penhet om overgangsalderen er i seg selv et viktig steg. Men det m\u00e5 f\u00f8lges opp med konkrete tiltak \u2013 b\u00e5de i helsetjenesten og i arbeidslivet.<\/p>\n\n\n\n<p><strong>Tid for \u00e5 g\u00e5 fra ord til handling<\/strong><br>Det er positivt at det n\u00e5 er bred politisk oppmerksomhet om kvinnehelse, og at konkrete forslag ligger p\u00e5 bordet i Stortinget.<\/p>\n\n\n\n<p>Samtidig er det behov for fremdrift. H\u00f8yre mener tiden er inne for \u00e5 g\u00e5 fra ord til handling.<br><br>Her kan du lese mere om saken i en artikkel i VG:<br><br><a href=\"https:\/\/www.vg.no\/helse\/i\/aJlAQM\/margret-hagerup-hormoner-paa-blaa-resept-maa-komme-paa-plass-naa\">https:\/\/www.vg.no\/helse\/i\/aJlAQM\/margret-hagerup-hormoner-paa-blaa-resept-maa-komme-paa-plass-naa<\/a><\/p>\n\n\n<div class=\"tags\">\n\t<\/div>\n<div class=\"post-footer alignfull has-background block-editor-block-list__block\" data-align=full>\n\t<div class=\"post-footer-inner\">\n\t\t<h3>Relaterte artikler<\/h3>\n\t\t<div class=\"related-content\"><div class=\"is-card-hoyre\">\n\t<div class=\"teft-card hoyre-teft-card post-teft-card\">\n\t\t<a href=\"https:\/\/hoyre.no\/ullensaker\/aktuelt\/lene-kathrine-hakonsen-ny-gruppeleder-i-ullensaker-hoyre\/\" class=\"teft-card__primary-action\">\n\n\t\t\t\t\t<div class=\"teft-card__media teft-card__media--16-9\">\n\t\t\t\t\t\t<img loading=\"lazy\" decoding=\"async\" width=\"768\" height=\"387\" src=\"https:\/\/hoyre.no\/content\/uploads\/sites\/159\/2026\/04\/lene_willy-768x387.png\" class=\"attachment-medium_large size-medium_large\" alt=\"\" srcset=\"https:\/\/hoyre.no\/content\/uploads\/sites\/159\/2026\/04\/lene_willy-768x387.png 768w, https:\/\/hoyre.no\/content\/uploads\/sites\/159\/2026\/04\/lene_willy-300x151.png 300w, https:\/\/hoyre.no\/content\/uploads\/sites\/159\/2026\/04\/lene_willy-1024x516.png 1024w, https:\/\/hoyre.no\/content\/uploads\/sites\/159\/2026\/04\/lene_willy-1536x773.png 1536w, https:\/\/hoyre.no\/content\/uploads\/sites\/159\/2026\/04\/lene_willy.png 1543w\" sizes=\"auto, (max-width: 768px) 100vw, 768px\" \/>\t\t<\/div>\n\t\t\n\t\t\t<div class=\"teft-card__content-wrapper\">\n\t\t\t\t<div class=\"teft-card__secondary\">\n\t\t\t\t\t\n\t\t\t\t\t\t\t\t<div class=\"teft-card__meta\">\n\t\t\t\t\t\t\t\t\t<span class=\"post-date\">28. apr 2026<\/span>\n\n\t\t\t\t\t\t\t\t\t\t\t\t\t\t\t\t\t<\/div>\n\t\t\t\t\t\t\t\t\t\t\t<\/div>\n\n\t\t\t\t<div class=\"teft-card__primary\">\n\t\t\t\t\t<h2 class=\"teft-card__title\">Lene Kathrine H\u00e5konsen ny gruppeleder i Ullensaker H\u00f8yre&nbsp;<span class=\"teft-card__primary-title-append\"><\/span><\/h2>\t\t\t\t<\/div>\n\t\t\t<\/div>\n\t\t<\/a>\n\t<\/div>\n\n\t<\/div><div class=\"is-card-hoyre\">\n\t<div class=\"teft-card hoyre-teft-card post-teft-card\">\n\t\t<a href=\"https:\/\/hoyre.no\/ullensaker\/aktuelt\/doli-skole-snur-utviklingen-elevene-laerer-mer-enn-for\/\" class=\"teft-card__primary-action\">\n\n\t\t\t\t\t<div class=\"teft-card__media teft-card__media--16-9\">\n\t\t\t\t\t\t<img loading=\"lazy\" decoding=\"async\" width=\"768\" height=\"1023\" src=\"https:\/\/hoyre.no\/content\/uploads\/sites\/159\/2025\/01\/748a6af0-ec1c-40f8-b919-a53b6760b312.jpg\" class=\"attachment-medium_large size-medium_large\" alt=\"\" srcset=\"https:\/\/hoyre.no\/content\/uploads\/sites\/159\/2025\/01\/748a6af0-ec1c-40f8-b919-a53b6760b312.jpg 768w, https:\/\/hoyre.no\/content\/uploads\/sites\/159\/2025\/01\/748a6af0-ec1c-40f8-b919-a53b6760b312-225x300.jpg 225w\" sizes=\"auto, (max-width: 768px) 100vw, 768px\" \/>\t\t<\/div>\n\t\t\n\t\t\t<div class=\"teft-card__content-wrapper\">\n\t\t\t\t<div class=\"teft-card__secondary\">\n\t\t\t\t\t\n\t\t\t\t\t\t\t\t<div class=\"teft-card__meta\">\n\t\t\t\t\t\t\t\t\t<span class=\"post-date\">10. apr 2026<\/span>\n\n\t\t\t\t\t\t\t\t\t\t\t\t\t\t\t\t\t<\/div>\n\t\t\t\t\t\t\t\t\t\t\t<\/div>\n\n\t\t\t\t<div class=\"teft-card__primary\">\n\t\t\t\t\t<h2 class=\"teft-card__title\">D\u00f8li skole snur utviklingen \u2013 elevene l\u00e6rer mer enn f\u00f8r&nbsp;<span class=\"teft-card__primary-title-append\"><\/span><\/h2>\t\t\t\t<\/div>\n\t\t\t<\/div>\n\t\t<\/a>\n\t<\/div>\n\n\t<\/div><div class=\"is-card-hoyre\">\n\t<div class=\"teft-card hoyre-teft-card post-teft-card\">\n\t\t<a href=\"https:\/\/hoyre.no\/ullensaker\/aktuelt\/la-laererne-i-ullensaker-fa-tid-til-a-vaere-laerere\/\" class=\"teft-card__primary-action\">\n\n\t\t\t\t\t<div class=\"teft-card__media teft-card__media--16-9\">\n\t\t\t\t\t\t<img loading=\"lazy\" decoding=\"async\" width=\"768\" height=\"785\" src=\"https:\/\/hoyre.no\/content\/uploads\/sites\/159\/2023\/06\/DSC00470-scaled-e1686510283273-768x785.jpg\" class=\"attachment-medium_large size-medium_large\" alt=\"\" srcset=\"https:\/\/hoyre.no\/content\/uploads\/sites\/159\/2023\/06\/DSC00470-scaled-e1686510283273-768x785.jpg 768w, https:\/\/hoyre.no\/content\/uploads\/sites\/159\/2023\/06\/DSC00470-scaled-e1686510283273-294x300.jpg 294w, https:\/\/hoyre.no\/content\/uploads\/sites\/159\/2023\/06\/DSC00470-scaled-e1686510283273-1002x1024.jpg 1002w, https:\/\/hoyre.no\/content\/uploads\/sites\/159\/2023\/06\/DSC00470-scaled-e1686510283273-1503x1536.jpg 1503w, https:\/\/hoyre.no\/content\/uploads\/sites\/159\/2023\/06\/DSC00470-scaled-e1686510283273.jpg 1743w\" sizes=\"auto, (max-width: 768px) 100vw, 768px\" \/>\t\t<\/div>\n\t\t\n\t\t\t<div class=\"teft-card__content-wrapper\">\n\t\t\t\t<div class=\"teft-card__secondary\">\n\t\t\t\t\t\n\t\t\t\t\t\t\t\t<div class=\"teft-card__meta\">\n\t\t\t\t\t\t\t\t\t<span class=\"post-date\">27. mar 2026<\/span>\n\n\t\t\t\t\t\t\t\t\t\t\t\t\t\t\t\t\t<\/div>\n\t\t\t\t\t\t\t\t\t\t\t<\/div>\n\n\t\t\t\t<div class=\"teft-card__primary\">\n\t\t\t\t\t<h2 class=\"teft-card__title\">La l\u00e6rerne i Ullensaker f\u00e5 tid til \u00e5 v\u00e6re l\u00e6rere&nbsp;<span class=\"teft-card__primary-title-append\"><\/span><\/h2>\t\t\t\t<\/div>\n\t\t\t<\/div>\n\t\t<\/a>\n\t<\/div>\n\n\t<\/div><\/div>\t<\/div>\n<\/div>\n","protected":false},"excerpt":{"rendered":"","protected":false},"author":15623,"featured_media":0,"comment_status":"closed","ping_status":"closed","sticky":false,"template":"","format":"standard","meta":{"teft_cards_image_url":"","teft_cards_custom_pretitle":"","teft_cards_image_id":747,"teft_cards_image_focal_point_x":0.5,"teft_cards_image_focal_point_y":0.5,"teft_cards_title":"","teft_cards_excerpt":"","teft_show_chapters":false,"author_display_name":"","footnotes":""},"category":[1],"post_tag":[],"hoyre-visibility":[],"article-type":[],"politician":[],"class_list":["post-940","post","type-post","status-publish","format-standard","hentry","category-ukategorisert"],"yoast_head":"<!-- This site is optimized with the Yoast SEO plugin v26.6 - https:\/\/yoast.com\/wordpress\/plugins\/seo\/ -->\n<title>Kvinnehelse m\u00e5 tas p\u00e5 alvor \u2013 ogs\u00e5 i overgangsalderen - Ullensaker H\u00f8yre<\/title>\n<meta name=\"robots\" content=\"index, follow, max-snippet:-1, max-image-preview:large, max-video-preview:-1\" \/>\n<link rel=\"canonical\" href=\"https:\/\/hoyre.no\/ullensaker\/aktuelt\/kvinnehelse-ma-tas-pa-alvor-ogsa-i-overgangsalderen\/\" \/>\n<meta property=\"og:locale\" content=\"nb_NO\" \/>\n<meta property=\"og:type\" content=\"article\" \/>\n<meta property=\"og:title\" content=\"Kvinnehelse m\u00e5 tas p\u00e5 alvor \u2013 ogs\u00e5 i overgangsalderen - Ullensaker H\u00f8yre\" \/>\n<meta property=\"og:url\" content=\"https:\/\/hoyre.no\/ullensaker\/aktuelt\/kvinnehelse-ma-tas-pa-alvor-ogsa-i-overgangsalderen\/\" \/>\n<meta property=\"og:site_name\" content=\"Ullensaker H\u00f8yre\" \/>\n<meta property=\"article:published_time\" content=\"2026-04-21T08:06:55+00:00\" \/>\n<meta property=\"og:image\" content=\"https:\/\/hoyre.no\/content\/uploads\/sites\/159\/2023\/06\/DSC00470-scaled-e1686510283273-1002x1024.jpg\" \/>\n<meta name=\"author\" content=\"Kristian Hannestad\" \/>\n<meta name=\"twitter:card\" content=\"summary_large_image\" \/>\n<meta name=\"twitter:label1\" content=\"Skrevet av\" \/>\n\t<meta name=\"twitter:data1\" content=\"Kristian Hannestad\" \/>\n\t<meta name=\"twitter:label2\" content=\"Ansl. lesetid\" \/>\n\t<meta name=\"twitter:data2\" content=\"3 minutter\" \/>\n<script type=\"application\/ld+json\" class=\"yoast-schema-graph\">{\"@context\":\"https:\/\/schema.org\",\"@graph\":[{\"@type\":\"NewsArticle\",\"@id\":\"https:\/\/hoyre.no\/ullensaker\/aktuelt\/kvinnehelse-ma-tas-pa-alvor-ogsa-i-overgangsalderen\/\",\"url\":\"https:\/\/hoyre.no\/ullensaker\/aktuelt\/kvinnehelse-ma-tas-pa-alvor-ogsa-i-overgangsalderen\/\",\"name\":\"Kvinnehelse m\u00e5 tas p\u00e5 alvor \u2013 ogs\u00e5 i overgangsalderen - Ullensaker H\u00f8yre\",\"isPartOf\":{\"@id\":\"https:\/\/hoyre.no\/ullensaker\/#website\"},\"datePublished\":\"2026-04-21T08:06:55+00:00\",\"author\":{\"@id\":\"https:\/\/hoyre.no\/ullensaker\/#\/schema\/person\/7a8c757a4b0f583c82b20e32e8876ebb\"},\"breadcrumb\":{\"@id\":\"https:\/\/hoyre.no\/ullensaker\/aktuelt\/kvinnehelse-ma-tas-pa-alvor-ogsa-i-overgangsalderen\/#breadcrumb\"},\"inLanguage\":\"nb-NO\",\"potentialAction\":[{\"@type\":\"ReadAction\",\"target\":[\"https:\/\/hoyre.no\/ullensaker\/aktuelt\/kvinnehelse-ma-tas-pa-alvor-ogsa-i-overgangsalderen\/\"]}]},{\"@type\":\"BreadcrumbList\",\"@id\":\"https:\/\/hoyre.no\/ullensaker\/aktuelt\/kvinnehelse-ma-tas-pa-alvor-ogsa-i-overgangsalderen\/#breadcrumb\",\"itemListElement\":[{\"@type\":\"ListItem\",\"position\":1,\"name\":\"Til hoyre.no\",\"item\":\"https:\/\/hoyre.no\"},{\"@type\":\"ListItem\",\"position\":2,\"name\":\"Hjem\",\"item\":\"https:\/\/hoyre.no\/ullensaker\/\"},{\"@type\":\"ListItem\",\"position\":3,\"name\":\"Kvinnehelse m\u00e5 tas p\u00e5 alvor \u2013 ogs\u00e5 i overgangsalderen\"}]},{\"@type\":\"WebSite\",\"@id\":\"https:\/\/hoyre.no\/ullensaker\/#website\",\"url\":\"https:\/\/hoyre.no\/ullensaker\/\",\"name\":\"Ullensaker H\u00f8yre\",\"description\":\"Bare enda et H\u00f8yres nettsteder-nettsted\",\"inLanguage\":\"nb-NO\"},{\"@type\":\"Person\",\"@id\":\"https:\/\/hoyre.no\/ullensaker\/#\/schema\/person\/7a8c757a4b0f583c82b20e32e8876ebb\",\"name\":\"Kristian Hannestad\",\"image\":{\"@type\":\"ImageObject\",\"inLanguage\":\"nb-NO\",\"@id\":\"https:\/\/hoyre.no\/ullensaker\/#\/schema\/person\/image\/\",\"url\":\"https:\/\/secure.gravatar.com\/avatar\/093eff550010bb2835215179ebc17f10e5edcbb124a6bb8cfcd9f2382bb9b873?s=96&d=mm&r=g\",\"contentUrl\":\"https:\/\/secure.gravatar.com\/avatar\/093eff550010bb2835215179ebc17f10e5edcbb124a6bb8cfcd9f2382bb9b873?s=96&d=mm&r=g\",\"caption\":\"Kristian Hannestad\"},\"url\":\"https:\/\/hoyre.no\/ullensaker\/aktuelt\/author\/m50664887\/\"}]}<\/script>\n<!-- \/ Yoast SEO plugin. -->","yoast_head_json":{"title":"Kvinnehelse m\u00e5 tas p\u00e5 alvor \u2013 ogs\u00e5 i overgangsalderen - Ullensaker H\u00f8yre","robots":{"index":"index","follow":"follow","max-snippet":"max-snippet:-1","max-image-preview":"max-image-preview:large","max-video-preview":"max-video-preview:-1"},"canonical":"https:\/\/hoyre.no\/ullensaker\/aktuelt\/kvinnehelse-ma-tas-pa-alvor-ogsa-i-overgangsalderen\/","og_locale":"nb_NO","og_type":"article","og_title":"Kvinnehelse m\u00e5 tas p\u00e5 alvor \u2013 ogs\u00e5 i overgangsalderen - Ullensaker H\u00f8yre","og_url":"https:\/\/hoyre.no\/ullensaker\/aktuelt\/kvinnehelse-ma-tas-pa-alvor-ogsa-i-overgangsalderen\/","og_site_name":"Ullensaker H\u00f8yre","article_published_time":"2026-04-21T08:06:55+00:00","og_image":[{"url":"https:\/\/hoyre.no\/content\/uploads\/sites\/159\/2023\/06\/DSC00470-scaled-e1686510283273-1002x1024.jpg","width":"","height":"","type":""}],"author":"Kristian Hannestad","twitter_card":"summary_large_image","twitter_misc":{"Skrevet av":"Kristian Hannestad","Ansl. lesetid":"3 minutter"},"schema":{"@context":"https:\/\/schema.org","@graph":[{"@type":"NewsArticle","@id":"https:\/\/hoyre.no\/ullensaker\/aktuelt\/kvinnehelse-ma-tas-pa-alvor-ogsa-i-overgangsalderen\/","url":"https:\/\/hoyre.no\/ullensaker\/aktuelt\/kvinnehelse-ma-tas-pa-alvor-ogsa-i-overgangsalderen\/","name":"Kvinnehelse m\u00e5 tas p\u00e5 alvor \u2013 ogs\u00e5 i overgangsalderen - Ullensaker H\u00f8yre","isPartOf":{"@id":"https:\/\/hoyre.no\/ullensaker\/#website"},"datePublished":"2026-04-21T08:06:55+00:00","author":{"@id":"https:\/\/hoyre.no\/ullensaker\/#\/schema\/person\/7a8c757a4b0f583c82b20e32e8876ebb"},"breadcrumb":{"@id":"https:\/\/hoyre.no\/ullensaker\/aktuelt\/kvinnehelse-ma-tas-pa-alvor-ogsa-i-overgangsalderen\/#breadcrumb"},"inLanguage":"nb-NO","potentialAction":[{"@type":"ReadAction","target":["https:\/\/hoyre.no\/ullensaker\/aktuelt\/kvinnehelse-ma-tas-pa-alvor-ogsa-i-overgangsalderen\/"]}]},{"@type":"BreadcrumbList","@id":"https:\/\/hoyre.no\/ullensaker\/aktuelt\/kvinnehelse-ma-tas-pa-alvor-ogsa-i-overgangsalderen\/#breadcrumb","itemListElement":[{"@type":"ListItem","position":1,"name":"Til hoyre.no","item":"https:\/\/hoyre.no"},{"@type":"ListItem","position":2,"name":"Hjem","item":"https:\/\/hoyre.no\/ullensaker\/"},{"@type":"ListItem","position":3,"name":"Kvinnehelse m\u00e5 tas p\u00e5 alvor \u2013 ogs\u00e5 i overgangsalderen"}]},{"@type":"WebSite","@id":"https:\/\/hoyre.no\/ullensaker\/#website","url":"https:\/\/hoyre.no\/ullensaker\/","name":"Ullensaker H\u00f8yre","description":"Bare enda et H\u00f8yres nettsteder-nettsted","inLanguage":"nb-NO"},{"@type":"Person","@id":"https:\/\/hoyre.no\/ullensaker\/#\/schema\/person\/7a8c757a4b0f583c82b20e32e8876ebb","name":"Kristian Hannestad","image":{"@type":"ImageObject","inLanguage":"nb-NO","@id":"https:\/\/hoyre.no\/ullensaker\/#\/schema\/person\/image\/","url":"https:\/\/secure.gravatar.com\/avatar\/093eff550010bb2835215179ebc17f10e5edcbb124a6bb8cfcd9f2382bb9b873?s=96&d=mm&r=g","contentUrl":"https:\/\/secure.gravatar.com\/avatar\/093eff550010bb2835215179ebc17f10e5edcbb124a6bb8cfcd9f2382bb9b873?s=96&d=mm&r=g","caption":"Kristian Hannestad"},"url":"https:\/\/hoyre.no\/ullensaker\/aktuelt\/author\/m50664887\/"}]}},"distributor_meta":false,"distributor_terms":false,"distributor_media":false,"distributor_original_site_name":"Ullensaker H\u00f8yre","distributor_original_site_url":"https:\/\/hoyre.no\/ullensaker","push-errors":false,"_links":{"self":[{"href":"https:\/\/hoyre.no\/ullensaker\/wp-json\/wp\/v2\/posts\/940","targetHints":{"allow":["GET"]}}],"collection":[{"href":"https:\/\/hoyre.no\/ullensaker\/wp-json\/wp\/v2\/posts"}],"about":[{"href":"https:\/\/hoyre.no\/ullensaker\/wp-json\/wp\/v2\/types\/post"}],"author":[{"embeddable":true,"href":"https:\/\/hoyre.no\/ullensaker\/wp-json\/wp\/v2\/users\/15623"}],"replies":[{"embeddable":true,"href":"https:\/\/hoyre.no\/ullensaker\/wp-json\/wp\/v2\/comments?post=940"}],"version-history":[{"count":1,"href":"https:\/\/hoyre.no\/ullensaker\/wp-json\/wp\/v2\/posts\/940\/revisions"}],"predecessor-version":[{"id":941,"href":"https:\/\/hoyre.no\/ullensaker\/wp-json\/wp\/v2\/posts\/940\/revisions\/941"}],"wp:attachment":[{"href":"https:\/\/hoyre.no\/ullensaker\/wp-json\/wp\/v2\/media?parent=940"}],"wp:term":[{"taxonomy":"category","embeddable":true,"href":"https:\/\/hoyre.no\/ullensaker\/wp-json\/wp\/v2\/category?post=940"},{"taxonomy":"post_tag","embeddable":true,"href":"https:\/\/hoyre.no\/ullensaker\/wp-json\/wp\/v2\/post_tag?post=940"},{"taxonomy":"hoyre-visibility","embeddable":true,"href":"https:\/\/hoyre.no\/ullensaker\/wp-json\/wp\/v2\/hoyre-visibility?post=940"},{"taxonomy":"article-type","embeddable":true,"href":"https:\/\/hoyre.no\/ullensaker\/wp-json\/wp\/v2\/article-type?post=940"},{"taxonomy":"politician","embeddable":true,"href":"https:\/\/hoyre.no\/ullensaker\/wp-json\/wp\/v2\/politician?post=940"}],"curies":[{"name":"wp","href":"https:\/\/api.w.org\/{rel}","templated":true}]}}