{"id":47,"date":"2025-01-28T13:40:04","date_gmt":"2025-01-28T12:40:04","guid":{"rendered":"https:\/\/hoyre.no\/ullern\/?p=47"},"modified":"2025-01-28T13:40:26","modified_gmt":"2025-01-28T12:40:26","slug":"vi-ma-igjen-fa-kontroll-over-okonomien","status":"publish","type":"post","link":"https:\/\/hoyre.no\/ullern\/aktuelt\/vi-ma-igjen-fa-kontroll-over-okonomien\/","title":{"rendered":"Vi m\u00e5 igjen f\u00e5 kontroll over \u00f8konomien"},"content":{"rendered":"\n<p class=\"preamble\">&#8211; Vi kan ikke lenger skyve regningen foran oss og h\u00e5pe det beste, skriver Tore Strandskog i dette innlegget.<\/p>\t\t\t<div class=\"post-meta wp-block teft-byline-wrapper\">\n\t\t\t\t<div class=\"top\">\n\t\t\t\t\t<div class=\"signature\">\n\t\t\t\t\t\t<div class=\"teft-byline\">\n\t\t\t\t\t\t\t\t\t\t\t\t\t\t<div>\n\t\t\t\t\t\t\t\t<h3>H\u00f8yres redaksjon<\/h3>\t\t\t\t\t\t\t\t\n\t\t\t\t\t\t\t\t\t\t\t\t\t\t\t\t\t<span class=\"date\">Sist oppdatert: 28. januar 2025<\/span>\n\t\t\t\t\t\t\t\t\t\t\t\t\t\t\t\t\t\t\t\t\t\t\t\t\t<span class=\"reading-time\" itemprop=\"timeRequired\" content=\"PT3M\"><em>Ca. 3 minutter lesetid<\/em><\/span>\n\t\t\t\t\t\t\t\t\t\t\t\t\t\t\t<\/div>\n\t\t\t\t\t\t<\/div>\n\t\t\t\t\t<\/div>\n\t\t\t\t\t\t<div class=\"sharing\">\n\t\t<a class=\"share-button share-link copy-link\" data-copy=\"https:\/\/hoyre.no\/ullern\/aktuelt\/vi-ma-igjen-fa-kontroll-over-okonomien\/\" target=\"_blank\"><span class=\"screen-reader-text\">Del link<\/span><\/a>\n\t\t<a class=\"share-button share-twitter\" href=\"http:\/\/twitter.com\/share?text=Vi m\u00e5 igjen f\u00e5 kontroll over \u00f8konomien&#038;url=https:\/\/hoyre.no\/ullern\/aktuelt\/vi-ma-igjen-fa-kontroll-over-okonomien\/&#038;hashtags=Hoyre\" target=\"_blank\"><span class=\"screen-reader-text\">Del p\u00e5 twitter<\/span><\/a>\n\t\t<a class=\"share-button share-facebook\" href=\"https:\/\/www.facebook.com\/sharer\/sharer.php?u=https:\/\/hoyre.no\/ullern\/aktuelt\/vi-ma-igjen-fa-kontroll-over-okonomien\/\" target=\"_blank\"><span class=\"screen-reader-text\">Del p\u00e5 facebook<\/span><\/a>\n\t<\/div>\n\t\t\t\t\t<\/div>\n\t\t\t<\/div>\n\n\t\t\t<figure class=\"hoyre-image-wrapper\"><div class=\"hoyre-image\"><img loading=\"lazy\" decoding=\"async\" width=\"1500\" height=\"1000\" src=\"https:\/\/hoyre.no\/content\/uploads\/sites\/415\/2025\/01\/ToreStrandskog2-ezgif.com-webp-to-jpg-converter.jpg\" class=\"attachment-scaled size-scaled\" alt=\"\" style=\"object-position: 50% 50%\" srcset=\"https:\/\/hoyre.no\/content\/uploads\/sites\/415\/2025\/01\/ToreStrandskog2-ezgif.com-webp-to-jpg-converter.jpg 1500w, https:\/\/hoyre.no\/content\/uploads\/sites\/415\/2025\/01\/ToreStrandskog2-ezgif.com-webp-to-jpg-converter-300x200.jpg 300w, https:\/\/hoyre.no\/content\/uploads\/sites\/415\/2025\/01\/ToreStrandskog2-ezgif.com-webp-to-jpg-converter-1024x683.jpg 1024w, https:\/\/hoyre.no\/content\/uploads\/sites\/415\/2025\/01\/ToreStrandskog2-ezgif.com-webp-to-jpg-converter-768x512.jpg 768w\" sizes=\"auto, (max-width: 1500px) 100vw, 1500px\" \/><\/div><figcaption class=\"caption\">&#8211; Vi reduserer skattetrykket i en tid hvor alt er blitt dyrere, skriver gruppeleder Tore Strandskog.<\/figcaption><\/figure>\n\n\n\n\n<p>Skal Titlestad ha behov for \u00e5 fordele skyld og ansvar, s\u00e5 er det kort vei fra hans bopel p\u00e5 Ullern og ned til Sentrum, hvor regjeringskontorene og Finansdepartementet holder til. Jeg sl\u00e5r gjerne f\u00f8lge.<\/p>\n\n\n\n<p>Gard Titlestad, gruppeleder for Arbeiderpartiet i Ullern Bydelsutvalg,&nbsp;<a href=\"https:\/\/www.akersposten.no\/hoyrebyradet-kutter-i-eiendomsskatten-og-svinger-kutt-pisken-over-bydelene\/o\/5-142-223345\">har resonert seg frem til at ansvaret for eventuelle kvalitative reduksjoner i bydelens tjenester<\/a>&nbsp;m\u00e5 plasseres hos \u00abH\u00f8yrebyr\u00e5det som sikret seg valgseieren p\u00e5 en sky av ambisi\u00f8se valgl\u00f8fter\u00bb.<\/p>\n\n\n\n<p>Spesielt ille synes Titlestad det er at byr\u00e5det kutter i eiendomsskatten.<\/p>\n\n\n\n<p>Dette resonnementet fortjener nok noen faktabaserte korreksjoner:<\/p>\n\n\n\n<p>Oslo kommune st\u00e5r i den st\u00f8rste \u00f8konomiske krisen siden 90-tallet. Vi opplever et dramatisk fall i skatteinntektene, noe som blant annet skyldes etterd\u00f8nningene etter regjeringens tidligere br\u00e5 og plutselige skatte\u00f8kninger. Skattesvikten synes n\u00e5 \u00e5 komme opp i n\u00e6rmere 2,5 milliarder kroner. I tillegg blir det store omlegginger av inntektsskattesystemet for kommunene (p\u00e5f\u00f8rt oss av dagens regjering), som rammer bl.a. en storby som Oslo spesielt hardt. Dette vil medf\u00f8re reduserte skatteinntekter fra 2025 og fremover.<\/p>\n\n\n\n<p>Det synes ogs\u00e5 \u00e5 v\u00e6re en klar erkjennelse av at forrige byr\u00e5d levde over evne. Det er n\u00e5 kort og godt et stort behov for \u00e5 igjen \u00e5 rydde opp i Oslos \u00f8konomi med tidvis t\u00f8ffe prioriteringer. Vi kan ikke lenger skyve regningen foran oss og h\u00e5pe det beste.<\/p>\n\n\n\n<p>Skal Titlestad ha behov for \u00e5 fordele skyld og ansvar, s\u00e5 er det kort vei fra hans bopel p\u00e5 Ullern og ned til Sentrum, hvor regjeringskontorene og Finansdepartementet holder til. Jeg sl\u00e5r gjerne f\u00f8lge.<\/p>\n\n\n\n<p>T\u00f8ff kommune\u00f8konomi sammenfaller med t\u00f8ffere privat\u00f8konomi for mange innbyggere i Oslo. Og Oslo er en dyr by \u00e5 bo i. Eiendomsskatten er en faktor som bidrar til det. Og den rammer i all hovedsak vanlige boligeiere med vanlig inntekt. Derfor gikk H\u00f8yre til valg p\u00e5 \u00e5 fjerne eiendomsskatten p\u00e5 folks hjem. Det l\u00f8ftet skal vi holde.<\/p>\n\n\n\n<p>T\u00f8ffere kommune\u00f8konomi krever t\u00f8ffere prioriteringer ogs\u00e5 for bydelene. Rammekuttet for bydelene er p\u00e5 dr\u00f8ye 195 millioner kroner, og er p\u00e5 samme niv\u00e5 som det forrige byr\u00e5det la opp til i sitt budsjettforslag. Det er faktisk mindre enn det Johansen-byr\u00e5det la opp til i sitt budsjettforslag for 2024 (f\u00f8r tilleggsinnstillingen).<\/p>\n\n\n\n<p>Ullern Bydel har alltid hatt god \u00f8konomistyring, og v\u00e5re kutt, selv om de historisk h\u00f8ye i \u00e5r, har ikke rammet de mest s\u00e5rbare gruppene, herunder barn og unge. Et enstemmig bydelsutvalg ga sin tilslutning til kuttene og prioriteringene. Det kan alle politiske partier i Ullern v\u00e6re stolte over. Stram \u00f8konomistyring, gode effektiviseringstiltak og skjerming av s\u00e5rbare grupper er basis for fortsatt trygg velferd og god politikkutvikling.<\/p>\n\n\n\n<p>Der Aps l\u00f8sning alltid er \u00e5 sende regningen til innbyggerne i form av \u00f8kt skatt, tar dagens byr\u00e5d et krafttiltak for \u00e5 skjerme barn og unge, samtidig som vi reduserer skattetrykket i en tid hvor alt er blitt dyrere. Byr\u00e5det gjennomf\u00f8rer en n\u00f8dvendig omstilling, men skjermer barn og unge, og sender ikke regningen til innbyggerne. Det er v\u00e5r tydeligste politiske prioritering.<\/p>\n\n\n\n<p><strong>Skrevet av:<\/strong><\/p>\n\n\n\n<ul class=\"wp-block-list\">\n<li>Tore Strandskog, gruppeleder for Ullern H\u00f8yre<a href=\"https:\/\/www.akersposten.no\/5-142-223345\"><\/a><\/li>\n<\/ul>\n\n\n<div class=\"tags\">\n\t<\/div>\n<div class=\"post-footer alignfull has-background block-editor-block-list__block\" data-align=full>\n\t<div class=\"post-footer-inner\">\n\t\t<h3>Relaterte artikler<\/h3>\n\t\t<div class=\"related-content\"><div class=\"is-card-hoyre\">\n\t<div class=\"teft-card hoyre-teft-card post-teft-card\">\n\t\t<a href=\"https:\/\/hoyre.no\/ullern\/aktuelt\/bare-nok-et-uttrykk-for-arbeiderpartiets-politiske-latskap\/\" class=\"teft-card__primary-action\">\n\n\t\t\t\t\t<div class=\"teft-card__media teft-card__media--16-9\">\n\t\t\t\t\t\t<img loading=\"lazy\" decoding=\"async\" width=\"768\" height=\"614\" src=\"https:\/\/hoyre.no\/content\/uploads\/sites\/415\/2025\/02\/tore-strandskog-2-768x614.jpg\" class=\"attachment-medium_large size-medium_large\" alt=\"Tore Standskog er Ullern H\u00f8yres gruppeleder.\" srcset=\"https:\/\/hoyre.no\/content\/uploads\/sites\/415\/2025\/02\/tore-strandskog-2-768x614.jpg 768w, https:\/\/hoyre.no\/content\/uploads\/sites\/415\/2025\/02\/tore-strandskog-2-300x240.jpg 300w, https:\/\/hoyre.no\/content\/uploads\/sites\/415\/2025\/02\/tore-strandskog-2-1024x819.jpg 1024w, https:\/\/hoyre.no\/content\/uploads\/sites\/415\/2025\/02\/tore-strandskog-2.jpg 1500w\" sizes=\"auto, (max-width: 768px) 100vw, 768px\" \/>\t\t<\/div>\n\t\t\n\t\t\t<div class=\"teft-card__content-wrapper\">\n\t\t\t\t<div class=\"teft-card__secondary\">\n\t\t\t\t\t\n\t\t\t\t\t\t\t\t<div class=\"teft-card__meta\">\n\t\t\t\t\t\t\t\t\t<span class=\"post-date\">12. feb 2025<\/span>\n\n\t\t\t\t\t\t\t\t\t\t\t\t\t\t\t\t\t<\/div>\n\t\t\t\t\t\t\t\t\t\t\t<\/div>\n\n\t\t\t\t<div class=\"teft-card__primary\">\n\t\t\t\t\t<h2 class=\"teft-card__title\">Bare nok et uttrykk for Arbeiderpartiets politiske latskap&nbsp;<span class=\"teft-card__primary-title-append\"><\/span><\/h2>\t\t\t\t<\/div>\n\t\t\t<\/div>\n\t\t<\/a>\n\t<\/div>\n\n\t<\/div><\/div>\t<\/div>\n<\/div>\n","protected":false},"excerpt":{"rendered":"","protected":false},"author":11570,"featured_media":0,"comment_status":"closed","ping_status":"closed","sticky":false,"template":"","format":"standard","meta":{"teft_cards_image_url":"","teft_cards_custom_pretitle":"","teft_cards_image_id":48,"teft_cards_image_focal_point_x":0.5,"teft_cards_image_focal_point_y":0.5,"teft_cards_title":"Vi m\u00e5 igjen f\u00e5 kontroll over \u00f8konomien","teft_cards_excerpt":"- Vi reduserer skattetrykket i en tid hvor alt er blitt dyrere.","teft_show_chapters":false,"author_display_name":"Tore Strandskog","footnotes":""},"category":[1],"post_tag":[],"hoyre-visibility":[],"article-type":[],"politician":[],"class_list":["post-47","post","type-post","status-publish","format-standard","hentry","category-ukategorisert"],"yoast_head":"<!-- This site is optimized with the Yoast SEO plugin v26.6 - https:\/\/yoast.com\/wordpress\/plugins\/seo\/ -->\n<title>Vi m\u00e5 igjen f\u00e5 kontroll over \u00f8konomien - Ullern H\u00f8yre<\/title>\n<meta name=\"robots\" content=\"index, follow, max-snippet:-1, max-image-preview:large, max-video-preview:-1\" \/>\n<link rel=\"canonical\" href=\"https:\/\/hoyre.no\/ullern\/aktuelt\/vi-ma-igjen-fa-kontroll-over-okonomien\/\" \/>\n<meta property=\"og:locale\" content=\"nb_NO\" \/>\n<meta property=\"og:type\" content=\"article\" \/>\n<meta property=\"og:title\" content=\"Vi m\u00e5 igjen f\u00e5 kontroll over \u00f8konomien - Ullern H\u00f8yre\" \/>\n<meta property=\"og:url\" content=\"https:\/\/hoyre.no\/ullern\/aktuelt\/vi-ma-igjen-fa-kontroll-over-okonomien\/\" \/>\n<meta property=\"og:site_name\" content=\"Ullern H\u00f8yre\" \/>\n<meta property=\"article:published_time\" content=\"2025-01-28T12:40:04+00:00\" \/>\n<meta property=\"article:modified_time\" content=\"2025-01-28T12:40:26+00:00\" \/>\n<meta property=\"og:image\" content=\"https:\/\/hoyre.no\/content\/uploads\/sites\/415\/2025\/02\/tore-strandskog-2-1024x819.jpg\" \/>\n<meta name=\"author\" content=\"Tage Slind Jensen\" \/>\n<meta name=\"twitter:card\" content=\"summary_large_image\" \/>\n<meta name=\"twitter:label1\" content=\"Skrevet av\" \/>\n\t<meta name=\"twitter:data1\" content=\"Tage Slind Jensen\" \/>\n\t<meta name=\"twitter:label2\" content=\"Ansl. lesetid\" \/>\n\t<meta name=\"twitter:data2\" content=\"3 minutter\" \/>\n<script type=\"application\/ld+json\" class=\"yoast-schema-graph\">{\"@context\":\"https:\/\/schema.org\",\"@graph\":[{\"@type\":\"NewsArticle\",\"@id\":\"https:\/\/hoyre.no\/ullern\/aktuelt\/vi-ma-igjen-fa-kontroll-over-okonomien\/\",\"url\":\"https:\/\/hoyre.no\/ullern\/aktuelt\/vi-ma-igjen-fa-kontroll-over-okonomien\/\",\"name\":\"Vi m\u00e5 igjen f\u00e5 kontroll over \u00f8konomien - Ullern H\u00f8yre\",\"isPartOf\":{\"@id\":\"https:\/\/hoyre.no\/ullern\/#website\"},\"datePublished\":\"2025-01-28T12:40:04+00:00\",\"dateModified\":\"2025-01-28T12:40:26+00:00\",\"author\":{\"@id\":\"https:\/\/hoyre.no\/ullern\/#\/schema\/person\/7b9b960167d3690f360a02c9729e2ce9\"},\"breadcrumb\":{\"@id\":\"https:\/\/hoyre.no\/ullern\/aktuelt\/vi-ma-igjen-fa-kontroll-over-okonomien\/#breadcrumb\"},\"inLanguage\":\"nb-NO\",\"potentialAction\":[{\"@type\":\"ReadAction\",\"target\":[\"https:\/\/hoyre.no\/ullern\/aktuelt\/vi-ma-igjen-fa-kontroll-over-okonomien\/\"]}]},{\"@type\":\"BreadcrumbList\",\"@id\":\"https:\/\/hoyre.no\/ullern\/aktuelt\/vi-ma-igjen-fa-kontroll-over-okonomien\/#breadcrumb\",\"itemListElement\":[{\"@type\":\"ListItem\",\"position\":1,\"name\":\"Til hoyre.no\",\"item\":\"https:\/\/hoyre.no\"},{\"@type\":\"ListItem\",\"position\":2,\"name\":\"Hjem\",\"item\":\"https:\/\/hoyre.no\/ullern\/\"},{\"@type\":\"ListItem\",\"position\":3,\"name\":\"Vi m\u00e5 igjen f\u00e5 kontroll over \u00f8konomien\"}]},{\"@type\":\"WebSite\",\"@id\":\"https:\/\/hoyre.no\/ullern\/#website\",\"url\":\"https:\/\/hoyre.no\/ullern\/\",\"name\":\"Ullern H\u00f8yre\",\"description\":\"Bare enda et H\u00f8yres nettsteder-nettsted\",\"inLanguage\":\"nb-NO\"},{\"@type\":\"Person\",\"@id\":\"https:\/\/hoyre.no\/ullern\/#\/schema\/person\/7b9b960167d3690f360a02c9729e2ce9\",\"name\":\"Tage Slind Jensen\",\"image\":{\"@type\":\"ImageObject\",\"inLanguage\":\"nb-NO\",\"@id\":\"https:\/\/hoyre.no\/ullern\/#\/schema\/person\/image\/\",\"url\":\"https:\/\/secure.gravatar.com\/avatar\/7ff31022bcc5422617c2eee5bc8183344803dba60c147897cfc83a88a4e2441d?s=96&d=mm&r=g\",\"contentUrl\":\"https:\/\/secure.gravatar.com\/avatar\/7ff31022bcc5422617c2eee5bc8183344803dba60c147897cfc83a88a4e2441d?s=96&d=mm&r=g\",\"caption\":\"Tage Slind Jensen\"},\"url\":\"https:\/\/hoyre.no\/ullern\/aktuelt\/author\/m51895688\/\"}]}<\/script>\n<!-- \/ Yoast SEO plugin. -->","yoast_head_json":{"title":"Vi m\u00e5 igjen f\u00e5 kontroll over \u00f8konomien - Ullern H\u00f8yre","robots":{"index":"index","follow":"follow","max-snippet":"max-snippet:-1","max-image-preview":"max-image-preview:large","max-video-preview":"max-video-preview:-1"},"canonical":"https:\/\/hoyre.no\/ullern\/aktuelt\/vi-ma-igjen-fa-kontroll-over-okonomien\/","og_locale":"nb_NO","og_type":"article","og_title":"Vi m\u00e5 igjen f\u00e5 kontroll over \u00f8konomien - Ullern H\u00f8yre","og_url":"https:\/\/hoyre.no\/ullern\/aktuelt\/vi-ma-igjen-fa-kontroll-over-okonomien\/","og_site_name":"Ullern H\u00f8yre","article_published_time":"2025-01-28T12:40:04+00:00","article_modified_time":"2025-01-28T12:40:26+00:00","og_image":[{"url":"https:\/\/hoyre.no\/content\/uploads\/sites\/415\/2025\/02\/tore-strandskog-2-1024x819.jpg","width":"","height":"","type":""}],"author":"Tage Slind Jensen","twitter_card":"summary_large_image","twitter_misc":{"Skrevet av":"Tage Slind Jensen","Ansl. lesetid":"3 minutter"},"schema":{"@context":"https:\/\/schema.org","@graph":[{"@type":"NewsArticle","@id":"https:\/\/hoyre.no\/ullern\/aktuelt\/vi-ma-igjen-fa-kontroll-over-okonomien\/","url":"https:\/\/hoyre.no\/ullern\/aktuelt\/vi-ma-igjen-fa-kontroll-over-okonomien\/","name":"Vi m\u00e5 igjen f\u00e5 kontroll over \u00f8konomien - Ullern H\u00f8yre","isPartOf":{"@id":"https:\/\/hoyre.no\/ullern\/#website"},"datePublished":"2025-01-28T12:40:04+00:00","dateModified":"2025-01-28T12:40:26+00:00","author":{"@id":"https:\/\/hoyre.no\/ullern\/#\/schema\/person\/7b9b960167d3690f360a02c9729e2ce9"},"breadcrumb":{"@id":"https:\/\/hoyre.no\/ullern\/aktuelt\/vi-ma-igjen-fa-kontroll-over-okonomien\/#breadcrumb"},"inLanguage":"nb-NO","potentialAction":[{"@type":"ReadAction","target":["https:\/\/hoyre.no\/ullern\/aktuelt\/vi-ma-igjen-fa-kontroll-over-okonomien\/"]}]},{"@type":"BreadcrumbList","@id":"https:\/\/hoyre.no\/ullern\/aktuelt\/vi-ma-igjen-fa-kontroll-over-okonomien\/#breadcrumb","itemListElement":[{"@type":"ListItem","position":1,"name":"Til hoyre.no","item":"https:\/\/hoyre.no"},{"@type":"ListItem","position":2,"name":"Hjem","item":"https:\/\/hoyre.no\/ullern\/"},{"@type":"ListItem","position":3,"name":"Vi m\u00e5 igjen f\u00e5 kontroll over \u00f8konomien"}]},{"@type":"WebSite","@id":"https:\/\/hoyre.no\/ullern\/#website","url":"https:\/\/hoyre.no\/ullern\/","name":"Ullern H\u00f8yre","description":"Bare enda et H\u00f8yres nettsteder-nettsted","inLanguage":"nb-NO"},{"@type":"Person","@id":"https:\/\/hoyre.no\/ullern\/#\/schema\/person\/7b9b960167d3690f360a02c9729e2ce9","name":"Tage Slind Jensen","image":{"@type":"ImageObject","inLanguage":"nb-NO","@id":"https:\/\/hoyre.no\/ullern\/#\/schema\/person\/image\/","url":"https:\/\/secure.gravatar.com\/avatar\/7ff31022bcc5422617c2eee5bc8183344803dba60c147897cfc83a88a4e2441d?s=96&d=mm&r=g","contentUrl":"https:\/\/secure.gravatar.com\/avatar\/7ff31022bcc5422617c2eee5bc8183344803dba60c147897cfc83a88a4e2441d?s=96&d=mm&r=g","caption":"Tage Slind Jensen"},"url":"https:\/\/hoyre.no\/ullern\/aktuelt\/author\/m51895688\/"}]}},"distributor_meta":false,"distributor_terms":false,"distributor_media":false,"distributor_original_site_name":"Ullern H\u00f8yre","distributor_original_site_url":"https:\/\/hoyre.no\/ullern","push-errors":false,"_links":{"self":[{"href":"https:\/\/hoyre.no\/ullern\/wp-json\/wp\/v2\/posts\/47","targetHints":{"allow":["GET"]}}],"collection":[{"href":"https:\/\/hoyre.no\/ullern\/wp-json\/wp\/v2\/posts"}],"about":[{"href":"https:\/\/hoyre.no\/ullern\/wp-json\/wp\/v2\/types\/post"}],"author":[{"embeddable":true,"href":"https:\/\/hoyre.no\/ullern\/wp-json\/wp\/v2\/users\/11570"}],"replies":[{"embeddable":true,"href":"https:\/\/hoyre.no\/ullern\/wp-json\/wp\/v2\/comments?post=47"}],"version-history":[{"count":2,"href":"https:\/\/hoyre.no\/ullern\/wp-json\/wp\/v2\/posts\/47\/revisions"}],"predecessor-version":[{"id":50,"href":"https:\/\/hoyre.no\/ullern\/wp-json\/wp\/v2\/posts\/47\/revisions\/50"}],"wp:attachment":[{"href":"https:\/\/hoyre.no\/ullern\/wp-json\/wp\/v2\/media?parent=47"}],"wp:term":[{"taxonomy":"category","embeddable":true,"href":"https:\/\/hoyre.no\/ullern\/wp-json\/wp\/v2\/category?post=47"},{"taxonomy":"post_tag","embeddable":true,"href":"https:\/\/hoyre.no\/ullern\/wp-json\/wp\/v2\/post_tag?post=47"},{"taxonomy":"hoyre-visibility","embeddable":true,"href":"https:\/\/hoyre.no\/ullern\/wp-json\/wp\/v2\/hoyre-visibility?post=47"},{"taxonomy":"article-type","embeddable":true,"href":"https:\/\/hoyre.no\/ullern\/wp-json\/wp\/v2\/article-type?post=47"},{"taxonomy":"politician","embeddable":true,"href":"https:\/\/hoyre.no\/ullern\/wp-json\/wp\/v2\/politician?post=47"}],"curies":[{"name":"wp","href":"https:\/\/api.w.org\/{rel}","templated":true}]}}