{"id":51,"date":"2025-02-12T09:47:51","date_gmt":"2025-02-12T08:47:51","guid":{"rendered":"https:\/\/hoyre.no\/ullern\/?p=51"},"modified":"2025-02-12T09:47:51","modified_gmt":"2025-02-12T08:47:51","slug":"bare-nok-et-uttrykk-for-arbeiderpartiets-politiske-latskap","status":"publish","type":"post","link":"https:\/\/hoyre.no\/ullern\/aktuelt\/bare-nok-et-uttrykk-for-arbeiderpartiets-politiske-latskap\/","title":{"rendered":"Bare nok et uttrykk for Arbeiderpartiets politiske latskap"},"content":{"rendered":"\n<p class=\"preamble\">&#8211; \u00c5 fremstille Arbeiderpartiet som storbyenes venn blir rimelig hult, skriver Tore Strandskog, gruppeleder for Ullern H\u00f8yre.<\/p>\t\t\t<div class=\"post-meta wp-block teft-byline-wrapper\">\n\t\t\t\t<div class=\"top\">\n\t\t\t\t\t<div class=\"signature\">\n\t\t\t\t\t\t<div class=\"teft-byline\">\n\t\t\t\t\t\t\t\t\t\t\t\t\t\t<div>\n\t\t\t\t\t\t\t\t<h3>H\u00f8yres redaksjon<\/h3>\t\t\t\t\t\t\t\t\n\t\t\t\t\t\t\t\t\t\t\t\t\t\t\t\t\t<span class=\"date\">Sist oppdatert: 12. februar 2025<\/span>\n\t\t\t\t\t\t\t\t\t\t\t\t\t\t\t\t\t\t\t\t\t\t\t\t\t<span class=\"reading-time\" itemprop=\"timeRequired\" content=\"PT3M\"><em>Ca. 3 minutter lesetid<\/em><\/span>\n\t\t\t\t\t\t\t\t\t\t\t\t\t\t\t<\/div>\n\t\t\t\t\t\t<\/div>\n\t\t\t\t\t<\/div>\n\t\t\t\t\t\t<div class=\"sharing\">\n\t\t<a class=\"share-button share-link copy-link\" data-copy=\"https:\/\/hoyre.no\/ullern\/aktuelt\/bare-nok-et-uttrykk-for-arbeiderpartiets-politiske-latskap\/\" target=\"_blank\"><span class=\"screen-reader-text\">Del link<\/span><\/a>\n\t\t<a class=\"share-button share-twitter\" href=\"http:\/\/twitter.com\/share?text=Bare nok et uttrykk for Arbeiderpartiets politiske latskap&#038;url=https:\/\/hoyre.no\/ullern\/aktuelt\/bare-nok-et-uttrykk-for-arbeiderpartiets-politiske-latskap\/&#038;hashtags=Hoyre\" target=\"_blank\"><span class=\"screen-reader-text\">Del p\u00e5 twitter<\/span><\/a>\n\t\t<a class=\"share-button share-facebook\" href=\"https:\/\/www.facebook.com\/sharer\/sharer.php?u=https:\/\/hoyre.no\/ullern\/aktuelt\/bare-nok-et-uttrykk-for-arbeiderpartiets-politiske-latskap\/\" target=\"_blank\"><span class=\"screen-reader-text\">Del p\u00e5 facebook<\/span><\/a>\n\t<\/div>\n\t\t\t\t\t<\/div>\n\t\t\t<\/div>\n\n\t\t\t<figure class=\"hoyre-image-wrapper\"><div class=\"hoyre-image\"><img loading=\"lazy\" decoding=\"async\" width=\"1500\" height=\"1200\" src=\"https:\/\/hoyre.no\/content\/uploads\/sites\/415\/2025\/02\/tore-strandskog-2.jpg\" class=\"attachment-scaled size-scaled\" alt=\"Tore Standskog er Ullern H\u00f8yres gruppeleder.\" style=\"object-position: 50% 50%\" srcset=\"https:\/\/hoyre.no\/content\/uploads\/sites\/415\/2025\/02\/tore-strandskog-2.jpg 1500w, https:\/\/hoyre.no\/content\/uploads\/sites\/415\/2025\/02\/tore-strandskog-2-300x240.jpg 300w, https:\/\/hoyre.no\/content\/uploads\/sites\/415\/2025\/02\/tore-strandskog-2-1024x819.jpg 1024w, https:\/\/hoyre.no\/content\/uploads\/sites\/415\/2025\/02\/tore-strandskog-2-768x614.jpg 768w\" sizes=\"auto, (max-width: 1500px) 100vw, 1500px\" \/><\/div><figcaption class=\"caption\">&#8211; H\u00f8yre reduserer vi eiendomsskatten for \u00e5 gj\u00f8re det lettere for vanlige boligeiere, skriver gruppeleder Tore Strandskog.<\/figcaption><\/figure>\n\n\n\n\n<p>Gard Titlestad, leder av Ullern Arbeiderparti og gruppeleder for Arbeiderpartiet i Bydelsutvalget Ullern,\u00a0hevder i sitt <a href=\"https:\/\/www.akersposten.no\/hoyrebyradet-kutter-i-eiendomsskatten-og-svinger-kutt-pisken-over-bydelene\/o\/5-142-223345\">tilsvar<\/a> til <a href=\"https:\/\/hoyre.no\/ullern\/aktuelt\/vi-ma-igjen-fa-kontroll-over-okonomien\/\">meg<\/a> at jeg har g\u00e5tt glipp av hans hovedpoenger\u00a0i hans argumentasjon mot redusert eiendomsskatt.<\/p>\n\n\n\n<p>S\u00e5 langt derifra! Jeg er bare grunnleggende uenig.<\/p>\n\n\n\n<h3 class=\"wp-block-heading\">Storbyfiendtlig regjering <\/h3>\n\n\n\n<p>D\u00e5rlig \u00f8konomistyring fra forrige byr\u00e5d, kombinert med en storbyfiendtlig regjering, har rammet Oslo hardt. Det at Titlestad n\u00e5 \u00f8nsker \u00e5 sende hele regningen til Oslos innbyggere, er bare nok et uttrykk for Arbeiderpartiets politiske latskap.<\/p>\n\n\n\n<p>I min virkelighet, og tilsynelatende i motsetning til Titlestad, er jeg bekymret over at Oslo, blant annet grunnet dagens politikk, mister inntekter i st\u00f8rrelsesorden 2,5 milliarder kroner. Spesielt ille er endringene i inntektssystemet, der regjeringen tar cirka 600 millioner ekstra fra Oslo, p\u00e5 toppen av cirka 8 milliarder \u00e5rlig. Nesten 1\/5 av Oslos inntekter omfordeles til andre kommuner.<\/p>\n\n\n\n<p>Et annet eksempel p\u00e5 urimelighet er at barnevernet i Oslo f\u00e5r betydelig mindre enn resten av landet. Bare dette alene representerer hele 300 millioner kroner. Dette skjer p\u00e5 toppen av at Oslo har s\u00e6regne utfordringer innen for eksempel kriminalitet og utenforskap. Samtidig klager Arbeiderpartiet p\u00e5 at kommunen ikke \u00f8ker skattebyrden p\u00e5 familier i Oslo i en tid der mange sliter med \u00f8konomien.<\/p>\n\n\n\n<p>Titlestad synes tydeligvis at dette er helt greit, og han viser derfor til at H\u00f8yre n\u00e5 reduserer eiendomsskatten med 140 millioner kroner i 2025. Dette er muligens en slags politisk logikk i Titlestads resonnement, men det er et resonnement jeg ikke deler.<\/p>\n\n\n\n<h3 class=\"wp-block-heading\">Eiendomsskatten rammer alle<\/h3>\n\n\n\n<p>H\u00f8yres svar p\u00e5 dette er n\u00f8dvendig stram \u00f8konomistyring og effektivisering, men hvor de svake gruppene blir skjermet. Samtidig reduserer vi eiendomsskatten for \u00e5 gj\u00f8re det lettere for vanlige boligeiere. Og det er dem dette betyr mest for, Titlestad.<\/p>\n\n\n\n<p>P\u00e5 Ullern er det veldig mange mennesker med vanlig inntekt, samt pensjonister, som sitter med dyre boliger, men som hverken har spesiell h\u00f8y inntekt eller penger i banken. Mange av dem er dessuten barnefamilier, og de trenger vi flere av i v\u00e5r bydel!<\/p>\n\n\n\n<p>Igjen blir Tilestads \u00abhovedpoeng\u00bb kun et uttrykk for politisk retorikk.<\/p>\n\n\n\n<h3 class=\"wp-block-heading\">Politikken blir den samme<\/h3>\n\n\n\n<p>N\u00e5r Titlestad n\u00e5 pr\u00f8ver \u00e5 fremstille Arbeiderpartiet, etter skilsmissen med Senterpartiet, som storbyenes venn, blir dette rimelig hult. En ren Arbeiderpartiregjering kan gjerne angre, og med rette, p\u00e5 alt det merkelige de gjorde i samspillet med Senterpartiet. Ikke minst i skattepolitikken, og i forhold til storbyene. \u00abSame shit, new wrapping\u00bb er her faktisk et dekkende uttrykk. Politikken blir den samme. At gamle politiske stjerner n\u00e5 har dukket opp p\u00e5 arenaen, endret ikke dette faktumet.<\/p>\n\n\n\n<p>Invitasjonen om \u00e5 ta en tur til Finansdepartementet st\u00e5r ved lag, Gard Titlestad. Kanskje Jens har tid til \u00e5 ta imot oss?<\/p>\n\n\n\n<p>Du kan ogs\u00e5 vise til at barnevernet i Oslo f\u00e5r betydelig mindre enn i resten av landet (300 millioner). Dette skjer p\u00e5 toppen av at Oslo har s\u00e6regne utfordringer inne for eksempel kriminalitet og utenforskap. Samtidig klager St\u00f8re p\u00e5 at kommunen ikke \u00f8ker skattebyrden p\u00e5 familier i Oslo i en tid der mange sliter med \u00f8konomien.<\/p>\n\n\n<div class=\"tags\">\n\t<\/div>\n<div class=\"post-footer alignfull has-background block-editor-block-list__block\" data-align=full>\n\t<div class=\"post-footer-inner\">\n\t\t<h3>Relaterte artikler<\/h3>\n\t\t<div class=\"related-content\"><div class=\"is-card-hoyre\">\n\t<div class=\"teft-card hoyre-teft-card post-teft-card\">\n\t\t<a href=\"https:\/\/hoyre.no\/ullern\/aktuelt\/vi-ma-igjen-fa-kontroll-over-okonomien\/\" class=\"teft-card__primary-action\">\n\n\t\t\t\t\t<div class=\"teft-card__media teft-card__media--16-9\">\n\t\t\t\t\t\t<img loading=\"lazy\" decoding=\"async\" width=\"768\" height=\"512\" src=\"https:\/\/hoyre.no\/content\/uploads\/sites\/415\/2025\/01\/ToreStrandskog2-ezgif.com-webp-to-jpg-converter-768x512.jpg\" class=\"attachment-medium_large size-medium_large\" alt=\"\" srcset=\"https:\/\/hoyre.no\/content\/uploads\/sites\/415\/2025\/01\/ToreStrandskog2-ezgif.com-webp-to-jpg-converter-768x512.jpg 768w, https:\/\/hoyre.no\/content\/uploads\/sites\/415\/2025\/01\/ToreStrandskog2-ezgif.com-webp-to-jpg-converter-300x200.jpg 300w, https:\/\/hoyre.no\/content\/uploads\/sites\/415\/2025\/01\/ToreStrandskog2-ezgif.com-webp-to-jpg-converter-1024x683.jpg 1024w, https:\/\/hoyre.no\/content\/uploads\/sites\/415\/2025\/01\/ToreStrandskog2-ezgif.com-webp-to-jpg-converter.jpg 1500w\" sizes=\"auto, (max-width: 768px) 100vw, 768px\" \/>\t\t<\/div>\n\t\t\n\t\t\t<div class=\"teft-card__content-wrapper\">\n\t\t\t\t<div class=\"teft-card__secondary\">\n\t\t\t\t\t\n\t\t\t\t\t\t\t\t<div class=\"teft-card__meta\">\n\t\t\t\t\t\t\t\t\t<span class=\"post-date\">28. jan 2025<\/span>\n\n\t\t\t\t\t\t\t\t\t\t\t\t\t\t\t\t\t<\/div>\n\t\t\t\t\t\t\t\t\t\t\t<\/div>\n\n\t\t\t\t<div class=\"teft-card__primary\">\n\t\t\t\t\t<h2 class=\"teft-card__title\">Vi m\u00e5 igjen f\u00e5 kontroll over \u00f8konomien&nbsp;<span class=\"teft-card__primary-title-append\"><\/span><\/h2>\t\t\t\t<\/div>\n\t\t\t<\/div>\n\t\t<\/a>\n\t<\/div>\n\n\t<\/div><\/div>\t<\/div>\n<\/div>\n","protected":false},"excerpt":{"rendered":"","protected":false},"author":11570,"featured_media":0,"comment_status":"closed","ping_status":"closed","sticky":false,"template":"","format":"standard","meta":{"teft_cards_image_url":"","teft_cards_custom_pretitle":"","teft_cards_image_id":52,"teft_cards_image_focal_point_x":0.5,"teft_cards_image_focal_point_y":0.5,"teft_cards_title":"Bare nok et uttrykk for Arbeiderpartiets politiske latskap","teft_cards_excerpt":"- \u00c5 fremstille Arbeiderpartiet som storbyenes venn blir rimelig hult.","teft_show_chapters":false,"author_display_name":"Tore Strandskog","footnotes":""},"category":[1],"post_tag":[],"hoyre-visibility":[],"article-type":[],"politician":[],"class_list":["post-51","post","type-post","status-publish","format-standard","hentry","category-ukategorisert"],"yoast_head":"<!-- This site is optimized with the Yoast SEO plugin v26.6 - https:\/\/yoast.com\/wordpress\/plugins\/seo\/ -->\n<title>Bare nok et uttrykk for Arbeiderpartiets politiske latskap - Ullern H\u00f8yre<\/title>\n<meta name=\"robots\" content=\"index, follow, max-snippet:-1, max-image-preview:large, max-video-preview:-1\" \/>\n<link rel=\"canonical\" href=\"https:\/\/hoyre.no\/ullern\/aktuelt\/bare-nok-et-uttrykk-for-arbeiderpartiets-politiske-latskap\/\" \/>\n<meta property=\"og:locale\" content=\"nb_NO\" \/>\n<meta property=\"og:type\" content=\"article\" \/>\n<meta property=\"og:title\" content=\"Bare nok et uttrykk for Arbeiderpartiets politiske latskap - Ullern H\u00f8yre\" \/>\n<meta property=\"og:url\" content=\"https:\/\/hoyre.no\/ullern\/aktuelt\/bare-nok-et-uttrykk-for-arbeiderpartiets-politiske-latskap\/\" \/>\n<meta property=\"og:site_name\" content=\"Ullern H\u00f8yre\" \/>\n<meta property=\"article:published_time\" content=\"2025-02-12T08:47:51+00:00\" \/>\n<meta property=\"og:image\" content=\"https:\/\/hoyre.no\/content\/uploads\/sites\/415\/2025\/01\/ToreStrandskog2-ezgif.com-webp-to-jpg-converter-1024x683.jpg\" \/>\n<meta name=\"author\" content=\"Tage Slind Jensen\" \/>\n<meta name=\"twitter:card\" content=\"summary_large_image\" \/>\n<meta name=\"twitter:label1\" content=\"Skrevet av\" \/>\n\t<meta name=\"twitter:data1\" content=\"Tage Slind Jensen\" \/>\n\t<meta name=\"twitter:label2\" content=\"Ansl. lesetid\" \/>\n\t<meta name=\"twitter:data2\" content=\"3 minutter\" \/>\n<script type=\"application\/ld+json\" class=\"yoast-schema-graph\">{\"@context\":\"https:\/\/schema.org\",\"@graph\":[{\"@type\":\"NewsArticle\",\"@id\":\"https:\/\/hoyre.no\/ullern\/aktuelt\/bare-nok-et-uttrykk-for-arbeiderpartiets-politiske-latskap\/\",\"url\":\"https:\/\/hoyre.no\/ullern\/aktuelt\/bare-nok-et-uttrykk-for-arbeiderpartiets-politiske-latskap\/\",\"name\":\"Bare nok et uttrykk for Arbeiderpartiets politiske latskap - Ullern H\u00f8yre\",\"isPartOf\":{\"@id\":\"https:\/\/hoyre.no\/ullern\/#website\"},\"datePublished\":\"2025-02-12T08:47:51+00:00\",\"author\":{\"@id\":\"https:\/\/hoyre.no\/ullern\/#\/schema\/person\/7b9b960167d3690f360a02c9729e2ce9\"},\"breadcrumb\":{\"@id\":\"https:\/\/hoyre.no\/ullern\/aktuelt\/bare-nok-et-uttrykk-for-arbeiderpartiets-politiske-latskap\/#breadcrumb\"},\"inLanguage\":\"nb-NO\",\"potentialAction\":[{\"@type\":\"ReadAction\",\"target\":[\"https:\/\/hoyre.no\/ullern\/aktuelt\/bare-nok-et-uttrykk-for-arbeiderpartiets-politiske-latskap\/\"]}]},{\"@type\":\"BreadcrumbList\",\"@id\":\"https:\/\/hoyre.no\/ullern\/aktuelt\/bare-nok-et-uttrykk-for-arbeiderpartiets-politiske-latskap\/#breadcrumb\",\"itemListElement\":[{\"@type\":\"ListItem\",\"position\":1,\"name\":\"Til hoyre.no\",\"item\":\"https:\/\/hoyre.no\"},{\"@type\":\"ListItem\",\"position\":2,\"name\":\"Hjem\",\"item\":\"https:\/\/hoyre.no\/ullern\/\"},{\"@type\":\"ListItem\",\"position\":3,\"name\":\"Bare nok et uttrykk for Arbeiderpartiets politiske latskap\"}]},{\"@type\":\"WebSite\",\"@id\":\"https:\/\/hoyre.no\/ullern\/#website\",\"url\":\"https:\/\/hoyre.no\/ullern\/\",\"name\":\"Ullern H\u00f8yre\",\"description\":\"Bare enda et H\u00f8yres nettsteder-nettsted\",\"inLanguage\":\"nb-NO\"},{\"@type\":\"Person\",\"@id\":\"https:\/\/hoyre.no\/ullern\/#\/schema\/person\/7b9b960167d3690f360a02c9729e2ce9\",\"name\":\"Tage Slind Jensen\",\"image\":{\"@type\":\"ImageObject\",\"inLanguage\":\"nb-NO\",\"@id\":\"https:\/\/hoyre.no\/ullern\/#\/schema\/person\/image\/\",\"url\":\"https:\/\/secure.gravatar.com\/avatar\/7ff31022bcc5422617c2eee5bc8183344803dba60c147897cfc83a88a4e2441d?s=96&d=mm&r=g\",\"contentUrl\":\"https:\/\/secure.gravatar.com\/avatar\/7ff31022bcc5422617c2eee5bc8183344803dba60c147897cfc83a88a4e2441d?s=96&d=mm&r=g\",\"caption\":\"Tage Slind Jensen\"},\"url\":\"https:\/\/hoyre.no\/ullern\/aktuelt\/author\/m51895688\/\"}]}<\/script>\n<!-- \/ Yoast SEO plugin. -->","yoast_head_json":{"title":"Bare nok et uttrykk for Arbeiderpartiets politiske latskap - Ullern H\u00f8yre","robots":{"index":"index","follow":"follow","max-snippet":"max-snippet:-1","max-image-preview":"max-image-preview:large","max-video-preview":"max-video-preview:-1"},"canonical":"https:\/\/hoyre.no\/ullern\/aktuelt\/bare-nok-et-uttrykk-for-arbeiderpartiets-politiske-latskap\/","og_locale":"nb_NO","og_type":"article","og_title":"Bare nok et uttrykk for Arbeiderpartiets politiske latskap - Ullern H\u00f8yre","og_url":"https:\/\/hoyre.no\/ullern\/aktuelt\/bare-nok-et-uttrykk-for-arbeiderpartiets-politiske-latskap\/","og_site_name":"Ullern H\u00f8yre","article_published_time":"2025-02-12T08:47:51+00:00","og_image":[{"url":"https:\/\/hoyre.no\/content\/uploads\/sites\/415\/2025\/01\/ToreStrandskog2-ezgif.com-webp-to-jpg-converter-1024x683.jpg","width":"","height":"","type":""}],"author":"Tage Slind Jensen","twitter_card":"summary_large_image","twitter_misc":{"Skrevet av":"Tage Slind Jensen","Ansl. lesetid":"3 minutter"},"schema":{"@context":"https:\/\/schema.org","@graph":[{"@type":"NewsArticle","@id":"https:\/\/hoyre.no\/ullern\/aktuelt\/bare-nok-et-uttrykk-for-arbeiderpartiets-politiske-latskap\/","url":"https:\/\/hoyre.no\/ullern\/aktuelt\/bare-nok-et-uttrykk-for-arbeiderpartiets-politiske-latskap\/","name":"Bare nok et uttrykk for Arbeiderpartiets politiske latskap - Ullern H\u00f8yre","isPartOf":{"@id":"https:\/\/hoyre.no\/ullern\/#website"},"datePublished":"2025-02-12T08:47:51+00:00","author":{"@id":"https:\/\/hoyre.no\/ullern\/#\/schema\/person\/7b9b960167d3690f360a02c9729e2ce9"},"breadcrumb":{"@id":"https:\/\/hoyre.no\/ullern\/aktuelt\/bare-nok-et-uttrykk-for-arbeiderpartiets-politiske-latskap\/#breadcrumb"},"inLanguage":"nb-NO","potentialAction":[{"@type":"ReadAction","target":["https:\/\/hoyre.no\/ullern\/aktuelt\/bare-nok-et-uttrykk-for-arbeiderpartiets-politiske-latskap\/"]}]},{"@type":"BreadcrumbList","@id":"https:\/\/hoyre.no\/ullern\/aktuelt\/bare-nok-et-uttrykk-for-arbeiderpartiets-politiske-latskap\/#breadcrumb","itemListElement":[{"@type":"ListItem","position":1,"name":"Til hoyre.no","item":"https:\/\/hoyre.no"},{"@type":"ListItem","position":2,"name":"Hjem","item":"https:\/\/hoyre.no\/ullern\/"},{"@type":"ListItem","position":3,"name":"Bare nok et uttrykk for Arbeiderpartiets politiske latskap"}]},{"@type":"WebSite","@id":"https:\/\/hoyre.no\/ullern\/#website","url":"https:\/\/hoyre.no\/ullern\/","name":"Ullern H\u00f8yre","description":"Bare enda et H\u00f8yres nettsteder-nettsted","inLanguage":"nb-NO"},{"@type":"Person","@id":"https:\/\/hoyre.no\/ullern\/#\/schema\/person\/7b9b960167d3690f360a02c9729e2ce9","name":"Tage Slind Jensen","image":{"@type":"ImageObject","inLanguage":"nb-NO","@id":"https:\/\/hoyre.no\/ullern\/#\/schema\/person\/image\/","url":"https:\/\/secure.gravatar.com\/avatar\/7ff31022bcc5422617c2eee5bc8183344803dba60c147897cfc83a88a4e2441d?s=96&d=mm&r=g","contentUrl":"https:\/\/secure.gravatar.com\/avatar\/7ff31022bcc5422617c2eee5bc8183344803dba60c147897cfc83a88a4e2441d?s=96&d=mm&r=g","caption":"Tage Slind Jensen"},"url":"https:\/\/hoyre.no\/ullern\/aktuelt\/author\/m51895688\/"}]}},"distributor_meta":false,"distributor_terms":false,"distributor_media":false,"distributor_original_site_name":"Ullern H\u00f8yre","distributor_original_site_url":"https:\/\/hoyre.no\/ullern","push-errors":false,"_links":{"self":[{"href":"https:\/\/hoyre.no\/ullern\/wp-json\/wp\/v2\/posts\/51","targetHints":{"allow":["GET"]}}],"collection":[{"href":"https:\/\/hoyre.no\/ullern\/wp-json\/wp\/v2\/posts"}],"about":[{"href":"https:\/\/hoyre.no\/ullern\/wp-json\/wp\/v2\/types\/post"}],"author":[{"embeddable":true,"href":"https:\/\/hoyre.no\/ullern\/wp-json\/wp\/v2\/users\/11570"}],"replies":[{"embeddable":true,"href":"https:\/\/hoyre.no\/ullern\/wp-json\/wp\/v2\/comments?post=51"}],"version-history":[{"count":1,"href":"https:\/\/hoyre.no\/ullern\/wp-json\/wp\/v2\/posts\/51\/revisions"}],"predecessor-version":[{"id":53,"href":"https:\/\/hoyre.no\/ullern\/wp-json\/wp\/v2\/posts\/51\/revisions\/53"}],"wp:attachment":[{"href":"https:\/\/hoyre.no\/ullern\/wp-json\/wp\/v2\/media?parent=51"}],"wp:term":[{"taxonomy":"category","embeddable":true,"href":"https:\/\/hoyre.no\/ullern\/wp-json\/wp\/v2\/category?post=51"},{"taxonomy":"post_tag","embeddable":true,"href":"https:\/\/hoyre.no\/ullern\/wp-json\/wp\/v2\/post_tag?post=51"},{"taxonomy":"hoyre-visibility","embeddable":true,"href":"https:\/\/hoyre.no\/ullern\/wp-json\/wp\/v2\/hoyre-visibility?post=51"},{"taxonomy":"article-type","embeddable":true,"href":"https:\/\/hoyre.no\/ullern\/wp-json\/wp\/v2\/article-type?post=51"},{"taxonomy":"politician","embeddable":true,"href":"https:\/\/hoyre.no\/ullern\/wp-json\/wp\/v2\/politician?post=51"}],"curies":[{"name":"wp","href":"https:\/\/api.w.org\/{rel}","templated":true}]}}