{"id":21,"date":"2020-09-09T22:00:00","date_gmt":"2020-09-09T20:00:00","guid":{"rendered":"https:\/\/hoyre.no\/vennesla\/aktuelt\/medlemsmote_vennesla_hoyre\/"},"modified":"2020-09-09T22:00:00","modified_gmt":"2020-09-09T20:00:00","slug":"medlemsmote_vennesla_hoyre","status":"publish","type":"post","link":"https:\/\/hoyre.no\/vennesla\/aktuelt\/medlemsmote_vennesla_hoyre\/","title":{"rendered":"Velkommen til \u00e5pent m\u00f8te"},"content":{"rendered":"<p class=\"preamble\">n Vennesla H\u00f8yre inviterer til et \u00e5pent m\u00f8te med blant annet en inspirerende og spennende politisk presentasjon ved Aase Marthe Horrigmo, statssekret\u00e6r i Kunnskapsdepartementet.n n<\/p>\t\t\t<div class=\"post-meta wp-block teft-byline-wrapper\">\n\t\t\t\t<div class=\"top\">\n\t\t\t\t\t<div class=\"signature\">\n\t\t\t\t\t\t<div class=\"teft-byline\">\n\t\t\t\t\t\t\t\t\t\t\t\t\t\t<div>\n\t\t\t\t\t\t\t\t<h3>H\u00f8yres redaksjon<\/h3>\t\t\t\t\t\t\t\t\n\t\t\t\t\t\t\t\t\t\t\t\t\t\t\t\t\t<span class=\"date\">Sist oppdatert: 9. september 2020<\/span>\n\t\t\t\t\t\t\t\t\t\t\t\t\t\t\t\t\t\t\t\t\t\t\t\t\t<span class=\"reading-time\" itemprop=\"timeRequired\" content=\"PT2M\"><em>Ca. 2 minutter lesetid<\/em><\/span>\n\t\t\t\t\t\t\t\t\t\t\t\t\t\t\t<\/div>\n\t\t\t\t\t\t<\/div>\n\t\t\t\t\t<\/div>\n\t\t\t\t\t\t<div class=\"sharing\">\n\t\t<a class=\"share-button share-link copy-link\" data-copy=\"https:\/\/hoyre.no\/vennesla\/aktuelt\/medlemsmote_vennesla_hoyre\/\" target=\"_blank\"><span class=\"screen-reader-text\">Del link<\/span><\/a>\n\t\t<a class=\"share-button share-twitter\" href=\"http:\/\/twitter.com\/share?text=Velkommen til \u00e5pent m\u00f8te&#038;url=https:\/\/hoyre.no\/vennesla\/aktuelt\/medlemsmote_vennesla_hoyre\/&#038;hashtags=Hoyre\" target=\"_blank\"><span class=\"screen-reader-text\">Del p\u00e5 twitter<\/span><\/a>\n\t\t<a class=\"share-button share-facebook\" href=\"https:\/\/www.facebook.com\/sharer\/sharer.php?u=https:\/\/hoyre.no\/vennesla\/aktuelt\/medlemsmote_vennesla_hoyre\/\" target=\"_blank\"><span class=\"screen-reader-text\">Del p\u00e5 facebook<\/span><\/a>\n\t<\/div>\n\t\t\t\t\t<\/div>\n\t\t\t<\/div>\n\n\t\t\t<figure class=\"hoyre-image-wrapper\"><div class=\"hoyre-image\"><img loading=\"lazy\" decoding=\"async\" width=\"1919\" height=\"1080\" src=\"https:\/\/hoyre.no\/content\/uploads\/sites\/21\/2020\/11\/vennesla_1_16x9.jpg\" class=\"attachment-scaled size-scaled\" alt=\"\" style=\"object-position: 50% 50%\" srcset=\"https:\/\/hoyre.no\/content\/uploads\/sites\/21\/2020\/11\/vennesla_1_16x9.jpg 1919w, https:\/\/hoyre.no\/content\/uploads\/sites\/21\/2020\/11\/vennesla_1_16x9-300x169.jpg 300w, https:\/\/hoyre.no\/content\/uploads\/sites\/21\/2020\/11\/vennesla_1_16x9-1024x576.jpg 1024w, https:\/\/hoyre.no\/content\/uploads\/sites\/21\/2020\/11\/vennesla_1_16x9-768x432.jpg 768w, https:\/\/hoyre.no\/content\/uploads\/sites\/21\/2020\/11\/vennesla_1_16x9-1536x864.jpg 1536w\" sizes=\"auto, (max-width: 1919px) 100vw, 1919px\" \/><\/div><\/figure><div id=\"hoyre-old-article-content-wrapper\"><p>n<\/p>n<section>n  <div>n    <div>n      <p>Vennesla H\u00f8yre inviterer alle medlemmer i lokallagene til Iveland, Kristiansand, Evje &#038;&#038; Hornnes H\u00f8yre til \u00e5pent m\u00f8te. Alle medlemmer har anledning til \u00e5 invitere med seg potensielle, nye medlemmer.<\/p>n      <p>Vi \u00f8nsker ogs\u00e5 alle medlemsbedrifter i Vennesla N\u00e6ringsforening varmt velkommen. (Man trenger ikke v\u00e6re medlem av H\u00f8yre for \u00e5 delta.)n        <br \/>n        <br \/>n      <\/p>n      <p><strong>Dato<\/strong>: mandag 28. septembern        <br \/><strong>Tid<\/strong>: kl. 18:00n        <br \/><strong>Sted<\/strong>: Oppm\u00f8te utenfor PM6 (Hunsfoss n\u00e6ringspark)<\/p>n      <h3>Program:<\/h3>n      <ul>n        <li>Vi f\u00e5r en presentasjon av Hunsfos N\u00e6ringspark<\/li>n        <li>Statssekret\u00e6r Aase Marthe Horrigmo presenterer 1.utkastet til H\u00f8yres stortingsvalgprogram og programarbeidet frem mot Stortingsvalget i 2021.n        <\/li>n        <li>Regionr\u00e5dgiver Tor Marius Markussen innleder om H\u00f8yres ideologi og verdigrunnlag<\/li>n      <\/ul>nn      <p>Enkel servering<\/p>nn      <p><strong>P\u00e5meldingsfrist: Innen 24. september kl. 12:00 <\/strong><\/p>n      <p>n        <br \/>n      <\/p>n      <h2><a href=\"https:\/\/www.checkin.no\/event\/25798\/aapent-medlemsmoete-med-vennesla-hoeyre\">MELD DEG P\u00c5 HER<\/a><br \/><\/h2>n      <p>n        <br \/>n      <\/p>n      <p><strong>COVID-19 OG SMITTEVERN<\/strong><\/p>n      <p>Konferansen blir arrangert ihht FHS smittevernsr\u00e5d.n        <br \/>n        <br \/>Vennesla H\u00f8yre er ansvarlig arrang\u00f8r. Alle lokaler og fasilitere vil bli vasket og spritet og arrangementet vil bli avholdt ihht helsemyndigheters anbefalinger. Vi m\u00e5 samtidig huske \u00e5 holde avstand, vaske hendene grundig og ta hensyn.n        <br \/>n        <br \/>Alle deltakere som opplever symptomer p\u00e5 luftveisinfeksjoner eller andre forkj\u00f8lelsessymptomer M\u00c5 holde seg hjemme.<\/p>n      <p>Ved sp\u00f8rsm\u00e5l, kontakt lokallagsleder Nina Ledang p\u00e5 e-post: <a href=\"mailto:nina.ledang@kiv.no\" target=\"_blank\" rel=\"noopener noreferrer\">nina.ledang@kiv.no<\/a><\/p>n    <\/div>n  <\/div>n<\/section>n<br \/>n<p><\/p><\/div>\n<div class=\"tags\">\n\t<\/div>\n<div class=\"post-footer alignfull has-background block-editor-block-list__block\" data-align=full>\n\t<div class=\"post-footer-inner\">\n\t\t<h3>Relaterte artikler<\/h3>\n\t\t<div class=\"related-content\"><div class=\"is-card-hoyre\">\n\t<div class=\"teft-card hoyre-teft-card post-teft-card\">\n\t\t<a href=\"https:\/\/hoyre.no\/vennesla\/aktuelt\/julehilsen-fra-vennesla-hoyre\/\" class=\"teft-card__primary-action\">\n\n\t\t\t\t\t<div class=\"teft-card__media teft-card__media--16-9\">\n\t\t\t\t\t\t<img loading=\"lazy\" decoding=\"async\" width=\"768\" height=\"401\" src=\"https:\/\/hoyre.no\/content\/uploads\/sites\/21\/2020\/12\/Jul2020-768x401.png\" class=\"attachment-medium_large size-medium_large\" alt=\"\" srcset=\"https:\/\/hoyre.no\/content\/uploads\/sites\/21\/2020\/12\/Jul2020-768x401.png 768w, https:\/\/hoyre.no\/content\/uploads\/sites\/21\/2020\/12\/Jul2020-300x157.png 300w, https:\/\/hoyre.no\/content\/uploads\/sites\/21\/2020\/12\/Jul2020.png 800w\" sizes=\"auto, (max-width: 768px) 100vw, 768px\" \/>\t\t<\/div>\n\t\t\n\t\t\t<div class=\"teft-card__content-wrapper\">\n\t\t\t\t<div class=\"teft-card__secondary\">\n\t\t\t\t\t\n\t\t\t\t\t\t\t\t<div class=\"teft-card__meta\">\n\t\t\t\t\t\t\t\t\t<span class=\"post-date\">22. des 2020<\/span>\n\n\t\t\t\t\t\t\t\t\t\t\t\t\t\t\t\t\t<\/div>\n\t\t\t\t\t\t\t\t\t\t\t<\/div>\n\n\t\t\t\t<div class=\"teft-card__primary\">\n\t\t\t\t\t<h2 class=\"teft-card__title\">Julehilsen fra Vennesla H\u00f8yre&nbsp;<span class=\"teft-card__primary-title-append\"><\/span><\/h2>\t\t\t\t<\/div>\n\t\t\t<\/div>\n\t\t<\/a>\n\t<\/div>\n\n\t<\/div><div class=\"is-card-hoyre\">\n\t<div class=\"teft-card hoyre-teft-card post-teft-card\">\n\t\t<a href=\"https:\/\/hoyre.no\/vennesla\/aktuelt\/partiprogram_2019_2023\/\" class=\"teft-card__primary-action\">\n\n\t\t\t\t\t<div class=\"teft-card__media teft-card__media--16-9\">\n\t\t\t\t\t\t<img loading=\"lazy\" decoding=\"async\" width=\"768\" height=\"432\" src=\"https:\/\/hoyre.no\/content\/uploads\/sites\/21\/2020\/11\/vennesla_om_varen_14-768x432.jpg\" class=\"attachment-medium_large size-medium_large\" alt=\"\" srcset=\"https:\/\/hoyre.no\/content\/uploads\/sites\/21\/2020\/11\/vennesla_om_varen_14-768x432.jpg 768w, https:\/\/hoyre.no\/content\/uploads\/sites\/21\/2020\/11\/vennesla_om_varen_14-300x169.jpg 300w, https:\/\/hoyre.no\/content\/uploads\/sites\/21\/2020\/11\/vennesla_om_varen_14-1024x576.jpg 1024w, https:\/\/hoyre.no\/content\/uploads\/sites\/21\/2020\/11\/vennesla_om_varen_14-1536x864.jpg 1536w, https:\/\/hoyre.no\/content\/uploads\/sites\/21\/2020\/11\/vennesla_om_varen_14-2048x1152.jpg 2048w\" sizes=\"auto, (max-width: 768px) 100vw, 768px\" \/>\t\t<\/div>\n\t\t\n\t\t\t<div class=\"teft-card__content-wrapper\">\n\t\t\t\t<div class=\"teft-card__secondary\">\n\t\t\t\t\t\n\t\t\t\t\t\t\t\t<div class=\"teft-card__meta\">\n\t\t\t\t\t\t\t\t\t<span class=\"post-date\">7. mai 2019<\/span>\n\n\t\t\t\t\t\t\t\t\t\t\t\t\t\t\t\t\t<\/div>\n\t\t\t\t\t\t\t\t\t\t\t<\/div>\n\n\t\t\t\t<div class=\"teft-card__primary\">\n\t\t\t\t\t<h2 class=\"teft-card__title\">Partiprogram 2019-2023&nbsp;<span class=\"teft-card__primary-title-append\"><\/span><\/h2>\t\t\t\t<\/div>\n\t\t\t<\/div>\n\t\t<\/a>\n\t<\/div>\n\n\t<\/div><div class=\"is-card-hoyre\">\n\t<div class=\"teft-card hoyre-teft-card post-teft-card\">\n\t\t<a href=\"https:\/\/hoyre.no\/vennesla\/aktuelt\/kandidater_til_kommunevalg_2019\/\" class=\"teft-card__primary-action\">\n\n\t\t\t\t\t<div class=\"teft-card__media teft-card__media--16-9\">\n\t\t\t\t\t\t<img loading=\"lazy\" decoding=\"async\" width=\"768\" height=\"281\" src=\"https:\/\/hoyre.no\/content\/uploads\/sites\/21\/2020\/11\/setesdal_om_vinteren-768x281.jpg\" class=\"attachment-medium_large size-medium_large\" alt=\"\" srcset=\"https:\/\/hoyre.no\/content\/uploads\/sites\/21\/2020\/11\/setesdal_om_vinteren-768x281.jpg 768w, https:\/\/hoyre.no\/content\/uploads\/sites\/21\/2020\/11\/setesdal_om_vinteren-300x110.jpg 300w, https:\/\/hoyre.no\/content\/uploads\/sites\/21\/2020\/11\/setesdal_om_vinteren-1024x374.jpg 1024w, https:\/\/hoyre.no\/content\/uploads\/sites\/21\/2020\/11\/setesdal_om_vinteren-1536x561.jpg 1536w, https:\/\/hoyre.no\/content\/uploads\/sites\/21\/2020\/11\/setesdal_om_vinteren-2048x748.jpg 2048w\" sizes=\"auto, (max-width: 768px) 100vw, 768px\" \/>\t\t<\/div>\n\t\t\n\t\t\t<div class=\"teft-card__content-wrapper\">\n\t\t\t\t<div class=\"teft-card__secondary\">\n\t\t\t\t\t\n\t\t\t\t\t\t\t\t<div class=\"teft-card__meta\">\n\t\t\t\t\t\t\t\t\t<span class=\"post-date\">28. nov 2018<\/span>\n\n\t\t\t\t\t\t\t\t\t\t\t\t\t\t\t\t\t<\/div>\n\t\t\t\t\t\t\t\t\t\t\t<\/div>\n\n\t\t\t\t<div class=\"teft-card__primary\">\n\t\t\t\t\t<h2 class=\"teft-card__title\">KANDIDATER TIL KOMMUNEVALG 2019&nbsp;<span class=\"teft-card__primary-title-append\"><\/span><\/h2>\t\t\t\t<\/div>\n\t\t\t<\/div>\n\t\t<\/a>\n\t<\/div>\n\n\t<\/div><\/div>\t<\/div>\n<\/div>\n","protected":false},"excerpt":{"rendered":"","protected":false},"author":0,"featured_media":0,"comment_status":"open","ping_status":"open","sticky":false,"template":"","format":"standard","meta":{"teft_cards_image_url":"https:\/\/hoyre.no\/content\/uploads\/sites\/21\/2020\/11\/vennesla_1_16x9.jpg","teft_cards_custom_pretitle":"","teft_cards_image_id":20,"teft_cards_image_focal_point_x":0,"teft_cards_image_focal_point_y":0,"teft_cards_title":"","teft_cards_excerpt":"","teft_show_chapters":false,"author_display_name":"Vennesla H\u00f8yre","footnotes":""},"category":[1],"post_tag":[],"hoyre-visibility":[],"article-type":[],"politician":[],"class_list":["post-21","post","type-post","status-publish","format-standard","hentry","category-ukategorisert"],"yoast_head":"<!-- This site is optimized with the Yoast SEO plugin v26.6 - https:\/\/yoast.com\/wordpress\/plugins\/seo\/ -->\n<title>Velkommen til \u00e5pent m\u00f8te - Vennesla H\u00f8yre<\/title>\n<meta name=\"robots\" content=\"index, follow, max-snippet:-1, max-image-preview:large, max-video-preview:-1\" \/>\n<link rel=\"canonical\" href=\"https:\/\/hoyre.no\/vennesla\/aktuelt\/medlemsmote_vennesla_hoyre\/\" \/>\n<meta property=\"og:locale\" content=\"nb_NO\" \/>\n<meta property=\"og:type\" content=\"article\" \/>\n<meta property=\"og:title\" content=\"Velkommen til \u00e5pent m\u00f8te - Vennesla H\u00f8yre\" \/>\n<meta property=\"og:url\" content=\"https:\/\/hoyre.no\/vennesla\/aktuelt\/medlemsmote_vennesla_hoyre\/\" \/>\n<meta property=\"og:site_name\" content=\"Vennesla H\u00f8yre\" \/>\n<meta property=\"article:published_time\" content=\"2020-09-09T20:00:00+00:00\" \/>\n<meta property=\"og:image\" content=\"https:\/\/hoyre.no\/content\/uploads\/sites\/21\/2020\/11\/setesdal_om_vinteren-1024x374.jpg\" \/>\n<meta name=\"twitter:card\" content=\"summary_large_image\" \/>\n<meta name=\"twitter:label1\" content=\"Ansl. lesetid\" \/>\n\t<meta name=\"twitter:data1\" content=\"1 minutt\" \/>\n<script type=\"application\/ld+json\" class=\"yoast-schema-graph\">{\"@context\":\"https:\/\/schema.org\",\"@graph\":[{\"@type\":\"NewsArticle\",\"@id\":\"https:\/\/hoyre.no\/vennesla\/aktuelt\/medlemsmote_vennesla_hoyre\/\",\"url\":\"https:\/\/hoyre.no\/vennesla\/aktuelt\/medlemsmote_vennesla_hoyre\/\",\"name\":\"Velkommen til \u00e5pent m\u00f8te - Vennesla H\u00f8yre\",\"isPartOf\":{\"@id\":\"https:\/\/hoyre.no\/vennesla\/#website\"},\"datePublished\":\"2020-09-09T20:00:00+00:00\",\"author\":{\"@id\":\"\"},\"breadcrumb\":{\"@id\":\"https:\/\/hoyre.no\/vennesla\/aktuelt\/medlemsmote_vennesla_hoyre\/#breadcrumb\"},\"inLanguage\":\"nb-NO\",\"potentialAction\":[{\"@type\":\"ReadAction\",\"target\":[\"https:\/\/hoyre.no\/vennesla\/aktuelt\/medlemsmote_vennesla_hoyre\/\"]}]},{\"@type\":\"BreadcrumbList\",\"@id\":\"https:\/\/hoyre.no\/vennesla\/aktuelt\/medlemsmote_vennesla_hoyre\/#breadcrumb\",\"itemListElement\":[{\"@type\":\"ListItem\",\"position\":1,\"name\":\"Til hoyre.no\",\"item\":\"https:\/\/hoyre.no\"},{\"@type\":\"ListItem\",\"position\":2,\"name\":\"Hjem\",\"item\":\"https:\/\/hoyre.no\/vennesla\/\"},{\"@type\":\"ListItem\",\"position\":3,\"name\":\"Velkommen til \u00e5pent m\u00f8te\"}]},{\"@type\":\"WebSite\",\"@id\":\"https:\/\/hoyre.no\/vennesla\/#website\",\"url\":\"https:\/\/hoyre.no\/vennesla\/\",\"name\":\"Vennesla H\u00f8yre\",\"description\":\"Bare enda et H\u00f8yres nettsteder-nettsted\",\"inLanguage\":\"nb-NO\"}]}<\/script>\n<!-- \/ Yoast SEO plugin. -->","yoast_head_json":{"title":"Velkommen til \u00e5pent m\u00f8te - Vennesla H\u00f8yre","robots":{"index":"index","follow":"follow","max-snippet":"max-snippet:-1","max-image-preview":"max-image-preview:large","max-video-preview":"max-video-preview:-1"},"canonical":"https:\/\/hoyre.no\/vennesla\/aktuelt\/medlemsmote_vennesla_hoyre\/","og_locale":"nb_NO","og_type":"article","og_title":"Velkommen til \u00e5pent m\u00f8te - Vennesla H\u00f8yre","og_url":"https:\/\/hoyre.no\/vennesla\/aktuelt\/medlemsmote_vennesla_hoyre\/","og_site_name":"Vennesla H\u00f8yre","article_published_time":"2020-09-09T20:00:00+00:00","og_image":[{"url":"https:\/\/hoyre.no\/content\/uploads\/sites\/21\/2020\/11\/setesdal_om_vinteren-1024x374.jpg","width":"","height":"","type":""}],"twitter_card":"summary_large_image","twitter_misc":{"Ansl. lesetid":"1 minutt"},"schema":{"@context":"https:\/\/schema.org","@graph":[{"@type":"NewsArticle","@id":"https:\/\/hoyre.no\/vennesla\/aktuelt\/medlemsmote_vennesla_hoyre\/","url":"https:\/\/hoyre.no\/vennesla\/aktuelt\/medlemsmote_vennesla_hoyre\/","name":"Velkommen til \u00e5pent m\u00f8te - Vennesla H\u00f8yre","isPartOf":{"@id":"https:\/\/hoyre.no\/vennesla\/#website"},"datePublished":"2020-09-09T20:00:00+00:00","author":{"@id":""},"breadcrumb":{"@id":"https:\/\/hoyre.no\/vennesla\/aktuelt\/medlemsmote_vennesla_hoyre\/#breadcrumb"},"inLanguage":"nb-NO","potentialAction":[{"@type":"ReadAction","target":["https:\/\/hoyre.no\/vennesla\/aktuelt\/medlemsmote_vennesla_hoyre\/"]}]},{"@type":"BreadcrumbList","@id":"https:\/\/hoyre.no\/vennesla\/aktuelt\/medlemsmote_vennesla_hoyre\/#breadcrumb","itemListElement":[{"@type":"ListItem","position":1,"name":"Til hoyre.no","item":"https:\/\/hoyre.no"},{"@type":"ListItem","position":2,"name":"Hjem","item":"https:\/\/hoyre.no\/vennesla\/"},{"@type":"ListItem","position":3,"name":"Velkommen til \u00e5pent m\u00f8te"}]},{"@type":"WebSite","@id":"https:\/\/hoyre.no\/vennesla\/#website","url":"https:\/\/hoyre.no\/vennesla\/","name":"Vennesla H\u00f8yre","description":"Bare enda et H\u00f8yres nettsteder-nettsted","inLanguage":"nb-NO"}]}},"distributor_meta":false,"distributor_terms":false,"distributor_media":false,"distributor_original_site_name":"Vennesla H\u00f8yre","distributor_original_site_url":"https:\/\/hoyre.no\/vennesla","push-errors":false,"_links":{"self":[{"href":"https:\/\/hoyre.no\/vennesla\/wp-json\/wp\/v2\/posts\/21","targetHints":{"allow":["GET"]}}],"collection":[{"href":"https:\/\/hoyre.no\/vennesla\/wp-json\/wp\/v2\/posts"}],"about":[{"href":"https:\/\/hoyre.no\/vennesla\/wp-json\/wp\/v2\/types\/post"}],"replies":[{"embeddable":true,"href":"https:\/\/hoyre.no\/vennesla\/wp-json\/wp\/v2\/comments?post=21"}],"version-history":[{"count":0,"href":"https:\/\/hoyre.no\/vennesla\/wp-json\/wp\/v2\/posts\/21\/revisions"}],"wp:attachment":[{"href":"https:\/\/hoyre.no\/vennesla\/wp-json\/wp\/v2\/media?parent=21"}],"wp:term":[{"taxonomy":"category","embeddable":true,"href":"https:\/\/hoyre.no\/vennesla\/wp-json\/wp\/v2\/category?post=21"},{"taxonomy":"post_tag","embeddable":true,"href":"https:\/\/hoyre.no\/vennesla\/wp-json\/wp\/v2\/post_tag?post=21"},{"taxonomy":"hoyre-visibility","embeddable":true,"href":"https:\/\/hoyre.no\/vennesla\/wp-json\/wp\/v2\/hoyre-visibility?post=21"},{"taxonomy":"article-type","embeddable":true,"href":"https:\/\/hoyre.no\/vennesla\/wp-json\/wp\/v2\/article-type?post=21"},{"taxonomy":"politician","embeddable":true,"href":"https:\/\/hoyre.no\/vennesla\/wp-json\/wp\/v2\/politician?post=21"}],"curies":[{"name":"wp","href":"https:\/\/api.w.org\/{rel}","templated":true}]}}