{"id":769,"date":"2024-10-14T13:16:20","date_gmt":"2024-10-14T11:16:20","guid":{"rendered":"https:\/\/hoyre.no\/vestfold\/?p=769"},"modified":"2024-10-14T13:32:43","modified_gmt":"2024-10-14T11:32:43","slug":"stortingsnominasjon-2025","status":"publish","type":"post","link":"https:\/\/hoyre.no\/vestfold\/aktuelt\/stortingsnominasjon-2025\/","title":{"rendered":"Nominasjonskomiteens innstilling til stortingsvalglisten 2025"},"content":{"rendered":"\n<p class=\"preamble\">Nominasjonskomit\u00e9en for stortingsvalgslisten 2025 er klar med sin innstilling. Innstillingen er enstemmig.<\/p>\t\t\t<div class=\"post-meta wp-block teft-byline-wrapper\">\n\t\t\t\t<div class=\"top\">\n\t\t\t\t\t<div class=\"signature\">\n\t\t\t\t\t\t<div class=\"teft-byline\">\n\t\t\t\t\t\t\t\t\t\t\t\t\t\t<div>\n\t\t\t\t\t\t\t\t<h3>H\u00f8yres redaksjon<\/h3>\t\t\t\t\t\t\t\t\n\t\t\t\t\t\t\t\t\t\t\t\t\t\t\t\t\t<span class=\"date\">Sist oppdatert: 14. oktober 2024<\/span>\n\t\t\t\t\t\t\t\t\t\t\t\t\t\t\t\t\t\t\t\t\t\t\t\t\t<span class=\"reading-time\" itemprop=\"timeRequired\" content=\"PT1M\"><em>Ca. 1 minutter lesetid<\/em><\/span>\n\t\t\t\t\t\t\t\t\t\t\t\t\t\t\t<\/div>\n\t\t\t\t\t\t<\/div>\n\t\t\t\t\t<\/div>\n\t\t\t\t\t\t<div class=\"sharing\">\n\t\t<a class=\"share-button share-link copy-link\" data-copy=\"https:\/\/hoyre.no\/vestfold\/aktuelt\/stortingsnominasjon-2025\/\" target=\"_blank\"><span class=\"screen-reader-text\">Del link<\/span><\/a>\n\t\t<a class=\"share-button share-twitter\" href=\"http:\/\/twitter.com\/share?text=Nominasjonskomiteens innstilling til stortingsvalglisten 2025&#038;url=https:\/\/hoyre.no\/vestfold\/aktuelt\/stortingsnominasjon-2025\/&#038;hashtags=Hoyre\" target=\"_blank\"><span class=\"screen-reader-text\">Del p\u00e5 twitter<\/span><\/a>\n\t\t<a class=\"share-button share-facebook\" href=\"https:\/\/www.facebook.com\/sharer\/sharer.php?u=https:\/\/hoyre.no\/vestfold\/aktuelt\/stortingsnominasjon-2025\/\" target=\"_blank\"><span class=\"screen-reader-text\">Del p\u00e5 facebook<\/span><\/a>\n\t<\/div>\n\t\t\t\t\t<\/div>\n\t\t\t<\/div>\n\n\t\t\t<figure class=\"hoyre-image-wrapper\"><div class=\"hoyre-image\"><img loading=\"lazy\" decoding=\"async\" width=\"630\" height=\"630\" src=\"https:\/\/hoyre.no\/content\/uploads\/sites\/428\/2024\/10\/Erlend_1-COLLAGE.jpg\" class=\"attachment-scaled size-scaled\" alt=\"\" style=\"object-position: 26% 21%\" srcset=\"https:\/\/hoyre.no\/content\/uploads\/sites\/428\/2024\/10\/Erlend_1-COLLAGE.jpg 630w, https:\/\/hoyre.no\/content\/uploads\/sites\/428\/2024\/10\/Erlend_1-COLLAGE-300x300.jpg 300w, https:\/\/hoyre.no\/content\/uploads\/sites\/428\/2024\/10\/Erlend_1-COLLAGE-150x150.jpg 150w\" sizes=\"auto, (max-width: 630px) 100vw, 630px\" \/><\/div><\/figure>\n\n\n\n\n<p><strong>Nominasjonskomiteens innstilling Stortingsvalget 2025<\/strong><\/p>\n\n\n\n<p>Nominasjonskomit\u00e9en for stortingsvalgslisten 2025 er klar med sin innstilling. Innstillingen er enstemmig. Sittende stortingsrepresentant Erlend Larsen fra Sandefjord f\u00e5r fornyet tillit p\u00e5 1. plassen. Komiteen har innstilt Mathias Willassen Hanssen fra T\u00f8nsberg som nr. 2. P\u00e5 3. plass er det Rita Kilv\u00e6r fra Larvik som er innstilt. Den endelige listen velges p\u00e5 Nominasjonsm\u00f8tet i T\u00f8nsberg 1. november.<\/p>\n\n\n\n<p>&#8211; Komiteen er veldig forn\u00f8yd med at vi har kommet frem til et listeforslag som hele komiteen st\u00f8tter, og som vi ogs\u00e5 tror nominasjonsm\u00f8tet kan stille seg bak. Vi mener ogs\u00e5 at listen reflekterer at vi har stort mangfold b\u00e5de i kj\u00f8nn, alder og geografisk spredning blant v\u00e5re dyktige politikere i fylket, uttaler leder av komit\u00e9en Tine Ramberg.<\/p>\n\n\n\n<p><strong>Innstillingen fra nominasjonskomit\u00e9en i Vestfold H\u00f8yre<\/strong><\/p>\n\n\n\n<figure class=\"wp-block-table\"><table><tbody><tr><td><strong>Kand nr<\/strong><\/td><td><strong>Etternavn<\/strong><\/td><td><strong>Fornavn<\/strong><\/td><td><strong>Kommune<\/strong><\/td><td><strong>Alder<\/strong><\/td><\/tr><tr><td>1<\/td><td>Larsen<\/td><td>Erlend<\/td><td>Sandefjord<\/td><td>59<\/td><\/tr><tr><td>2<\/td><td>Hanssen<\/td><td>Mathias Willassen<\/td><td>T\u00f8nsberg<\/td><td>27<\/td><\/tr><tr><td>3<\/td><td>Kilv\u00e6r<\/td><td>Rita<\/td><td>Larvik<\/td><td>52<\/td><\/tr><tr><td>4<\/td><td>Wike<\/td><td>Hedda<\/td><td>Holmestrand<\/td><td>24<\/td><\/tr><tr><td>5<\/td><td>Fl\u00e5tten<\/td><td>Mats<\/td><td>Sandefjord<\/td><td>22<\/td><\/tr><tr><td>6<\/td><td>Hermanstad<\/td><td>Natalie<\/td><td>Horten<\/td><td>52<\/td><\/tr><tr><td>7<\/td><td>L\u00f8ken<\/td><td>Jan Birger<\/td><td>Larvik<\/td><td>60<\/td><\/tr><tr><td>8<\/td><td>Undem<\/td><td>Jill Eirin<\/td><td>T\u00f8nsberg<\/td><td>46<\/td><\/tr><tr><td>9<\/td><td>Leet<\/td><td>Aleksander Hamre<\/td><td>Holmestrand<\/td><td>38<\/td><\/tr><tr><td>10<\/td><td>Neziri<\/td><td>Yllka<\/td><td>Sandefjord<\/td><td>44<\/td><\/tr><tr><td>11<\/td><td>\u00d8ygarden<\/td><td>Tove<\/td><td>T\u00f8nsberg<\/td><td>60<\/td><\/tr><tr><td>12<\/td><td>L\u00f8vlie<\/td><td>Pernille Eik Lunde<\/td><td>Horten<\/td><td>48<\/td><\/tr><tr><td>13<\/td><td>Fagerberg<\/td><td>Linn<\/td><td>Horten<\/td><td>49<\/td><\/tr><\/tbody><\/table><\/figure>\n\n\n<div class=\"tags\">\n\t<\/div>\n<div class=\"post-footer alignfull has-background block-editor-block-list__block\" data-align=full>\n\t<div class=\"post-footer-inner\">\n\t\t<h3>Relaterte artikler<\/h3>\n\t\t<div class=\"related-content\"><div class=\"is-card-hoyre\">\n\t<div class=\"teft-card hoyre-teft-card post-teft-card\">\n\t\t<a href=\"https:\/\/hoyre.no\/vestfold\/aktuelt\/ny-regjering-er-var-viktigste-jobb-i-2025\/\" class=\"teft-card__primary-action\">\n\n\t\t\t\t\t<div class=\"teft-card__media teft-card__media--16-9\">\n\t\t\t\t\t\t<img loading=\"lazy\" decoding=\"async\" width=\"768\" height=\"576\" src=\"https:\/\/hoyre.no\/content\/uploads\/sites\/428\/2025\/01\/IMG_0599-768x576.jpeg\" class=\"attachment-medium_large size-medium_large\" alt=\"Fylkestingsvalg 2027 vil du bidra?\" srcset=\"https:\/\/hoyre.no\/content\/uploads\/sites\/428\/2025\/01\/IMG_0599-768x576.jpeg 768w, https:\/\/hoyre.no\/content\/uploads\/sites\/428\/2025\/01\/IMG_0599-300x225.jpeg 300w, https:\/\/hoyre.no\/content\/uploads\/sites\/428\/2025\/01\/IMG_0599-1024x768.jpeg 1024w, https:\/\/hoyre.no\/content\/uploads\/sites\/428\/2025\/01\/IMG_0599-1536x1152.jpeg 1536w, https:\/\/hoyre.no\/content\/uploads\/sites\/428\/2025\/01\/IMG_0599.jpeg 2016w\" sizes=\"auto, (max-width: 768px) 100vw, 768px\" \/>\t\t<\/div>\n\t\t\n\t\t\t<div class=\"teft-card__content-wrapper\">\n\t\t\t\t<div class=\"teft-card__secondary\">\n\t\t\t\t\t\n\t\t\t\t\t\t\t\t<div class=\"teft-card__meta\">\n\t\t\t\t\t\t\t\t\t<span class=\"post-date\">7. jan 2025<\/span>\n\n\t\t\t\t\t\t\t\t\t<span class=\"post-category\">Fylkestingsvalg<\/span>\t\t\t\t\t\t\t\t<\/div>\n\t\t\t\t\t\t\t\t\t\t\t<\/div>\n\n\t\t\t\t<div class=\"teft-card__primary\">\n\t\t\t\t\t<h2 class=\"teft-card__title\">V\u00e5r viktigste jobb n\u00e5 er valgseier i Vestfold i 2027&nbsp;<span class=\"teft-card__primary-title-append\"><\/span><\/h2>\t\t\t\t<\/div>\n\t\t\t<\/div>\n\t\t<\/a>\n\t<\/div>\n\n\t<\/div><div class=\"is-card-hoyre\">\n\t<div class=\"teft-card hoyre-teft-card post-teft-card\">\n\t\t<a href=\"https:\/\/hoyre.no\/vestfold\/aktuelt\/resultater-fra-ur-og-provenominasjonene-stortingsvalg-2025-2\/\" class=\"teft-card__primary-action\">\n\n\t\t\t\t\t<div class=\"teft-card__media teft-card__media--16-9\">\n\t\t\t\t\t\t<img loading=\"lazy\" decoding=\"async\" width=\"768\" height=\"518\" src=\"https:\/\/hoyre.no\/content\/uploads\/sites\/428\/2024\/08\/Stortinget-Foto-Mona-Grann-Meyer-mars-2024-768x518.jpg\" class=\"attachment-medium_large size-medium_large\" alt=\"\" srcset=\"https:\/\/hoyre.no\/content\/uploads\/sites\/428\/2024\/08\/Stortinget-Foto-Mona-Grann-Meyer-mars-2024-768x518.jpg 768w, https:\/\/hoyre.no\/content\/uploads\/sites\/428\/2024\/08\/Stortinget-Foto-Mona-Grann-Meyer-mars-2024-300x202.jpg 300w, https:\/\/hoyre.no\/content\/uploads\/sites\/428\/2024\/08\/Stortinget-Foto-Mona-Grann-Meyer-mars-2024-1024x690.jpg 1024w, https:\/\/hoyre.no\/content\/uploads\/sites\/428\/2024\/08\/Stortinget-Foto-Mona-Grann-Meyer-mars-2024-1536x1036.jpg 1536w, https:\/\/hoyre.no\/content\/uploads\/sites\/428\/2024\/08\/Stortinget-Foto-Mona-Grann-Meyer-mars-2024-2048x1381.jpg 2048w\" sizes=\"auto, (max-width: 768px) 100vw, 768px\" \/>\t\t<\/div>\n\t\t\n\t\t\t<div class=\"teft-card__content-wrapper\">\n\t\t\t\t<div class=\"teft-card__secondary\">\n\t\t\t\t\t\n\t\t\t\t\t\t\t\t<div class=\"teft-card__meta\">\n\t\t\t\t\t\t\t\t\t<span class=\"post-date\">26. sep 2024<\/span>\n\n\t\t\t\t\t\t\t\t\t<span class=\"post-category\">Stortingsvalg 2025<\/span>\t\t\t\t\t\t\t\t<\/div>\n\t\t\t\t\t\t\t\t\t\t\t<\/div>\n\n\t\t\t\t<div class=\"teft-card__primary\">\n\t\t\t\t\t<h2 class=\"teft-card__title\">Resultater fra ur- og pr\u00f8venominasjonene stortingsvalg 2025&nbsp;<span class=\"teft-card__primary-title-append\"><\/span><\/h2>\t\t\t\t<\/div>\n\t\t\t<\/div>\n\t\t<\/a>\n\t<\/div>\n\n\t<\/div><div class=\"is-card-hoyre\">\n\t<div class=\"teft-card hoyre-teft-card post-teft-card\">\n\t\t<a href=\"https:\/\/hoyre.no\/vestfold\/aktuelt\/vestfold-kf-hostkonferanse-2024\/\" class=\"teft-card__primary-action\">\n\n\t\t\t\t\t<div class=\"teft-card__media teft-card__media--16-9\">\n\t\t\t\t\t\t<img loading=\"lazy\" decoding=\"async\" width=\"640\" height=\"414\" src=\"https:\/\/hoyre.no\/content\/uploads\/sites\/428\/2024\/08\/KF-konferanse-24_1.jpg\" class=\"attachment-medium_large size-medium_large\" alt=\"\" srcset=\"https:\/\/hoyre.no\/content\/uploads\/sites\/428\/2024\/08\/KF-konferanse-24_1.jpg 640w, https:\/\/hoyre.no\/content\/uploads\/sites\/428\/2024\/08\/KF-konferanse-24_1-300x194.jpg 300w\" sizes=\"auto, (max-width: 640px) 100vw, 640px\" \/>\t\t<\/div>\n\t\t\n\t\t\t<div class=\"teft-card__content-wrapper\">\n\t\t\t\t<div class=\"teft-card__secondary\">\n\t\t\t\t\t\n\t\t\t\t\t\t\t\t<div class=\"teft-card__meta\">\n\t\t\t\t\t\t\t\t\t<span class=\"post-date\">10. jul 2024<\/span>\n\n\t\t\t\t\t\t\t\t\t<span class=\"post-category\">Nyheter<\/span>\t\t\t\t\t\t\t\t<\/div>\n\t\t\t\t\t\t\t\t\t\t\t<\/div>\n\n\t\t\t\t<div class=\"teft-card__primary\">\n\t\t\t\t\t<h2 class=\"teft-card__title\">Vestfold KF h\u00f8stkonferanse 2024&nbsp;<span class=\"teft-card__primary-title-append\"><\/span><\/h2>\t\t\t\t<\/div>\n\t\t\t<\/div>\n\t\t<\/a>\n\t<\/div>\n\n\t<\/div><\/div>\t<\/div>\n<\/div>\n","protected":false},"excerpt":{"rendered":"","protected":false},"author":295,"featured_media":0,"comment_status":"closed","ping_status":"closed","sticky":false,"template":"","format":"standard","meta":{"teft_cards_image_url":"","teft_cards_custom_pretitle":"","teft_cards_image_id":371,"teft_cards_image_focal_point_x":0.5,"teft_cards_image_focal_point_y":0.5,"teft_cards_title":"","teft_cards_excerpt":"","teft_show_chapters":false,"author_display_name":"Vestfold H\u00f8yre","footnotes":""},"category":[1,5],"post_tag":[],"hoyre-visibility":[],"article-type":[],"politician":[],"class_list":["post-769","post","type-post","status-publish","format-standard","hentry","category-nyheter","category-stortingsvalg"],"yoast_head":"<!-- This site is optimized with the Yoast SEO plugin v26.6 - https:\/\/yoast.com\/wordpress\/plugins\/seo\/ -->\n<title>Nominasjonskomiteens innstilling til stortingsvalglisten 2025 - Vestfold H\u00f8yre<\/title>\n<meta name=\"robots\" content=\"index, follow, max-snippet:-1, max-image-preview:large, max-video-preview:-1\" \/>\n<link rel=\"canonical\" href=\"https:\/\/hoyre.no\/vestfold\/aktuelt\/stortingsnominasjon-2025\/\" \/>\n<meta property=\"og:locale\" content=\"nb_NO\" \/>\n<meta property=\"og:type\" content=\"article\" \/>\n<meta property=\"og:title\" content=\"Nominasjonskomiteens innstilling til stortingsvalglisten 2025 - Vestfold H\u00f8yre\" \/>\n<meta property=\"og:url\" content=\"https:\/\/hoyre.no\/vestfold\/aktuelt\/stortingsnominasjon-2025\/\" \/>\n<meta property=\"og:site_name\" content=\"Vestfold H\u00f8yre\" \/>\n<meta property=\"article:publisher\" content=\"https:\/\/www.facebook.com\/vestfold.hoyre\" \/>\n<meta property=\"article:published_time\" content=\"2024-10-14T11:16:20+00:00\" \/>\n<meta property=\"article:modified_time\" content=\"2024-10-14T11:32:43+00:00\" \/>\n<meta property=\"og:image\" content=\"https:\/\/hoyre.no\/content\/uploads\/sites\/428\/2026\/04\/IMG_5019.png\" \/>\n<meta name=\"author\" content=\"Cathrine Gulbransen\" \/>\n<meta name=\"twitter:card\" content=\"summary_large_image\" \/>\n<meta name=\"twitter:label1\" content=\"Skrevet av\" \/>\n\t<meta name=\"twitter:data1\" content=\"Cathrine Gulbransen\" \/>\n\t<meta name=\"twitter:label2\" content=\"Ansl. lesetid\" \/>\n\t<meta name=\"twitter:data2\" content=\"2 minutter\" \/>\n<script type=\"application\/ld+json\" class=\"yoast-schema-graph\">{\"@context\":\"https:\/\/schema.org\",\"@graph\":[{\"@type\":\"Article\",\"@id\":\"https:\/\/hoyre.no\/vestfold\/aktuelt\/stortingsnominasjon-2025\/#article\",\"isPartOf\":{\"@id\":\"https:\/\/hoyre.no\/vestfold\/aktuelt\/stortingsnominasjon-2025\/\"},\"author\":{\"name\":\"Cathrine Gulbransen\",\"@id\":\"https:\/\/hoyre.no\/vestfold\/#\/schema\/person\/63907ee1191e0f3c6ca009afad6470f6\"},\"headline\":\"Nominasjonskomiteens innstilling til stortingsvalglisten 2025\",\"datePublished\":\"2024-10-14T11:16:20+00:00\",\"dateModified\":\"2024-10-14T11:32:43+00:00\",\"mainEntityOfPage\":{\"@id\":\"https:\/\/hoyre.no\/vestfold\/aktuelt\/stortingsnominasjon-2025\/\"},\"wordCount\":223,\"publisher\":{\"@id\":\"https:\/\/hoyre.no\/vestfold\/#organization\"},\"articleSection\":[\"Nyheter\",\"Stortingsvalg 2025\"],\"inLanguage\":\"nb-NO\"},{\"@type\":\"NewsArticle\",\"@id\":\"https:\/\/hoyre.no\/vestfold\/aktuelt\/stortingsnominasjon-2025\/\",\"url\":\"https:\/\/hoyre.no\/vestfold\/aktuelt\/stortingsnominasjon-2025\/\",\"name\":\"Nominasjonskomiteens innstilling til stortingsvalglisten 2025 - Vestfold H\u00f8yre\",\"isPartOf\":{\"@id\":\"https:\/\/hoyre.no\/vestfold\/#website\"},\"datePublished\":\"2024-10-14T11:16:20+00:00\",\"dateModified\":\"2024-10-14T11:32:43+00:00\",\"breadcrumb\":{\"@id\":\"https:\/\/hoyre.no\/vestfold\/aktuelt\/stortingsnominasjon-2025\/#breadcrumb\"},\"inLanguage\":\"nb-NO\",\"potentialAction\":[{\"@type\":\"ReadAction\",\"target\":[\"https:\/\/hoyre.no\/vestfold\/aktuelt\/stortingsnominasjon-2025\/\"]}]},{\"@type\":\"BreadcrumbList\",\"@id\":\"https:\/\/hoyre.no\/vestfold\/aktuelt\/stortingsnominasjon-2025\/#breadcrumb\",\"itemListElement\":[{\"@type\":\"ListItem\",\"position\":1,\"name\":\"Til hoyre.no\",\"item\":\"https:\/\/hoyre.no\"},{\"@type\":\"ListItem\",\"position\":2,\"name\":\"Hjem\",\"item\":\"https:\/\/hoyre.no\/vestfold\/\"},{\"@type\":\"ListItem\",\"position\":3,\"name\":\"Nominasjonskomiteens innstilling til stortingsvalglisten 2025\"}]},{\"@type\":\"WebSite\",\"@id\":\"https:\/\/hoyre.no\/vestfold\/#website\",\"url\":\"https:\/\/hoyre.no\/vestfold\/\",\"name\":\"Vestfold H\u00f8yre\",\"description\":\"Bare enda et H\u00f8yres nettsteder-nettsted\",\"publisher\":{\"@id\":\"https:\/\/hoyre.no\/vestfold\/#organization\"},\"inLanguage\":\"nb-NO\"},{\"@type\":\"Organization\",\"@id\":\"https:\/\/hoyre.no\/vestfold\/#organization\",\"name\":\"Vestfold H\u00f8yre\",\"url\":\"https:\/\/hoyre.no\/vestfold\/\",\"logo\":{\"@type\":\"ImageObject\",\"inLanguage\":\"nb-NO\",\"@id\":\"https:\/\/hoyre.no\/vestfold\/#\/schema\/logo\/image\/\",\"url\":\"https:\/\/hoyre.no\/content\/uploads\/sites\/428\/2023\/02\/hoyre_logo.png\",\"contentUrl\":\"https:\/\/hoyre.no\/content\/uploads\/sites\/428\/2023\/02\/hoyre_logo.png\",\"width\":1000,\"height\":1000,\"caption\":\"Vestfold H\u00f8yre\"},\"image\":{\"@id\":\"https:\/\/hoyre.no\/vestfold\/#\/schema\/logo\/image\/\"},\"sameAs\":[\"https:\/\/www.facebook.com\/vestfold.hoyre\"]},{\"@type\":\"Person\",\"@id\":\"https:\/\/hoyre.no\/vestfold\/#\/schema\/person\/63907ee1191e0f3c6ca009afad6470f6\",\"name\":\"Cathrine Gulbransen\",\"image\":{\"@type\":\"ImageObject\",\"inLanguage\":\"nb-NO\",\"@id\":\"https:\/\/hoyre.no\/vestfold\/#\/schema\/person\/image\/\",\"url\":\"https:\/\/secure.gravatar.com\/avatar\/f31b7d703403a75271322a2ff60c0f5b786c78eea637395fe0fd6988afa3e0ce?s=96&d=mm&r=g\",\"contentUrl\":\"https:\/\/secure.gravatar.com\/avatar\/f31b7d703403a75271322a2ff60c0f5b786c78eea637395fe0fd6988afa3e0ce?s=96&d=mm&r=g\",\"caption\":\"Cathrine Gulbransen\"},\"url\":\"https:\/\/hoyre.no\/vestfold\/aktuelt\/author\/m50151638\/\"}]}<\/script>\n<!-- \/ Yoast SEO plugin. -->","yoast_head_json":{"title":"Nominasjonskomiteens innstilling til stortingsvalglisten 2025 - Vestfold H\u00f8yre","robots":{"index":"index","follow":"follow","max-snippet":"max-snippet:-1","max-image-preview":"max-image-preview:large","max-video-preview":"max-video-preview:-1"},"canonical":"https:\/\/hoyre.no\/vestfold\/aktuelt\/stortingsnominasjon-2025\/","og_locale":"nb_NO","og_type":"article","og_title":"Nominasjonskomiteens innstilling til stortingsvalglisten 2025 - Vestfold H\u00f8yre","og_url":"https:\/\/hoyre.no\/vestfold\/aktuelt\/stortingsnominasjon-2025\/","og_site_name":"Vestfold H\u00f8yre","article_publisher":"https:\/\/www.facebook.com\/vestfold.hoyre","article_published_time":"2024-10-14T11:16:20+00:00","article_modified_time":"2024-10-14T11:32:43+00:00","og_image":[{"url":"https:\/\/hoyre.no\/content\/uploads\/sites\/428\/2026\/04\/IMG_5019.png","width":"","height":"","type":""}],"author":"Cathrine Gulbransen","twitter_card":"summary_large_image","twitter_misc":{"Skrevet av":"Cathrine Gulbransen","Ansl. lesetid":"2 minutter"},"schema":{"@context":"https:\/\/schema.org","@graph":[{"@type":"Article","@id":"https:\/\/hoyre.no\/vestfold\/aktuelt\/stortingsnominasjon-2025\/#article","isPartOf":{"@id":"https:\/\/hoyre.no\/vestfold\/aktuelt\/stortingsnominasjon-2025\/"},"author":{"name":"Cathrine Gulbransen","@id":"https:\/\/hoyre.no\/vestfold\/#\/schema\/person\/63907ee1191e0f3c6ca009afad6470f6"},"headline":"Nominasjonskomiteens innstilling til stortingsvalglisten 2025","datePublished":"2024-10-14T11:16:20+00:00","dateModified":"2024-10-14T11:32:43+00:00","mainEntityOfPage":{"@id":"https:\/\/hoyre.no\/vestfold\/aktuelt\/stortingsnominasjon-2025\/"},"wordCount":223,"publisher":{"@id":"https:\/\/hoyre.no\/vestfold\/#organization"},"articleSection":["Nyheter","Stortingsvalg 2025"],"inLanguage":"nb-NO"},{"@type":"NewsArticle","@id":"https:\/\/hoyre.no\/vestfold\/aktuelt\/stortingsnominasjon-2025\/","url":"https:\/\/hoyre.no\/vestfold\/aktuelt\/stortingsnominasjon-2025\/","name":"Nominasjonskomiteens innstilling til stortingsvalglisten 2025 - Vestfold H\u00f8yre","isPartOf":{"@id":"https:\/\/hoyre.no\/vestfold\/#website"},"datePublished":"2024-10-14T11:16:20+00:00","dateModified":"2024-10-14T11:32:43+00:00","breadcrumb":{"@id":"https:\/\/hoyre.no\/vestfold\/aktuelt\/stortingsnominasjon-2025\/#breadcrumb"},"inLanguage":"nb-NO","potentialAction":[{"@type":"ReadAction","target":["https:\/\/hoyre.no\/vestfold\/aktuelt\/stortingsnominasjon-2025\/"]}]},{"@type":"BreadcrumbList","@id":"https:\/\/hoyre.no\/vestfold\/aktuelt\/stortingsnominasjon-2025\/#breadcrumb","itemListElement":[{"@type":"ListItem","position":1,"name":"Til hoyre.no","item":"https:\/\/hoyre.no"},{"@type":"ListItem","position":2,"name":"Hjem","item":"https:\/\/hoyre.no\/vestfold\/"},{"@type":"ListItem","position":3,"name":"Nominasjonskomiteens innstilling til stortingsvalglisten 2025"}]},{"@type":"WebSite","@id":"https:\/\/hoyre.no\/vestfold\/#website","url":"https:\/\/hoyre.no\/vestfold\/","name":"Vestfold H\u00f8yre","description":"Bare enda et H\u00f8yres nettsteder-nettsted","publisher":{"@id":"https:\/\/hoyre.no\/vestfold\/#organization"},"inLanguage":"nb-NO"},{"@type":"Organization","@id":"https:\/\/hoyre.no\/vestfold\/#organization","name":"Vestfold H\u00f8yre","url":"https:\/\/hoyre.no\/vestfold\/","logo":{"@type":"ImageObject","inLanguage":"nb-NO","@id":"https:\/\/hoyre.no\/vestfold\/#\/schema\/logo\/image\/","url":"https:\/\/hoyre.no\/content\/uploads\/sites\/428\/2023\/02\/hoyre_logo.png","contentUrl":"https:\/\/hoyre.no\/content\/uploads\/sites\/428\/2023\/02\/hoyre_logo.png","width":1000,"height":1000,"caption":"Vestfold H\u00f8yre"},"image":{"@id":"https:\/\/hoyre.no\/vestfold\/#\/schema\/logo\/image\/"},"sameAs":["https:\/\/www.facebook.com\/vestfold.hoyre"]},{"@type":"Person","@id":"https:\/\/hoyre.no\/vestfold\/#\/schema\/person\/63907ee1191e0f3c6ca009afad6470f6","name":"Cathrine Gulbransen","image":{"@type":"ImageObject","inLanguage":"nb-NO","@id":"https:\/\/hoyre.no\/vestfold\/#\/schema\/person\/image\/","url":"https:\/\/secure.gravatar.com\/avatar\/f31b7d703403a75271322a2ff60c0f5b786c78eea637395fe0fd6988afa3e0ce?s=96&d=mm&r=g","contentUrl":"https:\/\/secure.gravatar.com\/avatar\/f31b7d703403a75271322a2ff60c0f5b786c78eea637395fe0fd6988afa3e0ce?s=96&d=mm&r=g","caption":"Cathrine Gulbransen"},"url":"https:\/\/hoyre.no\/vestfold\/aktuelt\/author\/m50151638\/"}]}},"distributor_meta":false,"distributor_terms":false,"distributor_media":false,"distributor_original_site_name":"Vestfold H\u00f8yre","distributor_original_site_url":"https:\/\/hoyre.no\/vestfold","push-errors":false,"_links":{"self":[{"href":"https:\/\/hoyre.no\/vestfold\/wp-json\/wp\/v2\/posts\/769","targetHints":{"allow":["GET"]}}],"collection":[{"href":"https:\/\/hoyre.no\/vestfold\/wp-json\/wp\/v2\/posts"}],"about":[{"href":"https:\/\/hoyre.no\/vestfold\/wp-json\/wp\/v2\/types\/post"}],"author":[{"embeddable":true,"href":"https:\/\/hoyre.no\/vestfold\/wp-json\/wp\/v2\/users\/295"}],"replies":[{"embeddable":true,"href":"https:\/\/hoyre.no\/vestfold\/wp-json\/wp\/v2\/comments?post=769"}],"version-history":[{"count":4,"href":"https:\/\/hoyre.no\/vestfold\/wp-json\/wp\/v2\/posts\/769\/revisions"}],"predecessor-version":[{"id":783,"href":"https:\/\/hoyre.no\/vestfold\/wp-json\/wp\/v2\/posts\/769\/revisions\/783"}],"wp:attachment":[{"href":"https:\/\/hoyre.no\/vestfold\/wp-json\/wp\/v2\/media?parent=769"}],"wp:term":[{"taxonomy":"category","embeddable":true,"href":"https:\/\/hoyre.no\/vestfold\/wp-json\/wp\/v2\/category?post=769"},{"taxonomy":"post_tag","embeddable":true,"href":"https:\/\/hoyre.no\/vestfold\/wp-json\/wp\/v2\/post_tag?post=769"},{"taxonomy":"hoyre-visibility","embeddable":true,"href":"https:\/\/hoyre.no\/vestfold\/wp-json\/wp\/v2\/hoyre-visibility?post=769"},{"taxonomy":"article-type","embeddable":true,"href":"https:\/\/hoyre.no\/vestfold\/wp-json\/wp\/v2\/article-type?post=769"},{"taxonomy":"politician","embeddable":true,"href":"https:\/\/hoyre.no\/vestfold\/wp-json\/wp\/v2\/politician?post=769"}],"curies":[{"name":"wp","href":"https:\/\/api.w.org\/{rel}","templated":true}]}}