{"id":171,"date":"2021-03-03T14:33:19","date_gmt":"2021-03-03T13:33:19","guid":{"rendered":"https:\/\/hoyre.no\/vestland\/?p=171"},"modified":"2022-06-16T10:11:32","modified_gmt":"2022-06-16T08:11:32","slug":"regjeringen-deler-ut-penger-til-tusenvis-av-studentjobber","status":"publish","type":"post","link":"https:\/\/hoyre.no\/vestland\/aktuelt\/regjeringen-deler-ut-penger-til-tusenvis-av-studentjobber\/","title":{"rendered":"Regjeringen deler ut penger til tusenvis av studentjobber"},"content":{"rendered":"\n<p class=\"preamble\">Studentsamskipnader, fagskoler, h\u00f8yskoler og universiteter f\u00e5r i disse dager tildelt penger til flere sosiale lavterskeltilbud for studenter, bedre psykiske helsetilbud og penger til \u00e5 l\u00f8nne studenter for \u00e5 drive faglig og sosial oppf\u00f8lging av studenter. Totalt fordeles 230 millioner kroner til dette.<\/p>\t\t\t<div class=\"post-meta wp-block teft-byline-wrapper\">\n\t\t\t\t<div class=\"top\">\n\t\t\t\t\t<div class=\"signature\">\n\t\t\t\t\t\t<div class=\"teft-byline\">\n\t\t\t\t\t\t\t\t\t\t\t\t\t\t<div>\n\t\t\t\t\t\t\t\t<h3>H\u00f8yres redaksjon<\/h3>\t\t\t\t\t\t\t\t\n\t\t\t\t\t\t\t\t\t\t\t\t\t\t\t\t\t<span class=\"date\">Sist oppdatert: 16. juni 2022<\/span>\n\t\t\t\t\t\t\t\t\t\t\t\t\t\t\t\t\t\t\t\t\t\t\t\t\t<span class=\"reading-time\" itemprop=\"timeRequired\" content=\"PT3M\"><em>Ca. 3 minutter lesetid<\/em><\/span>\n\t\t\t\t\t\t\t\t\t\t\t\t\t\t\t<\/div>\n\t\t\t\t\t\t<\/div>\n\t\t\t\t\t<\/div>\n\t\t\t\t\t\t<div class=\"sharing\">\n\t\t<a class=\"share-button share-link copy-link\" data-copy=\"https:\/\/hoyre.no\/vestland\/aktuelt\/regjeringen-deler-ut-penger-til-tusenvis-av-studentjobber\/\" target=\"_blank\"><span class=\"screen-reader-text\">Del link<\/span><\/a>\n\t\t<a class=\"share-button share-twitter\" href=\"http:\/\/twitter.com\/share?text=Regjeringen deler ut penger til tusenvis av studentjobber&#038;url=https:\/\/hoyre.no\/vestland\/aktuelt\/regjeringen-deler-ut-penger-til-tusenvis-av-studentjobber\/&#038;hashtags=Hoyre\" target=\"_blank\"><span class=\"screen-reader-text\">Del p\u00e5 twitter<\/span><\/a>\n\t\t<a class=\"share-button share-facebook\" href=\"https:\/\/www.facebook.com\/sharer\/sharer.php?u=https:\/\/hoyre.no\/vestland\/aktuelt\/regjeringen-deler-ut-penger-til-tusenvis-av-studentjobber\/\" target=\"_blank\"><span class=\"screen-reader-text\">Del p\u00e5 facebook<\/span><\/a>\n\t<\/div>\n\t\t\t\t\t<\/div>\n\t\t\t<\/div>\n\n\t\t\t<figure class=\"hoyre-image-wrapper\"><div class=\"hoyre-image\"><img loading=\"lazy\" decoding=\"async\" width=\"1350\" height=\"980\" src=\"https:\/\/hoyre.no\/content\/uploads\/sites\/15\/2021\/03\/tgllLyqg.png\" class=\"attachment-scaled size-scaled\" alt=\"\" style=\"object-position: 50% 50%\" srcset=\"https:\/\/hoyre.no\/content\/uploads\/sites\/15\/2021\/03\/tgllLyqg.png 1350w, https:\/\/hoyre.no\/content\/uploads\/sites\/15\/2021\/03\/tgllLyqg-300x218.png 300w, https:\/\/hoyre.no\/content\/uploads\/sites\/15\/2021\/03\/tgllLyqg-1024x743.png 1024w, https:\/\/hoyre.no\/content\/uploads\/sites\/15\/2021\/03\/tgllLyqg-768x558.png 768w\" sizes=\"auto, (max-width: 1350px) 100vw, 1350px\" \/><\/div><figcaption class=\"caption\">Stortingskandidat for Vestland H\u00f8gre, Lise-May S\u00e6le og H\u00f8yere utdanning- og forskningsminister, Henrik Asheim (H) mener tiltakene er viktige.<\/figcaption><\/figure>\n\n\n\n\n<blockquote class=\"wp-block-quote is-layout-flow wp-block-quote-is-layout-flow\"><p>\u2013&nbsp;Dette \u00e5ret startet ikke slik noen av oss hadde dr\u00f8mt om. Selv om vi har lettet p\u00e5 en del tiltak for fysisk tilstedev\u00e6relse p\u00e5 campus for studentene, s\u00e5 er hverdagen fortsatt preget av mye avstand og lite sosial kontakt. Pengene vi deler ut n\u00e5, skal brukes b\u00e5de p\u00e5 tusenvis av nye studentjobber som skal drive faglig og sosial oppf\u00f8lging, men det er ogs\u00e5 penger til \u00e5 bygge opp det psykiske helsetilbudet. Jeg h\u00e5per det bidrar til \u00e5 gj\u00f8re hverdagen bedre for studenter over hele landet, sier forsknings- og h\u00f8yere utdanningsminister Henrik Asheim (H).<\/p><\/blockquote>\n\n\n\n<h2 class=\"wp-block-heading\">Fagskoler, universiteter og h\u00f8yskoler f\u00e5r penger til \u00e5 ansette studenter<\/h2>\n\n\n\n<p>Pengene som g\u00e5r ut til fagskolene, h\u00f8yskolene og universitetene skal brukes til \u00e5 l\u00f8nne studenter som skal drive faglig oppf\u00f8lging av andre studenter. If\u00f8lge NAV er det ogs\u00e5 f\u00e6rre ledige jobber i sektorer som tradisjonelt sett sysselsetter mange studenter, noe som betyr at arbeidsmarkedet er vanskeligere.<\/p>\n\n\n\n<blockquote class=\"wp-block-quote is-layout-flow wp-block-quote-is-layout-flow\"><p>\u2013 Det er ingen tvil om at lange perioder med nedstengninger har f\u00f8rt til at flere studenter har ekstra behov for, og \u00f8nske om, tettere faglig oppf\u00f8lging. Derfor gir vi n\u00e5 penger til fagskoler, h\u00f8yskoler og universiteter for \u00e5 l\u00f8nne studenter til \u00e5 f\u00e5 p\u00e5 plass for eksempel faglige debatter og tettere faglig oppf\u00f8lging. Dette l\u00f8ser egentlig to problemer: \u00f8nsket om mer oppf\u00f8lging og flere jobber som vil gi inntekt til studenter som sliter p\u00e5 arbeidsmarkedet, sier Asheim.<\/p><\/blockquote>\n\n\n\n<h2 class=\"wp-block-heading\">Mer penger til sosiale lavterskeltilbud og arbeid med psykisk helse<\/h2>\n\n\n\n<p>Studentsamskipnadene f\u00e5r penger til sosiale lavterskeltilbud, til \u00e5 ansette studenter som skal f\u00e5 p\u00e5 plass disse tilbudene og penger til \u00e5 styrke arbeidet med psykisk helse. Totalt skal det fordeles 78,5 millioner kroner.<br><br><em>\u2013&nbsp;Vi er utrolig glade for \u00e5 f\u00e5 dette p\u00e5 plass. Det har v\u00e6rt et \u00e5r preget av mye alenesitting for studentene. Vi har v\u00e6rt &#8211; og er &#8211; bekymret for konsekvensene det har b\u00e5de p\u00e5 kort og lang sikt. N\u00e5 h\u00e5per vi at disse pengene er med \u00e5 gj\u00f8re studenthverdagen bedre for studentene i Bergen og Vestland i tiden som kommer, sier Lise-May S\u00e6le.<\/em><br><br>M\u00e5let er at pengene samlet skal brukes til \u00e5 gi s\u00e5 mange studenter som mulig tilgang til sosiale tilbud og psykiske helsetilbud, sier Asheim.<\/p>\n\n\n\n<ul class=\"wp-block-list\"><li>20 millioner kroner skal g\u00e5 til sosiale lavterskeltilbud. Disse fordeles etter medlemstall.<\/li><li>50 millioner kroner skal g\u00e5 til \u00e5 l\u00f8nne studenter som skal drive sosial oppf\u00f8lging. Disse fordeles etter medlemstall.<\/li><li>8,5 millioner kroner skal g\u00e5 til arbeid med psykisk helse. Hver samskipnad f\u00e5r et grunnbel\u00f8p p\u00e5 50 000 kroner, og resten fordeles etter medlemstall. ANSAs tildeling er fastsatt skj\u00f8nnsmessig i samr\u00e5d med ANSA.<\/li><\/ul>\n\n\n\n<p>Her kan du lese mer om saken: <a href=\"https:\/\/www.regjeringen.no\/no\/aktuelt\/na-deler-regjeringen-ut-penger-til-tusenvis-av-studentjobber\/id2836812\/?fbclid=IwAR0pRvUQzZxguTBi6-C5KrPsAuYOmixZ8beg-_B91x-GVdX14z6iyWsFlRA\">https:\/\/www.regjeringen.no\/no\/aktuelt\/na-deler-regjeringen-ut-penger-til-tusenvis-av-studentjobber\/id2836812\/?fbclid=IwAR0pRvUQzZxguTBi6-C5KrPsAuYOmixZ8beg-_B91x-GVdX14z6iyWsFlRA<\/a><\/p>\n\n\n<div class=\"tags\">\n\t<\/div>\n<div class=\"post-footer alignfull has-background block-editor-block-list__block\" data-align=full>\n\t<div class=\"post-footer-inner\">\n\t\t<h3>Relaterte artikler<\/h3>\n\t\t<div class=\"related-content\"><div class=\"is-card-hoyre\">\n\t<div class=\"teft-card hoyre-teft-card post-teft-card\">\n\t\t<a href=\"https:\/\/hoyre.no\/vestland\/aktuelt\/mindre-kakeeting-og-fleire-prioriterte-prosjekt-i-vestland\/\" class=\"teft-card__primary-action\">\n\n\t\t\t\t\t<div class=\"teft-card__media teft-card__media--16-9\">\n\t\t\t\t\t\t<img loading=\"lazy\" decoding=\"async\" width=\"768\" height=\"512\" src=\"https:\/\/hoyre.no\/content\/uploads\/sites\/15\/2023\/05\/Silja-best-13-768x512.jpg\" class=\"attachment-medium_large size-medium_large\" alt=\"\" srcset=\"https:\/\/hoyre.no\/content\/uploads\/sites\/15\/2023\/05\/Silja-best-13-768x512.jpg 768w, https:\/\/hoyre.no\/content\/uploads\/sites\/15\/2023\/05\/Silja-best-13-300x200.jpg 300w, https:\/\/hoyre.no\/content\/uploads\/sites\/15\/2023\/05\/Silja-best-13-1024x683.jpg 1024w, https:\/\/hoyre.no\/content\/uploads\/sites\/15\/2023\/05\/Silja-best-13-1536x1025.jpg 1536w, https:\/\/hoyre.no\/content\/uploads\/sites\/15\/2023\/05\/Silja-best-13-2048x1366.jpg 2048w\" sizes=\"auto, (max-width: 768px) 100vw, 768px\" \/>\t\t<\/div>\n\t\t\n\t\t\t<div class=\"teft-card__content-wrapper\">\n\t\t\t\t<div class=\"teft-card__secondary\">\n\t\t\t\t\t\n\t\t\t\t\t\t\t\t<div class=\"teft-card__meta\">\n\t\t\t\t\t\t\t\t\t<span class=\"post-date\">16. apr 2024<\/span>\n\n\t\t\t\t\t\t\t\t\t<span class=\"post-category\">Nyheiter<\/span>\t\t\t\t\t\t\t\t<\/div>\n\t\t\t\t\t\t\t\t\t\t\t<\/div>\n\n\t\t\t\t<div class=\"teft-card__primary\">\n\t\t\t\t\t<h2 class=\"teft-card__title\">Mindre kakeeting og fleire prioriterte prosjekt i Vestland&nbsp;<span class=\"teft-card__primary-title-append\"><\/span><\/h2>\t\t\t\t<\/div>\n\t\t\t<\/div>\n\t\t<\/a>\n\t<\/div>\n\n\t<\/div><div class=\"is-card-hoyre\">\n\t<div class=\"teft-card hoyre-teft-card post-teft-card\">\n\t\t<a href=\"https:\/\/hoyre.no\/vestland\/aktuelt\/vestland-hogres-valgliste-2027-2031\/\" class=\"teft-card__primary-action\">\n\n\t\t\t\t\t<div class=\"teft-card__media teft-card__media--16-9\">\n\t\t\t\t\t\t<img loading=\"lazy\" decoding=\"async\" width=\"768\" height=\"511\" src=\"https:\/\/hoyre.no\/content\/uploads\/sites\/15\/2026\/03\/Bjorn-Hollevik-Foto-Dag-Nesbo-Froyen-768x511.jpg\" class=\"attachment-medium_large size-medium_large\" alt=\"\" srcset=\"https:\/\/hoyre.no\/content\/uploads\/sites\/15\/2026\/03\/Bjorn-Hollevik-Foto-Dag-Nesbo-Froyen-768x511.jpg 768w, https:\/\/hoyre.no\/content\/uploads\/sites\/15\/2026\/03\/Bjorn-Hollevik-Foto-Dag-Nesbo-Froyen-300x200.jpg 300w, https:\/\/hoyre.no\/content\/uploads\/sites\/15\/2026\/03\/Bjorn-Hollevik-Foto-Dag-Nesbo-Froyen-1024x682.jpg 1024w, https:\/\/hoyre.no\/content\/uploads\/sites\/15\/2026\/03\/Bjorn-Hollevik-Foto-Dag-Nesbo-Froyen.jpg 1200w\" sizes=\"auto, (max-width: 768px) 100vw, 768px\" \/>\t\t<\/div>\n\t\t\n\t\t\t<div class=\"teft-card__content-wrapper\">\n\t\t\t\t<div class=\"teft-card__secondary\">\n\t\t\t\t\t\n\t\t\t\t\t\t\t\t<div class=\"teft-card__meta\">\n\t\t\t\t\t\t\t\t\t<span class=\"post-date\">16. mar 2026<\/span>\n\n\t\t\t\t\t\t\t\t\t<span class=\"post-category\">Nyheiter<\/span>\t\t\t\t\t\t\t\t<\/div>\n\t\t\t\t\t\t\t\t\t\t\t<\/div>\n\n\t\t\t\t<div class=\"teft-card__primary\">\n\t\t\t\t\t<h2 class=\"teft-card__title\">Arbeidet med valgliste for 2027-2031 er i gang&nbsp;<span class=\"teft-card__primary-title-append\"><\/span><\/h2>\t\t\t\t<\/div>\n\t\t\t<\/div>\n\t\t<\/a>\n\t<\/div>\n\n\t<\/div><div class=\"is-card-hoyre\">\n\t<div class=\"teft-card hoyre-teft-card post-teft-card\">\n\t\t<a href=\"https:\/\/hoyre.no\/vestland\/aktuelt\/bli-kjent-med-fylkestingsgruppa\/\" class=\"teft-card__primary-action\">\n\n\t\t\t\t\t<div class=\"teft-card__media teft-card__media--16-9\">\n\t\t\t\t\t\t<img loading=\"lazy\" decoding=\"async\" width=\"768\" height=\"512\" src=\"https:\/\/hoyre.no\/content\/uploads\/sites\/15\/2024\/06\/IMG_6255-768x512.jpg\" class=\"attachment-medium_large size-medium_large\" alt=\"\" srcset=\"https:\/\/hoyre.no\/content\/uploads\/sites\/15\/2024\/06\/IMG_6255-768x512.jpg 768w, https:\/\/hoyre.no\/content\/uploads\/sites\/15\/2024\/06\/IMG_6255-300x200.jpg 300w, https:\/\/hoyre.no\/content\/uploads\/sites\/15\/2024\/06\/IMG_6255-1024x683.jpg 1024w, https:\/\/hoyre.no\/content\/uploads\/sites\/15\/2024\/06\/IMG_6255-1536x1024.jpg 1536w, https:\/\/hoyre.no\/content\/uploads\/sites\/15\/2024\/06\/IMG_6255-2048x1365.jpg 2048w\" sizes=\"auto, (max-width: 768px) 100vw, 768px\" \/>\t\t<\/div>\n\t\t\n\t\t\t<div class=\"teft-card__content-wrapper\">\n\t\t\t\t<div class=\"teft-card__secondary\">\n\t\t\t\t\t\n\t\t\t\t\t\t\t\t<div class=\"teft-card__meta\">\n\t\t\t\t\t\t\t\t\t<span class=\"post-date\">5. mar 2026<\/span>\n\n\t\t\t\t\t\t\t\t\t\t\t\t\t\t\t\t\t<\/div>\n\t\t\t\t\t\t\t\t\t\t\t<\/div>\n\n\t\t\t\t<div class=\"teft-card__primary\">\n\t\t\t\t\t<h2 class=\"teft-card__title\">Bli kjent med fylkestingsgruppa&nbsp;<span class=\"teft-card__primary-title-append\"><\/span><\/h2>\t\t\t\t<\/div>\n\t\t\t<\/div>\n\t\t<\/a>\n\t<\/div>\n\n\t<\/div><\/div>\t<\/div>\n<\/div>\n","protected":false},"excerpt":{"rendered":"","protected":false},"author":464,"featured_media":0,"comment_status":"closed","ping_status":"closed","sticky":false,"template":"","format":"standard","meta":{"teft_cards_image_url":"","teft_cards_custom_pretitle":"","teft_cards_image_id":176,"teft_cards_image_focal_point_x":0.5,"teft_cards_image_focal_point_y":0.5,"teft_cards_title":"","teft_cards_excerpt":"","teft_show_chapters":false,"author_display_name":"","footnotes":""},"category":[5],"post_tag":[],"hoyre-visibility":[],"article-type":[],"politician":[],"class_list":["post-171","post","type-post","status-publish","format-standard","hentry","category-nyheter"],"yoast_head":"<!-- This site is optimized with the Yoast SEO plugin v26.6 - https:\/\/yoast.com\/wordpress\/plugins\/seo\/ -->\n<title>Regjeringen deler ut penger til tusenvis av studentjobber - Vestland H\u00f8gre<\/title>\n<meta name=\"robots\" content=\"index, follow, max-snippet:-1, max-image-preview:large, max-video-preview:-1\" \/>\n<link rel=\"canonical\" href=\"https:\/\/hoyre.no\/vestland\/aktuelt\/regjeringen-deler-ut-penger-til-tusenvis-av-studentjobber\/\" \/>\n<meta property=\"og:locale\" content=\"nb_NO\" \/>\n<meta property=\"og:type\" content=\"article\" \/>\n<meta property=\"og:title\" content=\"Regjeringen deler ut penger til tusenvis av studentjobber - Vestland H\u00f8gre\" \/>\n<meta property=\"og:url\" content=\"https:\/\/hoyre.no\/vestland\/aktuelt\/regjeringen-deler-ut-penger-til-tusenvis-av-studentjobber\/\" \/>\n<meta property=\"og:site_name\" content=\"Vestland H\u00f8gre\" \/>\n<meta property=\"article:published_time\" content=\"2021-03-03T13:33:19+00:00\" \/>\n<meta property=\"article:modified_time\" content=\"2022-06-16T08:11:32+00:00\" \/>\n<meta property=\"og:image\" content=\"https:\/\/hoyre.no\/content\/uploads\/sites\/15\/2025\/01\/Skjermbilde-2025-01-06-kl.-10.59.59-1024x795.png\" \/>\n<meta name=\"author\" content=\"Silje Myren Johansen\" \/>\n<meta name=\"twitter:card\" content=\"summary_large_image\" \/>\n<meta name=\"twitter:label1\" content=\"Skrevet av\" \/>\n\t<meta name=\"twitter:data1\" content=\"Silje Myren Johansen\" \/>\n\t<meta name=\"twitter:label2\" content=\"Ansl. lesetid\" \/>\n\t<meta name=\"twitter:data2\" content=\"3 minutter\" \/>\n<script type=\"application\/ld+json\" class=\"yoast-schema-graph\">{\"@context\":\"https:\/\/schema.org\",\"@graph\":[{\"@type\":\"NewsArticle\",\"@id\":\"https:\/\/hoyre.no\/vestland\/aktuelt\/regjeringen-deler-ut-penger-til-tusenvis-av-studentjobber\/\",\"url\":\"https:\/\/hoyre.no\/vestland\/aktuelt\/regjeringen-deler-ut-penger-til-tusenvis-av-studentjobber\/\",\"name\":\"Regjeringen deler ut penger til tusenvis av studentjobber - Vestland H\u00f8gre\",\"isPartOf\":{\"@id\":\"https:\/\/hoyre.no\/vestland\/#website\"},\"datePublished\":\"2021-03-03T13:33:19+00:00\",\"dateModified\":\"2022-06-16T08:11:32+00:00\",\"author\":{\"@id\":\"https:\/\/hoyre.no\/vestland\/#\/schema\/person\/d759ca3273fadb3ca1811e0ecae5dcdf\"},\"breadcrumb\":{\"@id\":\"https:\/\/hoyre.no\/vestland\/aktuelt\/regjeringen-deler-ut-penger-til-tusenvis-av-studentjobber\/#breadcrumb\"},\"inLanguage\":\"nb-NO\",\"potentialAction\":[{\"@type\":\"ReadAction\",\"target\":[\"https:\/\/hoyre.no\/vestland\/aktuelt\/regjeringen-deler-ut-penger-til-tusenvis-av-studentjobber\/\"]}]},{\"@type\":\"BreadcrumbList\",\"@id\":\"https:\/\/hoyre.no\/vestland\/aktuelt\/regjeringen-deler-ut-penger-til-tusenvis-av-studentjobber\/#breadcrumb\",\"itemListElement\":[{\"@type\":\"ListItem\",\"position\":1,\"name\":\"Til hoyre.no\",\"item\":\"https:\/\/hoyre.no\"},{\"@type\":\"ListItem\",\"position\":2,\"name\":\"Hjem\",\"item\":\"https:\/\/hoyre.no\/vestland\/\"},{\"@type\":\"ListItem\",\"position\":3,\"name\":\"Regjeringen deler ut penger til tusenvis av studentjobber\"}]},{\"@type\":\"WebSite\",\"@id\":\"https:\/\/hoyre.no\/vestland\/#website\",\"url\":\"https:\/\/hoyre.no\/vestland\/\",\"name\":\"Vestland H\u00f8gre\",\"description\":\"Bare enda et H\u00f8yres nettsteder-nettsted\",\"inLanguage\":\"nb-NO\"},{\"@type\":\"Person\",\"@id\":\"https:\/\/hoyre.no\/vestland\/#\/schema\/person\/d759ca3273fadb3ca1811e0ecae5dcdf\",\"name\":\"Silje Myren Johansen\",\"image\":{\"@type\":\"ImageObject\",\"inLanguage\":\"nb-NO\",\"@id\":\"https:\/\/hoyre.no\/vestland\/#\/schema\/person\/image\/\",\"url\":\"https:\/\/secure.gravatar.com\/avatar\/d93d9ee3baf8f652c7ed53c89fc81ad77f795dbedc7d3c19d89981f369d1cfda?s=96&d=mm&r=g\",\"contentUrl\":\"https:\/\/secure.gravatar.com\/avatar\/d93d9ee3baf8f652c7ed53c89fc81ad77f795dbedc7d3c19d89981f369d1cfda?s=96&d=mm&r=g\",\"caption\":\"Silje Myren Johansen\"},\"url\":\"https:\/\/hoyre.no\/vestland\/aktuelt\/author\/m51843001\/\"}]}<\/script>\n<!-- \/ Yoast SEO plugin. -->","yoast_head_json":{"title":"Regjeringen deler ut penger til tusenvis av studentjobber - Vestland H\u00f8gre","robots":{"index":"index","follow":"follow","max-snippet":"max-snippet:-1","max-image-preview":"max-image-preview:large","max-video-preview":"max-video-preview:-1"},"canonical":"https:\/\/hoyre.no\/vestland\/aktuelt\/regjeringen-deler-ut-penger-til-tusenvis-av-studentjobber\/","og_locale":"nb_NO","og_type":"article","og_title":"Regjeringen deler ut penger til tusenvis av studentjobber - Vestland H\u00f8gre","og_url":"https:\/\/hoyre.no\/vestland\/aktuelt\/regjeringen-deler-ut-penger-til-tusenvis-av-studentjobber\/","og_site_name":"Vestland H\u00f8gre","article_published_time":"2021-03-03T13:33:19+00:00","article_modified_time":"2022-06-16T08:11:32+00:00","og_image":[{"url":"https:\/\/hoyre.no\/content\/uploads\/sites\/15\/2025\/01\/Skjermbilde-2025-01-06-kl.-10.59.59-1024x795.png","width":"","height":"","type":""}],"author":"Silje Myren Johansen","twitter_card":"summary_large_image","twitter_misc":{"Skrevet av":"Silje Myren Johansen","Ansl. lesetid":"3 minutter"},"schema":{"@context":"https:\/\/schema.org","@graph":[{"@type":"NewsArticle","@id":"https:\/\/hoyre.no\/vestland\/aktuelt\/regjeringen-deler-ut-penger-til-tusenvis-av-studentjobber\/","url":"https:\/\/hoyre.no\/vestland\/aktuelt\/regjeringen-deler-ut-penger-til-tusenvis-av-studentjobber\/","name":"Regjeringen deler ut penger til tusenvis av studentjobber - Vestland H\u00f8gre","isPartOf":{"@id":"https:\/\/hoyre.no\/vestland\/#website"},"datePublished":"2021-03-03T13:33:19+00:00","dateModified":"2022-06-16T08:11:32+00:00","author":{"@id":"https:\/\/hoyre.no\/vestland\/#\/schema\/person\/d759ca3273fadb3ca1811e0ecae5dcdf"},"breadcrumb":{"@id":"https:\/\/hoyre.no\/vestland\/aktuelt\/regjeringen-deler-ut-penger-til-tusenvis-av-studentjobber\/#breadcrumb"},"inLanguage":"nb-NO","potentialAction":[{"@type":"ReadAction","target":["https:\/\/hoyre.no\/vestland\/aktuelt\/regjeringen-deler-ut-penger-til-tusenvis-av-studentjobber\/"]}]},{"@type":"BreadcrumbList","@id":"https:\/\/hoyre.no\/vestland\/aktuelt\/regjeringen-deler-ut-penger-til-tusenvis-av-studentjobber\/#breadcrumb","itemListElement":[{"@type":"ListItem","position":1,"name":"Til hoyre.no","item":"https:\/\/hoyre.no"},{"@type":"ListItem","position":2,"name":"Hjem","item":"https:\/\/hoyre.no\/vestland\/"},{"@type":"ListItem","position":3,"name":"Regjeringen deler ut penger til tusenvis av studentjobber"}]},{"@type":"WebSite","@id":"https:\/\/hoyre.no\/vestland\/#website","url":"https:\/\/hoyre.no\/vestland\/","name":"Vestland H\u00f8gre","description":"Bare enda et H\u00f8yres nettsteder-nettsted","inLanguage":"nb-NO"},{"@type":"Person","@id":"https:\/\/hoyre.no\/vestland\/#\/schema\/person\/d759ca3273fadb3ca1811e0ecae5dcdf","name":"Silje Myren Johansen","image":{"@type":"ImageObject","inLanguage":"nb-NO","@id":"https:\/\/hoyre.no\/vestland\/#\/schema\/person\/image\/","url":"https:\/\/secure.gravatar.com\/avatar\/d93d9ee3baf8f652c7ed53c89fc81ad77f795dbedc7d3c19d89981f369d1cfda?s=96&d=mm&r=g","contentUrl":"https:\/\/secure.gravatar.com\/avatar\/d93d9ee3baf8f652c7ed53c89fc81ad77f795dbedc7d3c19d89981f369d1cfda?s=96&d=mm&r=g","caption":"Silje Myren Johansen"},"url":"https:\/\/hoyre.no\/vestland\/aktuelt\/author\/m51843001\/"}]}},"distributor_meta":false,"distributor_terms":false,"distributor_media":false,"distributor_original_site_name":"Vestland H\u00f8gre","distributor_original_site_url":"https:\/\/hoyre.no\/vestland","push-errors":false,"_links":{"self":[{"href":"https:\/\/hoyre.no\/vestland\/wp-json\/wp\/v2\/posts\/171","targetHints":{"allow":["GET"]}}],"collection":[{"href":"https:\/\/hoyre.no\/vestland\/wp-json\/wp\/v2\/posts"}],"about":[{"href":"https:\/\/hoyre.no\/vestland\/wp-json\/wp\/v2\/types\/post"}],"author":[{"embeddable":true,"href":"https:\/\/hoyre.no\/vestland\/wp-json\/wp\/v2\/users\/464"}],"replies":[{"embeddable":true,"href":"https:\/\/hoyre.no\/vestland\/wp-json\/wp\/v2\/comments?post=171"}],"version-history":[{"count":8,"href":"https:\/\/hoyre.no\/vestland\/wp-json\/wp\/v2\/posts\/171\/revisions"}],"predecessor-version":[{"id":550,"href":"https:\/\/hoyre.no\/vestland\/wp-json\/wp\/v2\/posts\/171\/revisions\/550"}],"wp:attachment":[{"href":"https:\/\/hoyre.no\/vestland\/wp-json\/wp\/v2\/media?parent=171"}],"wp:term":[{"taxonomy":"category","embeddable":true,"href":"https:\/\/hoyre.no\/vestland\/wp-json\/wp\/v2\/category?post=171"},{"taxonomy":"post_tag","embeddable":true,"href":"https:\/\/hoyre.no\/vestland\/wp-json\/wp\/v2\/post_tag?post=171"},{"taxonomy":"hoyre-visibility","embeddable":true,"href":"https:\/\/hoyre.no\/vestland\/wp-json\/wp\/v2\/hoyre-visibility?post=171"},{"taxonomy":"article-type","embeddable":true,"href":"https:\/\/hoyre.no\/vestland\/wp-json\/wp\/v2\/article-type?post=171"},{"taxonomy":"politician","embeddable":true,"href":"https:\/\/hoyre.no\/vestland\/wp-json\/wp\/v2\/politician?post=171"}],"curies":[{"name":"wp","href":"https:\/\/api.w.org\/{rel}","templated":true}]}}