{"id":221,"date":"2021-03-22T09:09:06","date_gmt":"2021-03-22T08:09:06","guid":{"rendered":"https:\/\/hoyre.no\/vestland\/?p=221"},"modified":"2021-03-22T09:09:07","modified_gmt":"2021-03-22T08:09:07","slug":"disse-skal-bidra-til-a-vinne-valget-i-vestland-hogre","status":"publish","type":"post","link":"https:\/\/hoyre.no\/vestland\/aktuelt\/disse-skal-bidra-til-a-vinne-valget-i-vestland-hogre\/","title":{"rendered":"Disse skal bidra til \u00e5 vinne valget i Vestland H\u00f8gre"},"content":{"rendered":"\n<p class=\"preamble\">Fra og med 19.april starter Johannes Banggren og Fredrik Mohn som valgkampmedarbeidere i Vestland H\u00f8gre. Jobben deres er \u00e5 reise rundt i fylket, f\u00f8lge opp lokalforeningene og bidra til fire nye \u00e5r med Erna som statsminister.<\/p>\t\t\t<div class=\"post-meta wp-block teft-byline-wrapper\">\n\t\t\t\t<div class=\"top\">\n\t\t\t\t\t<div class=\"signature\">\n\t\t\t\t\t\t<div class=\"teft-byline\">\n\t\t\t\t\t\t\t\t\t\t\t\t\t\t<div>\n\t\t\t\t\t\t\t\t<h3>H\u00f8yres redaksjon<\/h3>\t\t\t\t\t\t\t\t\n\t\t\t\t\t\t\t\t\t\t\t\t\t\t\t\t\t<span class=\"date\">Sist oppdatert: 22. mars 2021<\/span>\n\t\t\t\t\t\t\t\t\t\t\t\t\t\t\t\t\t\t\t\t\t\t\t\t\t<span class=\"reading-time\" itemprop=\"timeRequired\" content=\"PT3M\"><em>Ca. 3 minutter lesetid<\/em><\/span>\n\t\t\t\t\t\t\t\t\t\t\t\t\t\t\t<\/div>\n\t\t\t\t\t\t<\/div>\n\t\t\t\t\t<\/div>\n\t\t\t\t\t\t<div class=\"sharing\">\n\t\t<a class=\"share-button share-link copy-link\" data-copy=\"https:\/\/hoyre.no\/vestland\/aktuelt\/disse-skal-bidra-til-a-vinne-valget-i-vestland-hogre\/\" target=\"_blank\"><span class=\"screen-reader-text\">Del link<\/span><\/a>\n\t\t<a class=\"share-button share-twitter\" href=\"http:\/\/twitter.com\/share?text=Disse skal bidra til \u00e5 vinne valget i Vestland H\u00f8gre&#038;url=https:\/\/hoyre.no\/vestland\/aktuelt\/disse-skal-bidra-til-a-vinne-valget-i-vestland-hogre\/&#038;hashtags=Hoyre\" target=\"_blank\"><span class=\"screen-reader-text\">Del p\u00e5 twitter<\/span><\/a>\n\t\t<a class=\"share-button share-facebook\" href=\"https:\/\/www.facebook.com\/sharer\/sharer.php?u=https:\/\/hoyre.no\/vestland\/aktuelt\/disse-skal-bidra-til-a-vinne-valget-i-vestland-hogre\/\" target=\"_blank\"><span class=\"screen-reader-text\">Del p\u00e5 facebook<\/span><\/a>\n\t<\/div>\n\t\t\t\t\t<\/div>\n\t\t\t<\/div>\n\n\t\t\t<figure class=\"hoyre-image-wrapper\"><div class=\"hoyre-image\"><img loading=\"lazy\" decoding=\"async\" width=\"2048\" height=\"1365\" src=\"https:\/\/hoyre.no\/content\/uploads\/sites\/15\/2021\/03\/Bb8PxlQg.jpeg\" class=\"attachment-scaled size-scaled\" alt=\"\" style=\"object-position: 50% 50%\" srcset=\"https:\/\/hoyre.no\/content\/uploads\/sites\/15\/2021\/03\/Bb8PxlQg.jpeg 2048w, https:\/\/hoyre.no\/content\/uploads\/sites\/15\/2021\/03\/Bb8PxlQg-300x200.jpeg 300w, https:\/\/hoyre.no\/content\/uploads\/sites\/15\/2021\/03\/Bb8PxlQg-1024x683.jpeg 1024w, https:\/\/hoyre.no\/content\/uploads\/sites\/15\/2021\/03\/Bb8PxlQg-768x512.jpeg 768w, https:\/\/hoyre.no\/content\/uploads\/sites\/15\/2021\/03\/Bb8PxlQg-1536x1024.jpeg 1536w\" sizes=\"auto, (max-width: 2048px) 100vw, 2048px\" \/><\/div><figcaption class=\"caption\">Johannes Banggren (22) til venstre og Fredrik Mohn (23) til h\u00f8yre.<\/figcaption><\/figure>\n\n\n\n\n<p>Vestland H\u00f8gre er s\u00e5 heldige \u00e5 ha f\u00e5tt ansatt Johannes Banggren og Fredrik Mohn som valgkampmedarbeidere frem til valget. De to skal jobbe sammen i b\u00e5de Sogn og Fjordane og Hordaland valgdistrikt.<\/p>\n\n\n\n<p>Johannes kommer opprinnelig fra Hole, men er for tiden student i Bergen. Han studerer til \u00e5 bli lektor, og tar ogs\u00e5 fag innen sammenlignende politikk ved siden av. Johannes er for tiden leder i H\u00f8yres Studenter Bergen, og har ogs\u00e5 engasjert seg i Europeisk Ungdom lokalt. Han har mye politisk kunnskap, og et sterkt engasjement for H\u00f8yres politikk. <\/p>\n\n\n\n<blockquote class=\"wp-block-quote is-layout-flow wp-block-quote-is-layout-flow\"><p>&laquo;Jeg har aldri gledet meg s\u00e5 mye til valgkamp f\u00f8r som n\u00e5. Jeg er veldig takknemlig for muligheten til \u00e5 jobbe med valgkamp fremover, og jeg tror oppriktig dette kommer til \u00e5 bli et fantastisk valg for H\u00f8yre. N\u00e5 er det bare \u00e5 ta p\u00e5 de bl\u00e5 H\u00f8yre-jakkene og m\u00f8te velgere.&raquo;<\/p><cite>Johannes Banggren, valgkampmedarbeider<\/cite><\/blockquote>\n\n\n\n<p>Fredrik kommer fra Bergen, og jobber som bedriftsr\u00e5dgiver i Nortel. Han har tidligere engasjert seg i Hordaland og Bergens Unge H\u00f8yre, og har derfra lang erfaring med valgkamparbeid. Fredrik har et s\u00e6rlig talent for fotografering, fotoredigering og andre digitale verkt\u00f8y. Han har ogs\u00e5 bred politisk erfaring.<\/p>\n\n\n\n<blockquote class=\"wp-block-quote is-layout-flow wp-block-quote-is-layout-flow\"><p>&laquo;Jeg gleder meg stort til \u00e5 starte i stillingen som valgkampmedarbeider. Jeg har jobbet med politikk i mange \u00e5r, men aldri f\u00e5tt muligheten til \u00e5 drive s\u00e5 aktivt som ansatt. S\u00e5 fort det blir lov \u00f8nsker jeg \u00e5 bes\u00f8ke hele fylket, m\u00f8te velgere og bidra til at vi f\u00e5r fire nye \u00e5r med Erna som statsminister.&raquo;<\/p><cite>Fredrik Mohn, valgkampmedarbeider<\/cite><\/blockquote>\n\n\n\n<p>Valgkampleder, Silje Myren Johansen, sier hun er str\u00e5lende forn\u00f8yd med at valgkampteamet blir utvidet.<\/p>\n\n\n\n<blockquote class=\"wp-block-quote is-layout-flow wp-block-quote-is-layout-flow\"><p>&laquo;Vi er s\u00e5 glade for at Johannes og Fredrik \u00f8nsker \u00e5 v\u00e6re med p\u00e5 det vi kan kalle en historisk viktig valgkamp for H\u00f8yre. Vi trenger et stort og sterkt lag slik at vi kan m\u00f8te flest mulig velgere og v\u00e6re synlige i hele fylket v\u00e5rt. Jeg tror vi er veldig godt rustet til \u00e5 gj\u00f8re en god valgkamp n\u00e5.<\/p><cite>Silje Myren Johansen, valgkampleder i Vestland H\u00f8gre<\/cite><\/blockquote>\n\n\n\n<p><\/p>\n\n\n\n<p>Johannes og Fredrik starter i jobben som valgkampmedarbeidere 19.april, og kan kontaktes p\u00e5 telefon eller mail. <\/p>\n\n\n\n<p><strong>Johannes<\/strong>: tlf <a href=\"tel:98692840\">(+47) 98 69 28 40<\/a> og mail <a href=\"mailto:johannesbanggren@gmail.com\">johannesbanggren@gmail.com<\/a><\/p>\n\n\n\n<p><strong>Fredrik<\/strong>: tlf <a href=\"tel:90809990\">(+47) 90 80 99 90<\/a> og mail <a href=\"mailto:fredrik.mohn@gmail.com\">fredrik.mohn@gmail.com<\/a><\/p>\n\n\n<div class=\"tags\">\n\t<\/div>\n<div class=\"post-footer alignfull has-background block-editor-block-list__block\" data-align=full>\n\t<div class=\"post-footer-inner\">\n\t\t<h3>Relaterte artikler<\/h3>\n\t\t<div class=\"related-content\"><div class=\"is-card-hoyre\">\n\t<div class=\"teft-card hoyre-teft-card post-teft-card\">\n\t\t<a href=\"https:\/\/hoyre.no\/vestland\/aktuelt\/mindre-kakeeting-og-fleire-prioriterte-prosjekt-i-vestland\/\" class=\"teft-card__primary-action\">\n\n\t\t\t\t\t<div class=\"teft-card__media teft-card__media--16-9\">\n\t\t\t\t\t\t<img loading=\"lazy\" decoding=\"async\" width=\"768\" height=\"512\" src=\"https:\/\/hoyre.no\/content\/uploads\/sites\/15\/2023\/05\/Silja-best-13-768x512.jpg\" class=\"attachment-medium_large size-medium_large\" alt=\"\" srcset=\"https:\/\/hoyre.no\/content\/uploads\/sites\/15\/2023\/05\/Silja-best-13-768x512.jpg 768w, https:\/\/hoyre.no\/content\/uploads\/sites\/15\/2023\/05\/Silja-best-13-300x200.jpg 300w, https:\/\/hoyre.no\/content\/uploads\/sites\/15\/2023\/05\/Silja-best-13-1024x683.jpg 1024w, https:\/\/hoyre.no\/content\/uploads\/sites\/15\/2023\/05\/Silja-best-13-1536x1025.jpg 1536w, https:\/\/hoyre.no\/content\/uploads\/sites\/15\/2023\/05\/Silja-best-13-2048x1366.jpg 2048w\" sizes=\"auto, (max-width: 768px) 100vw, 768px\" \/>\t\t<\/div>\n\t\t\n\t\t\t<div class=\"teft-card__content-wrapper\">\n\t\t\t\t<div class=\"teft-card__secondary\">\n\t\t\t\t\t\n\t\t\t\t\t\t\t\t<div class=\"teft-card__meta\">\n\t\t\t\t\t\t\t\t\t<span class=\"post-date\">16. apr 2024<\/span>\n\n\t\t\t\t\t\t\t\t\t<span class=\"post-category\">Nyheiter<\/span>\t\t\t\t\t\t\t\t<\/div>\n\t\t\t\t\t\t\t\t\t\t\t<\/div>\n\n\t\t\t\t<div class=\"teft-card__primary\">\n\t\t\t\t\t<h2 class=\"teft-card__title\">Mindre kakeeting og fleire prioriterte prosjekt i Vestland&nbsp;<span class=\"teft-card__primary-title-append\"><\/span><\/h2>\t\t\t\t<\/div>\n\t\t\t<\/div>\n\t\t<\/a>\n\t<\/div>\n\n\t<\/div><div class=\"is-card-hoyre\">\n\t<div class=\"teft-card hoyre-teft-card post-teft-card\">\n\t\t<a href=\"https:\/\/hoyre.no\/vestland\/aktuelt\/vestland-hogres-valgliste-2027-2031\/\" class=\"teft-card__primary-action\">\n\n\t\t\t\t\t<div class=\"teft-card__media teft-card__media--16-9\">\n\t\t\t\t\t\t<img loading=\"lazy\" decoding=\"async\" width=\"768\" height=\"511\" src=\"https:\/\/hoyre.no\/content\/uploads\/sites\/15\/2026\/03\/Bjorn-Hollevik-Foto-Dag-Nesbo-Froyen-768x511.jpg\" class=\"attachment-medium_large size-medium_large\" alt=\"\" srcset=\"https:\/\/hoyre.no\/content\/uploads\/sites\/15\/2026\/03\/Bjorn-Hollevik-Foto-Dag-Nesbo-Froyen-768x511.jpg 768w, https:\/\/hoyre.no\/content\/uploads\/sites\/15\/2026\/03\/Bjorn-Hollevik-Foto-Dag-Nesbo-Froyen-300x200.jpg 300w, https:\/\/hoyre.no\/content\/uploads\/sites\/15\/2026\/03\/Bjorn-Hollevik-Foto-Dag-Nesbo-Froyen-1024x682.jpg 1024w, https:\/\/hoyre.no\/content\/uploads\/sites\/15\/2026\/03\/Bjorn-Hollevik-Foto-Dag-Nesbo-Froyen.jpg 1200w\" sizes=\"auto, (max-width: 768px) 100vw, 768px\" \/>\t\t<\/div>\n\t\t\n\t\t\t<div class=\"teft-card__content-wrapper\">\n\t\t\t\t<div class=\"teft-card__secondary\">\n\t\t\t\t\t\n\t\t\t\t\t\t\t\t<div class=\"teft-card__meta\">\n\t\t\t\t\t\t\t\t\t<span class=\"post-date\">16. mar 2026<\/span>\n\n\t\t\t\t\t\t\t\t\t<span class=\"post-category\">Nyheiter<\/span>\t\t\t\t\t\t\t\t<\/div>\n\t\t\t\t\t\t\t\t\t\t\t<\/div>\n\n\t\t\t\t<div class=\"teft-card__primary\">\n\t\t\t\t\t<h2 class=\"teft-card__title\">Arbeidet med valgliste for 2027-2031 er i gang&nbsp;<span class=\"teft-card__primary-title-append\"><\/span><\/h2>\t\t\t\t<\/div>\n\t\t\t<\/div>\n\t\t<\/a>\n\t<\/div>\n\n\t<\/div><div class=\"is-card-hoyre\">\n\t<div class=\"teft-card hoyre-teft-card post-teft-card\">\n\t\t<a href=\"https:\/\/hoyre.no\/vestland\/aktuelt\/bli-kjent-med-fylkestingsgruppa\/\" class=\"teft-card__primary-action\">\n\n\t\t\t\t\t<div class=\"teft-card__media teft-card__media--16-9\">\n\t\t\t\t\t\t<img loading=\"lazy\" decoding=\"async\" width=\"768\" height=\"512\" src=\"https:\/\/hoyre.no\/content\/uploads\/sites\/15\/2024\/06\/IMG_6255-768x512.jpg\" class=\"attachment-medium_large size-medium_large\" alt=\"\" srcset=\"https:\/\/hoyre.no\/content\/uploads\/sites\/15\/2024\/06\/IMG_6255-768x512.jpg 768w, https:\/\/hoyre.no\/content\/uploads\/sites\/15\/2024\/06\/IMG_6255-300x200.jpg 300w, https:\/\/hoyre.no\/content\/uploads\/sites\/15\/2024\/06\/IMG_6255-1024x683.jpg 1024w, https:\/\/hoyre.no\/content\/uploads\/sites\/15\/2024\/06\/IMG_6255-1536x1024.jpg 1536w, https:\/\/hoyre.no\/content\/uploads\/sites\/15\/2024\/06\/IMG_6255-2048x1365.jpg 2048w\" sizes=\"auto, (max-width: 768px) 100vw, 768px\" \/>\t\t<\/div>\n\t\t\n\t\t\t<div class=\"teft-card__content-wrapper\">\n\t\t\t\t<div class=\"teft-card__secondary\">\n\t\t\t\t\t\n\t\t\t\t\t\t\t\t<div class=\"teft-card__meta\">\n\t\t\t\t\t\t\t\t\t<span class=\"post-date\">5. mar 2026<\/span>\n\n\t\t\t\t\t\t\t\t\t\t\t\t\t\t\t\t\t<\/div>\n\t\t\t\t\t\t\t\t\t\t\t<\/div>\n\n\t\t\t\t<div class=\"teft-card__primary\">\n\t\t\t\t\t<h2 class=\"teft-card__title\">Bli kjent med fylkestingsgruppa&nbsp;<span class=\"teft-card__primary-title-append\"><\/span><\/h2>\t\t\t\t<\/div>\n\t\t\t<\/div>\n\t\t<\/a>\n\t<\/div>\n\n\t<\/div><\/div>\t<\/div>\n<\/div>\n","protected":false},"excerpt":{"rendered":"","protected":false},"author":464,"featured_media":0,"comment_status":"closed","ping_status":"closed","sticky":false,"template":"","format":"standard","meta":{"teft_cards_image_url":"","teft_cards_custom_pretitle":"","teft_cards_image_id":222,"teft_cards_image_focal_point_x":0.5,"teft_cards_image_focal_point_y":0.5,"teft_cards_title":"","teft_cards_excerpt":"","teft_show_chapters":false,"author_display_name":"","footnotes":""},"category":[3],"post_tag":[],"hoyre-visibility":[],"article-type":[],"politician":[],"class_list":["post-221","post","type-post","status-publish","format-standard","hentry","category-valg-2021"],"yoast_head":"<!-- This site is optimized with the Yoast SEO plugin v26.6 - https:\/\/yoast.com\/wordpress\/plugins\/seo\/ -->\n<title>Disse skal bidra til \u00e5 vinne valget i Vestland H\u00f8gre - Vestland H\u00f8gre<\/title>\n<meta name=\"robots\" content=\"index, follow, max-snippet:-1, max-image-preview:large, max-video-preview:-1\" \/>\n<link rel=\"canonical\" href=\"https:\/\/hoyre.no\/vestland\/aktuelt\/disse-skal-bidra-til-a-vinne-valget-i-vestland-hogre\/\" \/>\n<meta property=\"og:locale\" content=\"nb_NO\" \/>\n<meta property=\"og:type\" content=\"article\" \/>\n<meta property=\"og:title\" content=\"Disse skal bidra til \u00e5 vinne valget i Vestland H\u00f8gre - Vestland H\u00f8gre\" \/>\n<meta property=\"og:url\" content=\"https:\/\/hoyre.no\/vestland\/aktuelt\/disse-skal-bidra-til-a-vinne-valget-i-vestland-hogre\/\" \/>\n<meta property=\"og:site_name\" content=\"Vestland H\u00f8gre\" \/>\n<meta property=\"article:published_time\" content=\"2021-03-22T08:09:06+00:00\" \/>\n<meta property=\"article:modified_time\" content=\"2021-03-22T08:09:07+00:00\" \/>\n<meta property=\"og:image\" content=\"https:\/\/hoyre.no\/content\/uploads\/sites\/15\/2025\/01\/Skjermbilde-2025-01-06-kl.-10.59.59-1024x795.png\" \/>\n<meta name=\"author\" content=\"Silje Myren Johansen\" \/>\n<meta name=\"twitter:card\" content=\"summary_large_image\" \/>\n<meta name=\"twitter:label1\" content=\"Skrevet av\" \/>\n\t<meta name=\"twitter:data1\" content=\"Silje Myren Johansen\" \/>\n\t<meta name=\"twitter:label2\" content=\"Ansl. lesetid\" \/>\n\t<meta name=\"twitter:data2\" content=\"2 minutter\" \/>\n<script type=\"application\/ld+json\" class=\"yoast-schema-graph\">{\"@context\":\"https:\/\/schema.org\",\"@graph\":[{\"@type\":\"NewsArticle\",\"@id\":\"https:\/\/hoyre.no\/vestland\/aktuelt\/disse-skal-bidra-til-a-vinne-valget-i-vestland-hogre\/\",\"url\":\"https:\/\/hoyre.no\/vestland\/aktuelt\/disse-skal-bidra-til-a-vinne-valget-i-vestland-hogre\/\",\"name\":\"Disse skal bidra til \u00e5 vinne valget i Vestland H\u00f8gre - Vestland H\u00f8gre\",\"isPartOf\":{\"@id\":\"https:\/\/hoyre.no\/vestland\/#website\"},\"datePublished\":\"2021-03-22T08:09:06+00:00\",\"dateModified\":\"2021-03-22T08:09:07+00:00\",\"author\":{\"@id\":\"https:\/\/hoyre.no\/vestland\/#\/schema\/person\/d759ca3273fadb3ca1811e0ecae5dcdf\"},\"breadcrumb\":{\"@id\":\"https:\/\/hoyre.no\/vestland\/aktuelt\/disse-skal-bidra-til-a-vinne-valget-i-vestland-hogre\/#breadcrumb\"},\"inLanguage\":\"nb-NO\",\"potentialAction\":[{\"@type\":\"ReadAction\",\"target\":[\"https:\/\/hoyre.no\/vestland\/aktuelt\/disse-skal-bidra-til-a-vinne-valget-i-vestland-hogre\/\"]}]},{\"@type\":\"BreadcrumbList\",\"@id\":\"https:\/\/hoyre.no\/vestland\/aktuelt\/disse-skal-bidra-til-a-vinne-valget-i-vestland-hogre\/#breadcrumb\",\"itemListElement\":[{\"@type\":\"ListItem\",\"position\":1,\"name\":\"Til hoyre.no\",\"item\":\"https:\/\/hoyre.no\"},{\"@type\":\"ListItem\",\"position\":2,\"name\":\"Hjem\",\"item\":\"https:\/\/hoyre.no\/vestland\/\"},{\"@type\":\"ListItem\",\"position\":3,\"name\":\"Disse skal bidra til \u00e5 vinne valget i Vestland H\u00f8gre\"}]},{\"@type\":\"WebSite\",\"@id\":\"https:\/\/hoyre.no\/vestland\/#website\",\"url\":\"https:\/\/hoyre.no\/vestland\/\",\"name\":\"Vestland H\u00f8gre\",\"description\":\"Bare enda et H\u00f8yres nettsteder-nettsted\",\"inLanguage\":\"nb-NO\"},{\"@type\":\"Person\",\"@id\":\"https:\/\/hoyre.no\/vestland\/#\/schema\/person\/d759ca3273fadb3ca1811e0ecae5dcdf\",\"name\":\"Silje Myren Johansen\",\"image\":{\"@type\":\"ImageObject\",\"inLanguage\":\"nb-NO\",\"@id\":\"https:\/\/hoyre.no\/vestland\/#\/schema\/person\/image\/\",\"url\":\"https:\/\/secure.gravatar.com\/avatar\/d93d9ee3baf8f652c7ed53c89fc81ad77f795dbedc7d3c19d89981f369d1cfda?s=96&d=mm&r=g\",\"contentUrl\":\"https:\/\/secure.gravatar.com\/avatar\/d93d9ee3baf8f652c7ed53c89fc81ad77f795dbedc7d3c19d89981f369d1cfda?s=96&d=mm&r=g\",\"caption\":\"Silje Myren Johansen\"},\"url\":\"https:\/\/hoyre.no\/vestland\/aktuelt\/author\/m51843001\/\"}]}<\/script>\n<!-- \/ Yoast SEO plugin. -->","yoast_head_json":{"title":"Disse skal bidra til \u00e5 vinne valget i Vestland H\u00f8gre - Vestland H\u00f8gre","robots":{"index":"index","follow":"follow","max-snippet":"max-snippet:-1","max-image-preview":"max-image-preview:large","max-video-preview":"max-video-preview:-1"},"canonical":"https:\/\/hoyre.no\/vestland\/aktuelt\/disse-skal-bidra-til-a-vinne-valget-i-vestland-hogre\/","og_locale":"nb_NO","og_type":"article","og_title":"Disse skal bidra til \u00e5 vinne valget i Vestland H\u00f8gre - Vestland H\u00f8gre","og_url":"https:\/\/hoyre.no\/vestland\/aktuelt\/disse-skal-bidra-til-a-vinne-valget-i-vestland-hogre\/","og_site_name":"Vestland H\u00f8gre","article_published_time":"2021-03-22T08:09:06+00:00","article_modified_time":"2021-03-22T08:09:07+00:00","og_image":[{"url":"https:\/\/hoyre.no\/content\/uploads\/sites\/15\/2025\/01\/Skjermbilde-2025-01-06-kl.-10.59.59-1024x795.png","width":"","height":"","type":""}],"author":"Silje Myren Johansen","twitter_card":"summary_large_image","twitter_misc":{"Skrevet av":"Silje Myren Johansen","Ansl. lesetid":"2 minutter"},"schema":{"@context":"https:\/\/schema.org","@graph":[{"@type":"NewsArticle","@id":"https:\/\/hoyre.no\/vestland\/aktuelt\/disse-skal-bidra-til-a-vinne-valget-i-vestland-hogre\/","url":"https:\/\/hoyre.no\/vestland\/aktuelt\/disse-skal-bidra-til-a-vinne-valget-i-vestland-hogre\/","name":"Disse skal bidra til \u00e5 vinne valget i Vestland H\u00f8gre - Vestland H\u00f8gre","isPartOf":{"@id":"https:\/\/hoyre.no\/vestland\/#website"},"datePublished":"2021-03-22T08:09:06+00:00","dateModified":"2021-03-22T08:09:07+00:00","author":{"@id":"https:\/\/hoyre.no\/vestland\/#\/schema\/person\/d759ca3273fadb3ca1811e0ecae5dcdf"},"breadcrumb":{"@id":"https:\/\/hoyre.no\/vestland\/aktuelt\/disse-skal-bidra-til-a-vinne-valget-i-vestland-hogre\/#breadcrumb"},"inLanguage":"nb-NO","potentialAction":[{"@type":"ReadAction","target":["https:\/\/hoyre.no\/vestland\/aktuelt\/disse-skal-bidra-til-a-vinne-valget-i-vestland-hogre\/"]}]},{"@type":"BreadcrumbList","@id":"https:\/\/hoyre.no\/vestland\/aktuelt\/disse-skal-bidra-til-a-vinne-valget-i-vestland-hogre\/#breadcrumb","itemListElement":[{"@type":"ListItem","position":1,"name":"Til hoyre.no","item":"https:\/\/hoyre.no"},{"@type":"ListItem","position":2,"name":"Hjem","item":"https:\/\/hoyre.no\/vestland\/"},{"@type":"ListItem","position":3,"name":"Disse skal bidra til \u00e5 vinne valget i Vestland H\u00f8gre"}]},{"@type":"WebSite","@id":"https:\/\/hoyre.no\/vestland\/#website","url":"https:\/\/hoyre.no\/vestland\/","name":"Vestland H\u00f8gre","description":"Bare enda et H\u00f8yres nettsteder-nettsted","inLanguage":"nb-NO"},{"@type":"Person","@id":"https:\/\/hoyre.no\/vestland\/#\/schema\/person\/d759ca3273fadb3ca1811e0ecae5dcdf","name":"Silje Myren Johansen","image":{"@type":"ImageObject","inLanguage":"nb-NO","@id":"https:\/\/hoyre.no\/vestland\/#\/schema\/person\/image\/","url":"https:\/\/secure.gravatar.com\/avatar\/d93d9ee3baf8f652c7ed53c89fc81ad77f795dbedc7d3c19d89981f369d1cfda?s=96&d=mm&r=g","contentUrl":"https:\/\/secure.gravatar.com\/avatar\/d93d9ee3baf8f652c7ed53c89fc81ad77f795dbedc7d3c19d89981f369d1cfda?s=96&d=mm&r=g","caption":"Silje Myren Johansen"},"url":"https:\/\/hoyre.no\/vestland\/aktuelt\/author\/m51843001\/"}]}},"distributor_meta":false,"distributor_terms":false,"distributor_media":false,"distributor_original_site_name":"Vestland H\u00f8gre","distributor_original_site_url":"https:\/\/hoyre.no\/vestland","push-errors":false,"_links":{"self":[{"href":"https:\/\/hoyre.no\/vestland\/wp-json\/wp\/v2\/posts\/221","targetHints":{"allow":["GET"]}}],"collection":[{"href":"https:\/\/hoyre.no\/vestland\/wp-json\/wp\/v2\/posts"}],"about":[{"href":"https:\/\/hoyre.no\/vestland\/wp-json\/wp\/v2\/types\/post"}],"author":[{"embeddable":true,"href":"https:\/\/hoyre.no\/vestland\/wp-json\/wp\/v2\/users\/464"}],"replies":[{"embeddable":true,"href":"https:\/\/hoyre.no\/vestland\/wp-json\/wp\/v2\/comments?post=221"}],"version-history":[{"count":1,"href":"https:\/\/hoyre.no\/vestland\/wp-json\/wp\/v2\/posts\/221\/revisions"}],"predecessor-version":[{"id":223,"href":"https:\/\/hoyre.no\/vestland\/wp-json\/wp\/v2\/posts\/221\/revisions\/223"}],"wp:attachment":[{"href":"https:\/\/hoyre.no\/vestland\/wp-json\/wp\/v2\/media?parent=221"}],"wp:term":[{"taxonomy":"category","embeddable":true,"href":"https:\/\/hoyre.no\/vestland\/wp-json\/wp\/v2\/category?post=221"},{"taxonomy":"post_tag","embeddable":true,"href":"https:\/\/hoyre.no\/vestland\/wp-json\/wp\/v2\/post_tag?post=221"},{"taxonomy":"hoyre-visibility","embeddable":true,"href":"https:\/\/hoyre.no\/vestland\/wp-json\/wp\/v2\/hoyre-visibility?post=221"},{"taxonomy":"article-type","embeddable":true,"href":"https:\/\/hoyre.no\/vestland\/wp-json\/wp\/v2\/article-type?post=221"},{"taxonomy":"politician","embeddable":true,"href":"https:\/\/hoyre.no\/vestland\/wp-json\/wp\/v2\/politician?post=221"}],"curies":[{"name":"wp","href":"https:\/\/api.w.org\/{rel}","templated":true}]}}