{"id":272,"date":"2021-05-07T19:13:24","date_gmt":"2021-05-07T17:13:24","guid":{"rendered":"https:\/\/hoyre.no\/vestland\/?p=272"},"modified":"2021-05-07T19:13:26","modified_gmt":"2021-05-07T17:13:26","slug":"skjerping-venstre","status":"publish","type":"post","link":"https:\/\/hoyre.no\/vestland\/aktuelt\/skjerping-venstre\/","title":{"rendered":"Skjerping, Venstre!"},"content":{"rendered":"\n<p class=\"preamble\">Under Venstres landsm\u00f8te i helgen, gikk et flertall inn for \u00e5 skrote frav\u00e6rsgrensen. Det er urovekkende at et parti med kunnskapsministeren i spissen, velger \u00e5 fjerne en grense som fungerer.\u00a0<\/p>\t\t\t<div class=\"post-meta wp-block teft-byline-wrapper\">\n\t\t\t\t<div class=\"top\">\n\t\t\t\t\t<div class=\"signature\">\n\t\t\t\t\t\t<div class=\"teft-byline\">\n\t\t\t\t\t\t\t\t\t\t\t\t\t\t<div>\n\t\t\t\t\t\t\t\t<h3>H\u00f8yres redaksjon<\/h3>\t\t\t\t\t\t\t\t\n\t\t\t\t\t\t\t\t\t\t\t\t\t\t\t\t\t<span class=\"date\">Sist oppdatert: 7. mai 2021<\/span>\n\t\t\t\t\t\t\t\t\t\t\t\t\t\t\t\t\t\t\t\t\t\t\t\t\t<span class=\"reading-time\" itemprop=\"timeRequired\" content=\"PT3M\"><em>Ca. 3 minutter lesetid<\/em><\/span>\n\t\t\t\t\t\t\t\t\t\t\t\t\t\t\t<\/div>\n\t\t\t\t\t\t<\/div>\n\t\t\t\t\t<\/div>\n\t\t\t\t\t\t<div class=\"sharing\">\n\t\t<a class=\"share-button share-link copy-link\" data-copy=\"https:\/\/hoyre.no\/vestland\/aktuelt\/skjerping-venstre\/\" target=\"_blank\"><span class=\"screen-reader-text\">Del link<\/span><\/a>\n\t\t<a class=\"share-button share-twitter\" href=\"http:\/\/twitter.com\/share?text=Skjerping, Venstre!&#038;url=https:\/\/hoyre.no\/vestland\/aktuelt\/skjerping-venstre\/&#038;hashtags=Hoyre\" target=\"_blank\"><span class=\"screen-reader-text\">Del p\u00e5 twitter<\/span><\/a>\n\t\t<a class=\"share-button share-facebook\" href=\"https:\/\/www.facebook.com\/sharer\/sharer.php?u=https:\/\/hoyre.no\/vestland\/aktuelt\/skjerping-venstre\/\" target=\"_blank\"><span class=\"screen-reader-text\">Del p\u00e5 facebook<\/span><\/a>\n\t<\/div>\n\t\t\t\t\t<\/div>\n\t\t\t<\/div>\n\n\t\t\t<figure class=\"hoyre-image-wrapper\"><div class=\"hoyre-image\"><img loading=\"lazy\" decoding=\"async\" width=\"1747\" height=\"1240\" src=\"https:\/\/hoyre.no\/content\/uploads\/sites\/15\/2021\/05\/Foto-Boks-Turisme-Velkommen-Reklame-Kunngjoring-Kort-1.jpg\" class=\"attachment-scaled size-scaled\" alt=\"\" style=\"object-position: 50% 50%\" srcset=\"https:\/\/hoyre.no\/content\/uploads\/sites\/15\/2021\/05\/Foto-Boks-Turisme-Velkommen-Reklame-Kunngjoring-Kort-1.jpg 1747w, https:\/\/hoyre.no\/content\/uploads\/sites\/15\/2021\/05\/Foto-Boks-Turisme-Velkommen-Reklame-Kunngjoring-Kort-1-300x213.jpg 300w, https:\/\/hoyre.no\/content\/uploads\/sites\/15\/2021\/05\/Foto-Boks-Turisme-Velkommen-Reklame-Kunngjoring-Kort-1-1024x727.jpg 1024w, https:\/\/hoyre.no\/content\/uploads\/sites\/15\/2021\/05\/Foto-Boks-Turisme-Velkommen-Reklame-Kunngjoring-Kort-1-768x545.jpg 768w, https:\/\/hoyre.no\/content\/uploads\/sites\/15\/2021\/05\/Foto-Boks-Turisme-Velkommen-Reklame-Kunngjoring-Kort-1-1536x1090.jpg 1536w\" sizes=\"auto, (max-width: 1747px) 100vw, 1747px\" \/><\/div><figcaption class=\"caption\"><br>Av Emilie K. Litler\u00e9 (18), 1. nestleder i Bergens Unge H\u00f8yre og Tora Kildehaug (21),<br>2. nestleder i Hordaland Unge H\u00f8yre.<\/figcaption><\/figure>\n\n\n\n\n<p>For vi kan alle v\u00e6re enig i at frav\u00e6rsgrensen, i likhet med de fleste ting ikke er perfekt, men l\u00f8sningen kan ikke v\u00e6re \u00e5 fjerne den! For sannheten er at den faktisk har fungert. Det er derfor skremmende at Venstre og en rekke andre politiske partier tar til orde for \u00e5 fjerne frav\u00e6rsgrensen, uten at de kommer med tydelige alternativer for hva de \u00f8nsker som erstatning for frav\u00e6rsgrensen. Det er ikke god skolepolitikk! Det som derimot er god skolepolitikk er det som kommer frem i Fafo-rapporten om frav\u00e6rsgrensen, som viste at frav\u00e6ret hadde stupt med 27 prosent. Ikke nok med det, s\u00e5 var frav\u00e6ret mest redusert hos de elevene som tidligere hadde h\u00f8yest frav\u00e6r og de svakeste karakterene.\u00a0<\/p>\n\n\n\n<p>For sammen med venstresiden, tror Venstre at det er snilt \u00e5 ikke stille krav til oss elever. Men det er nettopp disse kravene som f\u00e5r oss p\u00e5 skolen. Da korona inntraff den norske skolen i fjor, ble veien for \u00e5 bli liggende i sengen mye kortere enn da vi m\u00e5tte komme oss fysisk p\u00e5 skolen. Vi var nok mange elever som ble fristet til \u00e5 bli liggende i sengen og \u00abf\u00f8lge\u00bb med p\u00e5 undervisningen fra sengekanten. Heldigvis har frav\u00e6rsgrensen gjort det lettere for l\u00e6rerne \u00e5 f\u00f8lge opp elevenes oppm\u00f8te og hindret at faren for \u00e5 falle ifra, blir enda st\u00f8rre.&nbsp;<\/p>\n\n\n\n<p>En annen utfordring med korona-hjemmeskole er at det er blitt vanskeligere for l\u00e6rerne \u00e5 f\u00f8lge opp oss elever. F\u00f8rst og fremst har de ikke f\u00e5tt like god innsikt i hva vi elever egentlig l\u00e6rer oss, men ogs\u00e5 fordi de heller ikke f\u00e5r med seg hvordan vi egentlig har det. Kanskje noen er tr\u00f8tte etter \u00e5 ha sittet oppe hele natten og sett p\u00e5 Netflix, mens andre sliter med depresjon i denne dystre tiden. Gjennom frav\u00e6rsgrensen har l\u00e6rerne kontroll og oversikt p\u00e5 hvem som trenger oppf\u00f8lging. Enten det er ved \u00e5 bli holdt i t\u00f8ylene eller \u00e5 bli henvendt til skolepsykolog. For \u00e5 si det enkelt, Venstre, er det et \u00e5r du ikke skal tukle med frav\u00e6rsgrensen s\u00e5 er det under en pandemi med hjemmeskole!<\/p>\n\n\n\n<p>Ogs\u00e5 kan vi alle selvf\u00f8lgelig v\u00e6re enig i at enkelte l\u00e6rere m\u00e5 bli flinkere til \u00e5 vise skj\u00f8nn. Dersom en elev ikke kommer tidsnok til nettundervisningen grunnet internettproblemer, trenger man kanskje ikke \u00e5 v\u00e6re s\u00e5 rigid og \u00e5 gi anmerkning og frav\u00e6r. M\u00e5let burde v\u00e6re \u00e5 se hver enkelt elev og komme oss best mulig i m\u00f8te. Men \u00e5 tro at det blir bedre ved \u00e5 fjerne det eneste hjelpemiddelet som s\u00f8rger for at vi elever blir sett og f\u00e5r den oppf\u00f8lgingen vi har krav p\u00e5, er bare naivt.<\/p>\n\n\n<div class=\"tags\">\n\t<\/div>\n<div class=\"post-footer alignfull has-background block-editor-block-list__block\" data-align=full>\n\t<div class=\"post-footer-inner\">\n\t\t<h3>Relaterte artikler<\/h3>\n\t\t<div class=\"related-content\"><div class=\"is-card-hoyre\">\n\t<div class=\"teft-card hoyre-teft-card post-teft-card\">\n\t\t<a href=\"https:\/\/hoyre.no\/vestland\/aktuelt\/mindre-kakeeting-og-fleire-prioriterte-prosjekt-i-vestland\/\" class=\"teft-card__primary-action\">\n\n\t\t\t\t\t<div class=\"teft-card__media teft-card__media--16-9\">\n\t\t\t\t\t\t<img loading=\"lazy\" decoding=\"async\" width=\"768\" height=\"512\" src=\"https:\/\/hoyre.no\/content\/uploads\/sites\/15\/2023\/05\/Silja-best-13-768x512.jpg\" class=\"attachment-medium_large size-medium_large\" alt=\"\" srcset=\"https:\/\/hoyre.no\/content\/uploads\/sites\/15\/2023\/05\/Silja-best-13-768x512.jpg 768w, https:\/\/hoyre.no\/content\/uploads\/sites\/15\/2023\/05\/Silja-best-13-300x200.jpg 300w, https:\/\/hoyre.no\/content\/uploads\/sites\/15\/2023\/05\/Silja-best-13-1024x683.jpg 1024w, https:\/\/hoyre.no\/content\/uploads\/sites\/15\/2023\/05\/Silja-best-13-1536x1025.jpg 1536w, https:\/\/hoyre.no\/content\/uploads\/sites\/15\/2023\/05\/Silja-best-13-2048x1366.jpg 2048w\" sizes=\"auto, (max-width: 768px) 100vw, 768px\" \/>\t\t<\/div>\n\t\t\n\t\t\t<div class=\"teft-card__content-wrapper\">\n\t\t\t\t<div class=\"teft-card__secondary\">\n\t\t\t\t\t\n\t\t\t\t\t\t\t\t<div class=\"teft-card__meta\">\n\t\t\t\t\t\t\t\t\t<span class=\"post-date\">16. apr 2024<\/span>\n\n\t\t\t\t\t\t\t\t\t<span class=\"post-category\">Nyheiter<\/span>\t\t\t\t\t\t\t\t<\/div>\n\t\t\t\t\t\t\t\t\t\t\t<\/div>\n\n\t\t\t\t<div class=\"teft-card__primary\">\n\t\t\t\t\t<h2 class=\"teft-card__title\">Mindre kakeeting og fleire prioriterte prosjekt i Vestland&nbsp;<span class=\"teft-card__primary-title-append\"><\/span><\/h2>\t\t\t\t<\/div>\n\t\t\t<\/div>\n\t\t<\/a>\n\t<\/div>\n\n\t<\/div><div class=\"is-card-hoyre\">\n\t<div class=\"teft-card hoyre-teft-card post-teft-card\">\n\t\t<a href=\"https:\/\/hoyre.no\/vestland\/aktuelt\/vestland-hogres-valgliste-2027-2031\/\" class=\"teft-card__primary-action\">\n\n\t\t\t\t\t<div class=\"teft-card__media teft-card__media--16-9\">\n\t\t\t\t\t\t<img loading=\"lazy\" decoding=\"async\" width=\"768\" height=\"511\" src=\"https:\/\/hoyre.no\/content\/uploads\/sites\/15\/2026\/03\/Bjorn-Hollevik-Foto-Dag-Nesbo-Froyen-768x511.jpg\" class=\"attachment-medium_large size-medium_large\" alt=\"\" srcset=\"https:\/\/hoyre.no\/content\/uploads\/sites\/15\/2026\/03\/Bjorn-Hollevik-Foto-Dag-Nesbo-Froyen-768x511.jpg 768w, https:\/\/hoyre.no\/content\/uploads\/sites\/15\/2026\/03\/Bjorn-Hollevik-Foto-Dag-Nesbo-Froyen-300x200.jpg 300w, https:\/\/hoyre.no\/content\/uploads\/sites\/15\/2026\/03\/Bjorn-Hollevik-Foto-Dag-Nesbo-Froyen-1024x682.jpg 1024w, https:\/\/hoyre.no\/content\/uploads\/sites\/15\/2026\/03\/Bjorn-Hollevik-Foto-Dag-Nesbo-Froyen.jpg 1200w\" sizes=\"auto, (max-width: 768px) 100vw, 768px\" \/>\t\t<\/div>\n\t\t\n\t\t\t<div class=\"teft-card__content-wrapper\">\n\t\t\t\t<div class=\"teft-card__secondary\">\n\t\t\t\t\t\n\t\t\t\t\t\t\t\t<div class=\"teft-card__meta\">\n\t\t\t\t\t\t\t\t\t<span class=\"post-date\">16. mar 2026<\/span>\n\n\t\t\t\t\t\t\t\t\t<span class=\"post-category\">Nyheiter<\/span>\t\t\t\t\t\t\t\t<\/div>\n\t\t\t\t\t\t\t\t\t\t\t<\/div>\n\n\t\t\t\t<div class=\"teft-card__primary\">\n\t\t\t\t\t<h2 class=\"teft-card__title\">Arbeidet med valgliste for 2027-2031 er i gang&nbsp;<span class=\"teft-card__primary-title-append\"><\/span><\/h2>\t\t\t\t<\/div>\n\t\t\t<\/div>\n\t\t<\/a>\n\t<\/div>\n\n\t<\/div><div class=\"is-card-hoyre\">\n\t<div class=\"teft-card hoyre-teft-card post-teft-card\">\n\t\t<a href=\"https:\/\/hoyre.no\/vestland\/aktuelt\/bli-kjent-med-fylkestingsgruppa\/\" class=\"teft-card__primary-action\">\n\n\t\t\t\t\t<div class=\"teft-card__media teft-card__media--16-9\">\n\t\t\t\t\t\t<img loading=\"lazy\" decoding=\"async\" width=\"768\" height=\"512\" src=\"https:\/\/hoyre.no\/content\/uploads\/sites\/15\/2024\/06\/IMG_6255-768x512.jpg\" class=\"attachment-medium_large size-medium_large\" alt=\"\" srcset=\"https:\/\/hoyre.no\/content\/uploads\/sites\/15\/2024\/06\/IMG_6255-768x512.jpg 768w, https:\/\/hoyre.no\/content\/uploads\/sites\/15\/2024\/06\/IMG_6255-300x200.jpg 300w, https:\/\/hoyre.no\/content\/uploads\/sites\/15\/2024\/06\/IMG_6255-1024x683.jpg 1024w, https:\/\/hoyre.no\/content\/uploads\/sites\/15\/2024\/06\/IMG_6255-1536x1024.jpg 1536w, https:\/\/hoyre.no\/content\/uploads\/sites\/15\/2024\/06\/IMG_6255-2048x1365.jpg 2048w\" sizes=\"auto, (max-width: 768px) 100vw, 768px\" \/>\t\t<\/div>\n\t\t\n\t\t\t<div class=\"teft-card__content-wrapper\">\n\t\t\t\t<div class=\"teft-card__secondary\">\n\t\t\t\t\t\n\t\t\t\t\t\t\t\t<div class=\"teft-card__meta\">\n\t\t\t\t\t\t\t\t\t<span class=\"post-date\">5. mar 2026<\/span>\n\n\t\t\t\t\t\t\t\t\t\t\t\t\t\t\t\t\t<\/div>\n\t\t\t\t\t\t\t\t\t\t\t<\/div>\n\n\t\t\t\t<div class=\"teft-card__primary\">\n\t\t\t\t\t<h2 class=\"teft-card__title\">Bli kjent med fylkestingsgruppa&nbsp;<span class=\"teft-card__primary-title-append\"><\/span><\/h2>\t\t\t\t<\/div>\n\t\t\t<\/div>\n\t\t<\/a>\n\t<\/div>\n\n\t<\/div><\/div>\t<\/div>\n<\/div>\n","protected":false},"excerpt":{"rendered":"","protected":false},"author":464,"featured_media":0,"comment_status":"closed","ping_status":"closed","sticky":false,"template":"","format":"standard","meta":{"teft_cards_image_url":"","teft_cards_custom_pretitle":"","teft_cards_image_id":273,"teft_cards_image_focal_point_x":0.5,"teft_cards_image_focal_point_y":0.5,"teft_cards_title":"","teft_cards_excerpt":"","teft_show_chapters":false,"author_display_name":"","footnotes":""},"category":[3],"post_tag":[],"hoyre-visibility":[],"article-type":[],"politician":[],"class_list":["post-272","post","type-post","status-publish","format-standard","hentry","category-valg-2021"],"yoast_head":"<!-- This site is optimized with the Yoast SEO plugin v26.6 - https:\/\/yoast.com\/wordpress\/plugins\/seo\/ -->\n<title>Skjerping, Venstre! - Vestland H\u00f8gre<\/title>\n<meta name=\"robots\" content=\"index, follow, max-snippet:-1, max-image-preview:large, max-video-preview:-1\" \/>\n<link rel=\"canonical\" href=\"https:\/\/hoyre.no\/vestland\/aktuelt\/skjerping-venstre\/\" \/>\n<meta property=\"og:locale\" content=\"nb_NO\" \/>\n<meta property=\"og:type\" content=\"article\" \/>\n<meta property=\"og:title\" content=\"Skjerping, Venstre! - Vestland H\u00f8gre\" \/>\n<meta property=\"og:url\" content=\"https:\/\/hoyre.no\/vestland\/aktuelt\/skjerping-venstre\/\" \/>\n<meta property=\"og:site_name\" content=\"Vestland H\u00f8gre\" \/>\n<meta property=\"article:published_time\" content=\"2021-05-07T17:13:24+00:00\" \/>\n<meta property=\"article:modified_time\" content=\"2021-05-07T17:13:26+00:00\" \/>\n<meta property=\"og:image\" content=\"https:\/\/hoyre.no\/content\/uploads\/sites\/15\/2025\/01\/Skjermbilde-2025-01-06-kl.-10.59.59-1024x795.png\" \/>\n<meta name=\"author\" content=\"Silje Myren Johansen\" \/>\n<meta name=\"twitter:card\" content=\"summary_large_image\" \/>\n<meta name=\"twitter:label1\" content=\"Skrevet av\" \/>\n\t<meta name=\"twitter:data1\" content=\"Silje Myren Johansen\" \/>\n\t<meta name=\"twitter:label2\" content=\"Ansl. lesetid\" \/>\n\t<meta name=\"twitter:data2\" content=\"3 minutter\" \/>\n<script type=\"application\/ld+json\" class=\"yoast-schema-graph\">{\"@context\":\"https:\/\/schema.org\",\"@graph\":[{\"@type\":\"NewsArticle\",\"@id\":\"https:\/\/hoyre.no\/vestland\/aktuelt\/skjerping-venstre\/\",\"url\":\"https:\/\/hoyre.no\/vestland\/aktuelt\/skjerping-venstre\/\",\"name\":\"Skjerping, Venstre! - Vestland H\u00f8gre\",\"isPartOf\":{\"@id\":\"https:\/\/hoyre.no\/vestland\/#website\"},\"datePublished\":\"2021-05-07T17:13:24+00:00\",\"dateModified\":\"2021-05-07T17:13:26+00:00\",\"author\":{\"@id\":\"https:\/\/hoyre.no\/vestland\/#\/schema\/person\/d759ca3273fadb3ca1811e0ecae5dcdf\"},\"breadcrumb\":{\"@id\":\"https:\/\/hoyre.no\/vestland\/aktuelt\/skjerping-venstre\/#breadcrumb\"},\"inLanguage\":\"nb-NO\",\"potentialAction\":[{\"@type\":\"ReadAction\",\"target\":[\"https:\/\/hoyre.no\/vestland\/aktuelt\/skjerping-venstre\/\"]}]},{\"@type\":\"BreadcrumbList\",\"@id\":\"https:\/\/hoyre.no\/vestland\/aktuelt\/skjerping-venstre\/#breadcrumb\",\"itemListElement\":[{\"@type\":\"ListItem\",\"position\":1,\"name\":\"Til hoyre.no\",\"item\":\"https:\/\/hoyre.no\"},{\"@type\":\"ListItem\",\"position\":2,\"name\":\"Hjem\",\"item\":\"https:\/\/hoyre.no\/vestland\/\"},{\"@type\":\"ListItem\",\"position\":3,\"name\":\"Skjerping, Venstre!\"}]},{\"@type\":\"WebSite\",\"@id\":\"https:\/\/hoyre.no\/vestland\/#website\",\"url\":\"https:\/\/hoyre.no\/vestland\/\",\"name\":\"Vestland H\u00f8gre\",\"description\":\"Bare enda et H\u00f8yres nettsteder-nettsted\",\"inLanguage\":\"nb-NO\"},{\"@type\":\"Person\",\"@id\":\"https:\/\/hoyre.no\/vestland\/#\/schema\/person\/d759ca3273fadb3ca1811e0ecae5dcdf\",\"name\":\"Silje Myren Johansen\",\"image\":{\"@type\":\"ImageObject\",\"inLanguage\":\"nb-NO\",\"@id\":\"https:\/\/hoyre.no\/vestland\/#\/schema\/person\/image\/\",\"url\":\"https:\/\/secure.gravatar.com\/avatar\/d93d9ee3baf8f652c7ed53c89fc81ad77f795dbedc7d3c19d89981f369d1cfda?s=96&d=mm&r=g\",\"contentUrl\":\"https:\/\/secure.gravatar.com\/avatar\/d93d9ee3baf8f652c7ed53c89fc81ad77f795dbedc7d3c19d89981f369d1cfda?s=96&d=mm&r=g\",\"caption\":\"Silje Myren Johansen\"},\"url\":\"https:\/\/hoyre.no\/vestland\/aktuelt\/author\/m51843001\/\"}]}<\/script>\n<!-- \/ Yoast SEO plugin. -->","yoast_head_json":{"title":"Skjerping, Venstre! - Vestland H\u00f8gre","robots":{"index":"index","follow":"follow","max-snippet":"max-snippet:-1","max-image-preview":"max-image-preview:large","max-video-preview":"max-video-preview:-1"},"canonical":"https:\/\/hoyre.no\/vestland\/aktuelt\/skjerping-venstre\/","og_locale":"nb_NO","og_type":"article","og_title":"Skjerping, Venstre! - Vestland H\u00f8gre","og_url":"https:\/\/hoyre.no\/vestland\/aktuelt\/skjerping-venstre\/","og_site_name":"Vestland H\u00f8gre","article_published_time":"2021-05-07T17:13:24+00:00","article_modified_time":"2021-05-07T17:13:26+00:00","og_image":[{"url":"https:\/\/hoyre.no\/content\/uploads\/sites\/15\/2025\/01\/Skjermbilde-2025-01-06-kl.-10.59.59-1024x795.png","width":"","height":"","type":""}],"author":"Silje Myren Johansen","twitter_card":"summary_large_image","twitter_misc":{"Skrevet av":"Silje Myren Johansen","Ansl. lesetid":"3 minutter"},"schema":{"@context":"https:\/\/schema.org","@graph":[{"@type":"NewsArticle","@id":"https:\/\/hoyre.no\/vestland\/aktuelt\/skjerping-venstre\/","url":"https:\/\/hoyre.no\/vestland\/aktuelt\/skjerping-venstre\/","name":"Skjerping, Venstre! - Vestland H\u00f8gre","isPartOf":{"@id":"https:\/\/hoyre.no\/vestland\/#website"},"datePublished":"2021-05-07T17:13:24+00:00","dateModified":"2021-05-07T17:13:26+00:00","author":{"@id":"https:\/\/hoyre.no\/vestland\/#\/schema\/person\/d759ca3273fadb3ca1811e0ecae5dcdf"},"breadcrumb":{"@id":"https:\/\/hoyre.no\/vestland\/aktuelt\/skjerping-venstre\/#breadcrumb"},"inLanguage":"nb-NO","potentialAction":[{"@type":"ReadAction","target":["https:\/\/hoyre.no\/vestland\/aktuelt\/skjerping-venstre\/"]}]},{"@type":"BreadcrumbList","@id":"https:\/\/hoyre.no\/vestland\/aktuelt\/skjerping-venstre\/#breadcrumb","itemListElement":[{"@type":"ListItem","position":1,"name":"Til hoyre.no","item":"https:\/\/hoyre.no"},{"@type":"ListItem","position":2,"name":"Hjem","item":"https:\/\/hoyre.no\/vestland\/"},{"@type":"ListItem","position":3,"name":"Skjerping, Venstre!"}]},{"@type":"WebSite","@id":"https:\/\/hoyre.no\/vestland\/#website","url":"https:\/\/hoyre.no\/vestland\/","name":"Vestland H\u00f8gre","description":"Bare enda et H\u00f8yres nettsteder-nettsted","inLanguage":"nb-NO"},{"@type":"Person","@id":"https:\/\/hoyre.no\/vestland\/#\/schema\/person\/d759ca3273fadb3ca1811e0ecae5dcdf","name":"Silje Myren Johansen","image":{"@type":"ImageObject","inLanguage":"nb-NO","@id":"https:\/\/hoyre.no\/vestland\/#\/schema\/person\/image\/","url":"https:\/\/secure.gravatar.com\/avatar\/d93d9ee3baf8f652c7ed53c89fc81ad77f795dbedc7d3c19d89981f369d1cfda?s=96&d=mm&r=g","contentUrl":"https:\/\/secure.gravatar.com\/avatar\/d93d9ee3baf8f652c7ed53c89fc81ad77f795dbedc7d3c19d89981f369d1cfda?s=96&d=mm&r=g","caption":"Silje Myren Johansen"},"url":"https:\/\/hoyre.no\/vestland\/aktuelt\/author\/m51843001\/"}]}},"distributor_meta":false,"distributor_terms":false,"distributor_media":false,"distributor_original_site_name":"Vestland H\u00f8gre","distributor_original_site_url":"https:\/\/hoyre.no\/vestland","push-errors":false,"_links":{"self":[{"href":"https:\/\/hoyre.no\/vestland\/wp-json\/wp\/v2\/posts\/272","targetHints":{"allow":["GET"]}}],"collection":[{"href":"https:\/\/hoyre.no\/vestland\/wp-json\/wp\/v2\/posts"}],"about":[{"href":"https:\/\/hoyre.no\/vestland\/wp-json\/wp\/v2\/types\/post"}],"author":[{"embeddable":true,"href":"https:\/\/hoyre.no\/vestland\/wp-json\/wp\/v2\/users\/464"}],"replies":[{"embeddable":true,"href":"https:\/\/hoyre.no\/vestland\/wp-json\/wp\/v2\/comments?post=272"}],"version-history":[{"count":1,"href":"https:\/\/hoyre.no\/vestland\/wp-json\/wp\/v2\/posts\/272\/revisions"}],"predecessor-version":[{"id":274,"href":"https:\/\/hoyre.no\/vestland\/wp-json\/wp\/v2\/posts\/272\/revisions\/274"}],"wp:attachment":[{"href":"https:\/\/hoyre.no\/vestland\/wp-json\/wp\/v2\/media?parent=272"}],"wp:term":[{"taxonomy":"category","embeddable":true,"href":"https:\/\/hoyre.no\/vestland\/wp-json\/wp\/v2\/category?post=272"},{"taxonomy":"post_tag","embeddable":true,"href":"https:\/\/hoyre.no\/vestland\/wp-json\/wp\/v2\/post_tag?post=272"},{"taxonomy":"hoyre-visibility","embeddable":true,"href":"https:\/\/hoyre.no\/vestland\/wp-json\/wp\/v2\/hoyre-visibility?post=272"},{"taxonomy":"article-type","embeddable":true,"href":"https:\/\/hoyre.no\/vestland\/wp-json\/wp\/v2\/article-type?post=272"},{"taxonomy":"politician","embeddable":true,"href":"https:\/\/hoyre.no\/vestland\/wp-json\/wp\/v2\/politician?post=272"}],"curies":[{"name":"wp","href":"https:\/\/api.w.org\/{rel}","templated":true}]}}