{"id":367,"date":"2021-06-16T21:18:41","date_gmt":"2021-06-16T19:18:41","guid":{"rendered":"https:\/\/hoyre.no\/vestland\/?p=367"},"modified":"2022-06-16T10:12:36","modified_gmt":"2022-06-16T08:12:36","slug":"yrkesfag-er-framtida","status":"publish","type":"post","link":"https:\/\/hoyre.no\/vestland\/aktuelt\/yrkesfag-er-framtida\/","title":{"rendered":"Yrkesfag er framtida!"},"content":{"rendered":"\n<p class=\"preamble\"><strong>Arbeiderpartiet og LO spreiar l\u00f8gner om ei av H\u00f8gre sine viktigaste satsingar.\u00a0<\/strong><\/p>\t\t\t<div class=\"post-meta wp-block teft-byline-wrapper\">\n\t\t\t\t<div class=\"top\">\n\t\t\t\t\t<div class=\"signature\">\n\t\t\t\t\t\t<div class=\"teft-byline\">\n\t\t\t\t\t\t\t\t\t\t\t\t\t\t<div>\n\t\t\t\t\t\t\t\t<h3>H\u00f8yres redaksjon<\/h3>\t\t\t\t\t\t\t\t\n\t\t\t\t\t\t\t\t\t\t\t\t\t\t\t\t\t<span class=\"date\">Sist oppdatert: 16. juni 2022<\/span>\n\t\t\t\t\t\t\t\t\t\t\t\t\t\t\t\t\t\t\t\t\t\t\t\t\t<span class=\"reading-time\" itemprop=\"timeRequired\" content=\"PT3M\"><em>Ca. 3 minutter lesetid<\/em><\/span>\n\t\t\t\t\t\t\t\t\t\t\t\t\t\t\t<\/div>\n\t\t\t\t\t\t<\/div>\n\t\t\t\t\t<\/div>\n\t\t\t\t\t\t<div class=\"sharing\">\n\t\t<a class=\"share-button share-link copy-link\" data-copy=\"https:\/\/hoyre.no\/vestland\/aktuelt\/yrkesfag-er-framtida\/\" target=\"_blank\"><span class=\"screen-reader-text\">Del link<\/span><\/a>\n\t\t<a class=\"share-button share-twitter\" href=\"http:\/\/twitter.com\/share?text=Yrkesfag er framtida!&#038;url=https:\/\/hoyre.no\/vestland\/aktuelt\/yrkesfag-er-framtida\/&#038;hashtags=Hoyre\" target=\"_blank\"><span class=\"screen-reader-text\">Del p\u00e5 twitter<\/span><\/a>\n\t\t<a class=\"share-button share-facebook\" href=\"https:\/\/www.facebook.com\/sharer\/sharer.php?u=https:\/\/hoyre.no\/vestland\/aktuelt\/yrkesfag-er-framtida\/\" target=\"_blank\"><span class=\"screen-reader-text\">Del p\u00e5 facebook<\/span><\/a>\n\t<\/div>\n\t\t\t\t\t<\/div>\n\t\t\t<\/div>\n\n\t\t\t<figure class=\"hoyre-image-wrapper\"><div class=\"hoyre-image\"><img loading=\"lazy\" decoding=\"async\" width=\"1350\" height=\"980\" src=\"https:\/\/hoyre.no\/content\/uploads\/sites\/15\/2021\/06\/A088A3E8-2769-4751-9DE6-CFB895B6BDF1.png\" class=\"attachment-scaled size-scaled\" alt=\"\" style=\"object-position: 50% 50%\" srcset=\"https:\/\/hoyre.no\/content\/uploads\/sites\/15\/2021\/06\/A088A3E8-2769-4751-9DE6-CFB895B6BDF1.png 1350w, https:\/\/hoyre.no\/content\/uploads\/sites\/15\/2021\/06\/A088A3E8-2769-4751-9DE6-CFB895B6BDF1-300x218.png 300w, https:\/\/hoyre.no\/content\/uploads\/sites\/15\/2021\/06\/A088A3E8-2769-4751-9DE6-CFB895B6BDF1-1024x743.png 1024w, https:\/\/hoyre.no\/content\/uploads\/sites\/15\/2021\/06\/A088A3E8-2769-4751-9DE6-CFB895B6BDF1-768x558.png 768w\" sizes=\"auto, (max-width: 1350px) 100vw, 1350px\" \/><\/div><figcaption class=\"caption\">Lise-May S\u00e6le (t.v) og Elias R. Eide (t.v)<\/figcaption><\/figure>\n\n\n\n\n<p>Arbeiderpartiet har ei m\u00f8rk historie n\u00e5r det gjeld yrkesfag. Etter \u00e5 ikkje ha l\u00f8fta ein finger for yrkesfaga starta oppvasken i 2013. H\u00f8gre har i l\u00f8pet av denne tida satsa og styrka yrkesfaga. Kvart. Einaste. \u00c5r.&nbsp;<\/p>\n\n\n\n<p>Dersom det er ein ting vi veit om framtidas arbeidsliv, s\u00e5 er det at vi treng fagarbeidarar. Det er ikkje akademikarar som skal ta vare p\u00e5 framtidas eldre, skape framtidas byar eller bygge nye b\u00e5tar. Difor er det s\u00e5 bra at rekordmange no vel yrkesfag. Men yrkesfag kan bli end\u00e5 betre, og det er spesielt to ting vi m\u00e5 gjere for \u00e5 f\u00e5 til det.&nbsp;<\/p>\n\n\n\n<p>For det f\u00f8rste vil H\u00f8gre ha meir praksis og mindre teori. Skal du jobbe som elektrikar, s\u00e5 er det viktigare at du kan faget ditt enn at du kan analysere dikt. End\u00e5 fleire av dei som g\u00e5r yrkesfag b\u00f8r difor ogs\u00e5 f\u00e5 moglegheit til \u00e5 ta utdanninga i ei bedrift.&nbsp;&nbsp;&nbsp;<\/p>\n\n\n\n<p>For det andre m\u00e5 vi s\u00f8rge for fleire l\u00e6rlingplassar. Arbeiderpartiet og LO trur at dei berre kan vedta p\u00e5 Stortinget at det blir fleire l\u00e6rlingplassar, og s\u00e5 at dei dukkar opp av seg sj\u00f8lv. Det er litt som \u00e5 tru at ein kan vedta at det aldri meir skal regne i Bergen; alle veit at det ikkje kjem til \u00e5 skje. Difor m\u00e5 ein gjere det meir l\u00f8nsamt for bedrifter \u00e5 tilsette l\u00e6rlingar. L\u00e6rlingtilskot har auka med 55 000 kroner med H\u00f8gre i regjering, og no g\u00e5r vi til val p\u00e5 \u00e5 auke det ytterlegare.&nbsp;&nbsp;<\/p>\n\n\n\n<p>Eit anna viktig tiltak er fullf\u00f8ringsreforma som regjeringa nyleg fekk fleirtal for. Denne vil gjere det enklare, og legge betre til rette for \u00e5 utdanne framtidas arbeidsplassar. Det vert innf\u00f8rt ein rett til \u00e5 fullf\u00f8re, rett til \u00e5 ta nytt fagbrev i tillegg til nye tiltak for fleire l\u00e6replassar.&nbsp;<\/p>\n\n\n\n<p>Sj\u00f8lv om over halvparten av elevane no s\u00f8kjer seg til yrkesfag, er det framleis n\u00f8dvendig \u00e5 f\u00e5 fleire unge til \u00e5 velje yrkesfag. For \u00e5 f\u00e5 til dette skal yrkesfag gjerast meir relevant for ungdommane. Vi g\u00e5r til val p\u00e5 \u00e5 tilby yrkesfagleg valfag i ungdomsskulen og fleire profilskular. Desse nye tiltaka tidlegare i skulel\u00f8pet skal gje fleire elevar gode opplevingar og smaken p\u00e5 yrkesfag. Vi vil ogs\u00e5 gjere yrkesfaga meir attraktive ved \u00e5 tilpasse yrkesfaga til n\u00e6ringslivet sine behov, s\u00f8rge for at elevane m\u00f8ter meir moderne og oppdatert utstyr i skulen, samt auke kompetansen til l\u00e6rarane p\u00e5 yrkesfag. H\u00f8gre har store ambisjonar for yrkesfag, og historia har vist at vi evnar \u00e5 gjere noko med det i motsetnad til Arbeiderpartiet.&nbsp;<\/p>\n\n\n\n<p>H\u00f8gre vil ha verdas beste skule. Ein skule som gjev like moglegheiter uavhengig av kven du er, kor du kjem fr\u00e5 eller kva du heiter. Tida vil aldri bli moden for Arbeiderpartiet sin skulepolitikk. For ingen elevar vil nokon gang passe tvangstr\u00f8ya til venstresida, alle er ulike. Det er tid for at Arbeiderpartiet og LO tek av seg dei ideologiske skylappane sine og startar \u00e5 anerkjenne den enorme satsinga denne regjeringa har st\u00e5tt for. N\u00e5r dei har gjort det er dei hjarteleg velkomne til \u00e5 samarbeide om \u00e5 gjere det end\u00e5 betre.&nbsp;<\/p>\n\n\n\n<p>Elias R. Eide, ungdomskandidat for H\u00f8gre i Sogn og Fjordane valkrets<\/p>\n\n\n\n<p>Lise-May S\u00e6le, ungdomskandidat for H\u00f8gre i Hordaland valkrets<\/p>\n\n\n<div class=\"tags\">\n\t<\/div>\n<div class=\"post-footer alignfull has-background block-editor-block-list__block\" data-align=full>\n\t<div class=\"post-footer-inner\">\n\t\t<h3>Relaterte artikler<\/h3>\n\t\t<div class=\"related-content\"><div class=\"is-card-hoyre\">\n\t<div class=\"teft-card hoyre-teft-card post-teft-card\">\n\t\t<a href=\"https:\/\/hoyre.no\/vestland\/aktuelt\/mindre-kakeeting-og-fleire-prioriterte-prosjekt-i-vestland\/\" class=\"teft-card__primary-action\">\n\n\t\t\t\t\t<div class=\"teft-card__media teft-card__media--16-9\">\n\t\t\t\t\t\t<img loading=\"lazy\" decoding=\"async\" width=\"768\" height=\"512\" src=\"https:\/\/hoyre.no\/content\/uploads\/sites\/15\/2023\/05\/Silja-best-13-768x512.jpg\" class=\"attachment-medium_large size-medium_large\" alt=\"\" srcset=\"https:\/\/hoyre.no\/content\/uploads\/sites\/15\/2023\/05\/Silja-best-13-768x512.jpg 768w, https:\/\/hoyre.no\/content\/uploads\/sites\/15\/2023\/05\/Silja-best-13-300x200.jpg 300w, https:\/\/hoyre.no\/content\/uploads\/sites\/15\/2023\/05\/Silja-best-13-1024x683.jpg 1024w, https:\/\/hoyre.no\/content\/uploads\/sites\/15\/2023\/05\/Silja-best-13-1536x1025.jpg 1536w, https:\/\/hoyre.no\/content\/uploads\/sites\/15\/2023\/05\/Silja-best-13-2048x1366.jpg 2048w\" sizes=\"auto, (max-width: 768px) 100vw, 768px\" \/>\t\t<\/div>\n\t\t\n\t\t\t<div class=\"teft-card__content-wrapper\">\n\t\t\t\t<div class=\"teft-card__secondary\">\n\t\t\t\t\t\n\t\t\t\t\t\t\t\t<div class=\"teft-card__meta\">\n\t\t\t\t\t\t\t\t\t<span class=\"post-date\">16. apr 2024<\/span>\n\n\t\t\t\t\t\t\t\t\t<span class=\"post-category\">Nyheiter<\/span>\t\t\t\t\t\t\t\t<\/div>\n\t\t\t\t\t\t\t\t\t\t\t<\/div>\n\n\t\t\t\t<div class=\"teft-card__primary\">\n\t\t\t\t\t<h2 class=\"teft-card__title\">Mindre kakeeting og fleire prioriterte prosjekt i Vestland&nbsp;<span class=\"teft-card__primary-title-append\"><\/span><\/h2>\t\t\t\t<\/div>\n\t\t\t<\/div>\n\t\t<\/a>\n\t<\/div>\n\n\t<\/div><div class=\"is-card-hoyre\">\n\t<div class=\"teft-card hoyre-teft-card post-teft-card\">\n\t\t<a href=\"https:\/\/hoyre.no\/vestland\/aktuelt\/vestland-hogres-valgliste-2027-2031\/\" class=\"teft-card__primary-action\">\n\n\t\t\t\t\t<div class=\"teft-card__media teft-card__media--16-9\">\n\t\t\t\t\t\t<img loading=\"lazy\" decoding=\"async\" width=\"768\" height=\"511\" src=\"https:\/\/hoyre.no\/content\/uploads\/sites\/15\/2026\/03\/Bjorn-Hollevik-Foto-Dag-Nesbo-Froyen-768x511.jpg\" class=\"attachment-medium_large size-medium_large\" alt=\"\" srcset=\"https:\/\/hoyre.no\/content\/uploads\/sites\/15\/2026\/03\/Bjorn-Hollevik-Foto-Dag-Nesbo-Froyen-768x511.jpg 768w, https:\/\/hoyre.no\/content\/uploads\/sites\/15\/2026\/03\/Bjorn-Hollevik-Foto-Dag-Nesbo-Froyen-300x200.jpg 300w, https:\/\/hoyre.no\/content\/uploads\/sites\/15\/2026\/03\/Bjorn-Hollevik-Foto-Dag-Nesbo-Froyen-1024x682.jpg 1024w, https:\/\/hoyre.no\/content\/uploads\/sites\/15\/2026\/03\/Bjorn-Hollevik-Foto-Dag-Nesbo-Froyen.jpg 1200w\" sizes=\"auto, (max-width: 768px) 100vw, 768px\" \/>\t\t<\/div>\n\t\t\n\t\t\t<div class=\"teft-card__content-wrapper\">\n\t\t\t\t<div class=\"teft-card__secondary\">\n\t\t\t\t\t\n\t\t\t\t\t\t\t\t<div class=\"teft-card__meta\">\n\t\t\t\t\t\t\t\t\t<span class=\"post-date\">16. mar 2026<\/span>\n\n\t\t\t\t\t\t\t\t\t<span class=\"post-category\">Nyheiter<\/span>\t\t\t\t\t\t\t\t<\/div>\n\t\t\t\t\t\t\t\t\t\t\t<\/div>\n\n\t\t\t\t<div class=\"teft-card__primary\">\n\t\t\t\t\t<h2 class=\"teft-card__title\">Arbeidet med valgliste for 2027-2031 er i gang&nbsp;<span class=\"teft-card__primary-title-append\"><\/span><\/h2>\t\t\t\t<\/div>\n\t\t\t<\/div>\n\t\t<\/a>\n\t<\/div>\n\n\t<\/div><div class=\"is-card-hoyre\">\n\t<div class=\"teft-card hoyre-teft-card post-teft-card\">\n\t\t<a href=\"https:\/\/hoyre.no\/vestland\/aktuelt\/bli-kjent-med-fylkestingsgruppa\/\" class=\"teft-card__primary-action\">\n\n\t\t\t\t\t<div class=\"teft-card__media teft-card__media--16-9\">\n\t\t\t\t\t\t<img loading=\"lazy\" decoding=\"async\" width=\"768\" height=\"512\" src=\"https:\/\/hoyre.no\/content\/uploads\/sites\/15\/2024\/06\/IMG_6255-768x512.jpg\" class=\"attachment-medium_large size-medium_large\" alt=\"\" srcset=\"https:\/\/hoyre.no\/content\/uploads\/sites\/15\/2024\/06\/IMG_6255-768x512.jpg 768w, https:\/\/hoyre.no\/content\/uploads\/sites\/15\/2024\/06\/IMG_6255-300x200.jpg 300w, https:\/\/hoyre.no\/content\/uploads\/sites\/15\/2024\/06\/IMG_6255-1024x683.jpg 1024w, https:\/\/hoyre.no\/content\/uploads\/sites\/15\/2024\/06\/IMG_6255-1536x1024.jpg 1536w, https:\/\/hoyre.no\/content\/uploads\/sites\/15\/2024\/06\/IMG_6255-2048x1365.jpg 2048w\" sizes=\"auto, (max-width: 768px) 100vw, 768px\" \/>\t\t<\/div>\n\t\t\n\t\t\t<div class=\"teft-card__content-wrapper\">\n\t\t\t\t<div class=\"teft-card__secondary\">\n\t\t\t\t\t\n\t\t\t\t\t\t\t\t<div class=\"teft-card__meta\">\n\t\t\t\t\t\t\t\t\t<span class=\"post-date\">5. mar 2026<\/span>\n\n\t\t\t\t\t\t\t\t\t\t\t\t\t\t\t\t\t<\/div>\n\t\t\t\t\t\t\t\t\t\t\t<\/div>\n\n\t\t\t\t<div class=\"teft-card__primary\">\n\t\t\t\t\t<h2 class=\"teft-card__title\">Bli kjent med fylkestingsgruppa&nbsp;<span class=\"teft-card__primary-title-append\"><\/span><\/h2>\t\t\t\t<\/div>\n\t\t\t<\/div>\n\t\t<\/a>\n\t<\/div>\n\n\t<\/div><\/div>\t<\/div>\n<\/div>\n","protected":false},"excerpt":{"rendered":"","protected":false},"author":30083,"featured_media":0,"comment_status":"closed","ping_status":"closed","sticky":false,"template":"","format":"standard","meta":{"teft_cards_image_url":"","teft_cards_custom_pretitle":"","teft_cards_image_id":368,"teft_cards_image_focal_point_x":0.5,"teft_cards_image_focal_point_y":0.5,"teft_cards_title":"","teft_cards_excerpt":"","teft_show_chapters":false,"author_display_name":"","footnotes":""},"category":[3],"post_tag":[],"hoyre-visibility":[],"article-type":[],"politician":[],"class_list":["post-367","post","type-post","status-publish","format-standard","hentry","category-valg-2021"],"yoast_head":"<!-- This site is optimized with the Yoast SEO plugin v26.6 - https:\/\/yoast.com\/wordpress\/plugins\/seo\/ -->\n<title>Yrkesfag er framtida! - Vestland H\u00f8gre<\/title>\n<meta name=\"robots\" content=\"index, follow, max-snippet:-1, max-image-preview:large, max-video-preview:-1\" \/>\n<link rel=\"canonical\" href=\"https:\/\/hoyre.no\/vestland\/aktuelt\/yrkesfag-er-framtida\/\" \/>\n<meta property=\"og:locale\" content=\"nb_NO\" \/>\n<meta property=\"og:type\" content=\"article\" \/>\n<meta property=\"og:title\" content=\"Yrkesfag er framtida! - Vestland H\u00f8gre\" \/>\n<meta property=\"og:url\" content=\"https:\/\/hoyre.no\/vestland\/aktuelt\/yrkesfag-er-framtida\/\" \/>\n<meta property=\"og:site_name\" content=\"Vestland H\u00f8gre\" \/>\n<meta property=\"article:author\" content=\"https:\/\/www.facebook.com\/profile.php?id=1809855784\" \/>\n<meta property=\"article:published_time\" content=\"2021-06-16T19:18:41+00:00\" \/>\n<meta property=\"article:modified_time\" content=\"2022-06-16T08:12:36+00:00\" \/>\n<meta property=\"og:image\" content=\"https:\/\/hoyre.no\/content\/uploads\/sites\/15\/2025\/01\/Skjermbilde-2025-01-06-kl.-10.59.59-1024x795.png\" \/>\n<meta name=\"author\" content=\"Johannes Banggren\" \/>\n<meta name=\"twitter:card\" content=\"summary_large_image\" \/>\n<meta name=\"twitter:label1\" content=\"Skrevet av\" \/>\n\t<meta name=\"twitter:data1\" content=\"Johannes Banggren\" \/>\n\t<meta name=\"twitter:label2\" content=\"Ansl. lesetid\" \/>\n\t<meta name=\"twitter:data2\" content=\"3 minutter\" \/>\n<script type=\"application\/ld+json\" class=\"yoast-schema-graph\">{\"@context\":\"https:\/\/schema.org\",\"@graph\":[{\"@type\":\"NewsArticle\",\"@id\":\"https:\/\/hoyre.no\/vestland\/aktuelt\/yrkesfag-er-framtida\/\",\"url\":\"https:\/\/hoyre.no\/vestland\/aktuelt\/yrkesfag-er-framtida\/\",\"name\":\"Yrkesfag er framtida! - Vestland H\u00f8gre\",\"isPartOf\":{\"@id\":\"https:\/\/hoyre.no\/vestland\/#website\"},\"datePublished\":\"2021-06-16T19:18:41+00:00\",\"dateModified\":\"2022-06-16T08:12:36+00:00\",\"author\":{\"@id\":\"https:\/\/hoyre.no\/vestland\/#\/schema\/person\/9853f1c9b7425114044b50d02ae8122f\"},\"breadcrumb\":{\"@id\":\"https:\/\/hoyre.no\/vestland\/aktuelt\/yrkesfag-er-framtida\/#breadcrumb\"},\"inLanguage\":\"nb-NO\",\"potentialAction\":[{\"@type\":\"ReadAction\",\"target\":[\"https:\/\/hoyre.no\/vestland\/aktuelt\/yrkesfag-er-framtida\/\"]}]},{\"@type\":\"BreadcrumbList\",\"@id\":\"https:\/\/hoyre.no\/vestland\/aktuelt\/yrkesfag-er-framtida\/#breadcrumb\",\"itemListElement\":[{\"@type\":\"ListItem\",\"position\":1,\"name\":\"Til hoyre.no\",\"item\":\"https:\/\/hoyre.no\"},{\"@type\":\"ListItem\",\"position\":2,\"name\":\"Hjem\",\"item\":\"https:\/\/hoyre.no\/vestland\/\"},{\"@type\":\"ListItem\",\"position\":3,\"name\":\"Yrkesfag er framtida!\"}]},{\"@type\":\"WebSite\",\"@id\":\"https:\/\/hoyre.no\/vestland\/#website\",\"url\":\"https:\/\/hoyre.no\/vestland\/\",\"name\":\"Vestland H\u00f8gre\",\"description\":\"Bare enda et H\u00f8yres nettsteder-nettsted\",\"inLanguage\":\"nb-NO\"},{\"@type\":\"Person\",\"@id\":\"https:\/\/hoyre.no\/vestland\/#\/schema\/person\/9853f1c9b7425114044b50d02ae8122f\",\"name\":\"Johannes Banggren\",\"image\":{\"@type\":\"ImageObject\",\"inLanguage\":\"nb-NO\",\"@id\":\"https:\/\/hoyre.no\/vestland\/#\/schema\/person\/image\/\",\"url\":\"https:\/\/secure.gravatar.com\/avatar\/ca16d729e78c8a0c5d891259b7ff6afd2f285b259891236949c8175101b79f81?s=96&d=mm&r=g\",\"contentUrl\":\"https:\/\/secure.gravatar.com\/avatar\/ca16d729e78c8a0c5d891259b7ff6afd2f285b259891236949c8175101b79f81?s=96&d=mm&r=g\",\"caption\":\"Johannes Banggren\"},\"sameAs\":[\"https:\/\/www.facebook.com\/profile.php?id=1809855784\",\"https:\/\/www.instagram.com\/banggr1\/\",\"https:\/\/www.linkedin.com\/in\/johannes-banggren-89714b1b4\/\"],\"url\":\"https:\/\/hoyre.no\/vestland\/aktuelt\/author\/m52102134\/\"}]}<\/script>\n<!-- \/ Yoast SEO plugin. -->","yoast_head_json":{"title":"Yrkesfag er framtida! - Vestland H\u00f8gre","robots":{"index":"index","follow":"follow","max-snippet":"max-snippet:-1","max-image-preview":"max-image-preview:large","max-video-preview":"max-video-preview:-1"},"canonical":"https:\/\/hoyre.no\/vestland\/aktuelt\/yrkesfag-er-framtida\/","og_locale":"nb_NO","og_type":"article","og_title":"Yrkesfag er framtida! - Vestland H\u00f8gre","og_url":"https:\/\/hoyre.no\/vestland\/aktuelt\/yrkesfag-er-framtida\/","og_site_name":"Vestland H\u00f8gre","article_author":"https:\/\/www.facebook.com\/profile.php?id=1809855784","article_published_time":"2021-06-16T19:18:41+00:00","article_modified_time":"2022-06-16T08:12:36+00:00","og_image":[{"url":"https:\/\/hoyre.no\/content\/uploads\/sites\/15\/2025\/01\/Skjermbilde-2025-01-06-kl.-10.59.59-1024x795.png","width":"","height":"","type":""}],"author":"Johannes Banggren","twitter_card":"summary_large_image","twitter_misc":{"Skrevet av":"Johannes Banggren","Ansl. lesetid":"3 minutter"},"schema":{"@context":"https:\/\/schema.org","@graph":[{"@type":"NewsArticle","@id":"https:\/\/hoyre.no\/vestland\/aktuelt\/yrkesfag-er-framtida\/","url":"https:\/\/hoyre.no\/vestland\/aktuelt\/yrkesfag-er-framtida\/","name":"Yrkesfag er framtida! - Vestland H\u00f8gre","isPartOf":{"@id":"https:\/\/hoyre.no\/vestland\/#website"},"datePublished":"2021-06-16T19:18:41+00:00","dateModified":"2022-06-16T08:12:36+00:00","author":{"@id":"https:\/\/hoyre.no\/vestland\/#\/schema\/person\/9853f1c9b7425114044b50d02ae8122f"},"breadcrumb":{"@id":"https:\/\/hoyre.no\/vestland\/aktuelt\/yrkesfag-er-framtida\/#breadcrumb"},"inLanguage":"nb-NO","potentialAction":[{"@type":"ReadAction","target":["https:\/\/hoyre.no\/vestland\/aktuelt\/yrkesfag-er-framtida\/"]}]},{"@type":"BreadcrumbList","@id":"https:\/\/hoyre.no\/vestland\/aktuelt\/yrkesfag-er-framtida\/#breadcrumb","itemListElement":[{"@type":"ListItem","position":1,"name":"Til hoyre.no","item":"https:\/\/hoyre.no"},{"@type":"ListItem","position":2,"name":"Hjem","item":"https:\/\/hoyre.no\/vestland\/"},{"@type":"ListItem","position":3,"name":"Yrkesfag er framtida!"}]},{"@type":"WebSite","@id":"https:\/\/hoyre.no\/vestland\/#website","url":"https:\/\/hoyre.no\/vestland\/","name":"Vestland H\u00f8gre","description":"Bare enda et H\u00f8yres nettsteder-nettsted","inLanguage":"nb-NO"},{"@type":"Person","@id":"https:\/\/hoyre.no\/vestland\/#\/schema\/person\/9853f1c9b7425114044b50d02ae8122f","name":"Johannes Banggren","image":{"@type":"ImageObject","inLanguage":"nb-NO","@id":"https:\/\/hoyre.no\/vestland\/#\/schema\/person\/image\/","url":"https:\/\/secure.gravatar.com\/avatar\/ca16d729e78c8a0c5d891259b7ff6afd2f285b259891236949c8175101b79f81?s=96&d=mm&r=g","contentUrl":"https:\/\/secure.gravatar.com\/avatar\/ca16d729e78c8a0c5d891259b7ff6afd2f285b259891236949c8175101b79f81?s=96&d=mm&r=g","caption":"Johannes Banggren"},"sameAs":["https:\/\/www.facebook.com\/profile.php?id=1809855784","https:\/\/www.instagram.com\/banggr1\/","https:\/\/www.linkedin.com\/in\/johannes-banggren-89714b1b4\/"],"url":"https:\/\/hoyre.no\/vestland\/aktuelt\/author\/m52102134\/"}]}},"distributor_meta":false,"distributor_terms":false,"distributor_media":false,"distributor_original_site_name":"Vestland H\u00f8gre","distributor_original_site_url":"https:\/\/hoyre.no\/vestland","push-errors":false,"_links":{"self":[{"href":"https:\/\/hoyre.no\/vestland\/wp-json\/wp\/v2\/posts\/367","targetHints":{"allow":["GET"]}}],"collection":[{"href":"https:\/\/hoyre.no\/vestland\/wp-json\/wp\/v2\/posts"}],"about":[{"href":"https:\/\/hoyre.no\/vestland\/wp-json\/wp\/v2\/types\/post"}],"author":[{"embeddable":true,"href":"https:\/\/hoyre.no\/vestland\/wp-json\/wp\/v2\/users\/30083"}],"replies":[{"embeddable":true,"href":"https:\/\/hoyre.no\/vestland\/wp-json\/wp\/v2\/comments?post=367"}],"version-history":[{"count":3,"href":"https:\/\/hoyre.no\/vestland\/wp-json\/wp\/v2\/posts\/367\/revisions"}],"predecessor-version":[{"id":555,"href":"https:\/\/hoyre.no\/vestland\/wp-json\/wp\/v2\/posts\/367\/revisions\/555"}],"wp:attachment":[{"href":"https:\/\/hoyre.no\/vestland\/wp-json\/wp\/v2\/media?parent=367"}],"wp:term":[{"taxonomy":"category","embeddable":true,"href":"https:\/\/hoyre.no\/vestland\/wp-json\/wp\/v2\/category?post=367"},{"taxonomy":"post_tag","embeddable":true,"href":"https:\/\/hoyre.no\/vestland\/wp-json\/wp\/v2\/post_tag?post=367"},{"taxonomy":"hoyre-visibility","embeddable":true,"href":"https:\/\/hoyre.no\/vestland\/wp-json\/wp\/v2\/hoyre-visibility?post=367"},{"taxonomy":"article-type","embeddable":true,"href":"https:\/\/hoyre.no\/vestland\/wp-json\/wp\/v2\/article-type?post=367"},{"taxonomy":"politician","embeddable":true,"href":"https:\/\/hoyre.no\/vestland\/wp-json\/wp\/v2\/politician?post=367"}],"curies":[{"name":"wp","href":"https:\/\/api.w.org\/{rel}","templated":true}]}}