{"id":417,"date":"2021-08-13T10:01:15","date_gmt":"2021-08-13T08:01:15","guid":{"rendered":"https:\/\/hoyre.no\/vestland\/?p=417"},"modified":"2021-09-22T09:24:22","modified_gmt":"2021-09-22T07:24:22","slug":"7-punkter-om-hoyres-klimapolitikk","status":"publish","type":"post","link":"https:\/\/hoyre.no\/vestland\/aktuelt\/7-punkter-om-hoyres-klimapolitikk\/","title":{"rendered":"7 punkter om H\u00f8yres klimapolitikk"},"content":{"rendered":"\n<p class=\"preamble\">Utslippene har g\u00e5tt ned siden H\u00f8yre tok over i 2013, og er n\u00e5 p\u00e5 sitt laveste siden 1993. Her er 7 punkter p\u00e5 hvordan H\u00f8yre skal fortsette \u00e5 kutte utslippene, men ikke utviklingen.<\/p>\t\t\t<div class=\"post-meta wp-block teft-byline-wrapper\">\n\t\t\t\t<div class=\"top\">\n\t\t\t\t\t<div class=\"signature\">\n\t\t\t\t\t\t<div class=\"teft-byline\">\n\t\t\t\t\t\t\t\t\t\t\t\t\t\t<div>\n\t\t\t\t\t\t\t\t<h3>H\u00f8yres redaksjon<\/h3>\t\t\t\t\t\t\t\t\n\t\t\t\t\t\t\t\t\t\t\t\t\t\t\t\t\t<span class=\"date\">Sist oppdatert: 22. september 2021<\/span>\n\t\t\t\t\t\t\t\t\t\t\t\t\t\t\t\t\t\t\t\t\t\t\t\t\t<span class=\"reading-time\" itemprop=\"timeRequired\" content=\"PT3M\"><em>Ca. 3 minutter lesetid<\/em><\/span>\n\t\t\t\t\t\t\t\t\t\t\t\t\t\t\t<\/div>\n\t\t\t\t\t\t<\/div>\n\t\t\t\t\t<\/div>\n\t\t\t\t\t\t<div class=\"sharing\">\n\t\t<a class=\"share-button share-link copy-link\" data-copy=\"https:\/\/hoyre.no\/vestland\/aktuelt\/7-punkter-om-hoyres-klimapolitikk\/\" target=\"_blank\"><span class=\"screen-reader-text\">Del link<\/span><\/a>\n\t\t<a class=\"share-button share-twitter\" href=\"http:\/\/twitter.com\/share?text=7 punkter om H\u00f8yres klimapolitikk&#038;url=https:\/\/hoyre.no\/vestland\/aktuelt\/7-punkter-om-hoyres-klimapolitikk\/&#038;hashtags=Hoyre\" target=\"_blank\"><span class=\"screen-reader-text\">Del p\u00e5 twitter<\/span><\/a>\n\t\t<a class=\"share-button share-facebook\" href=\"https:\/\/www.facebook.com\/sharer\/sharer.php?u=https:\/\/hoyre.no\/vestland\/aktuelt\/7-punkter-om-hoyres-klimapolitikk\/\" target=\"_blank\"><span class=\"screen-reader-text\">Del p\u00e5 facebook<\/span><\/a>\n\t<\/div>\n\t\t\t\t\t<\/div>\n\t\t\t<\/div>\n\n\t\t\t<figure class=\"hoyre-image-wrapper\"><div class=\"hoyre-image\"><img loading=\"lazy\" decoding=\"async\" width=\"2560\" height=\"1599\" src=\"https:\/\/hoyre.no\/content\/uploads\/sites\/15\/2020\/11\/visitflam_vision_sve-scaled.jpg\" class=\"attachment-scaled size-scaled\" alt=\"\" style=\"object-position: 50% 50%\" srcset=\"https:\/\/hoyre.no\/content\/uploads\/sites\/15\/2020\/11\/visitflam_vision_sve-scaled.jpg 2560w, https:\/\/hoyre.no\/content\/uploads\/sites\/15\/2020\/11\/visitflam_vision_sve-300x187.jpg 300w, https:\/\/hoyre.no\/content\/uploads\/sites\/15\/2020\/11\/visitflam_vision_sve-1024x640.jpg 1024w, https:\/\/hoyre.no\/content\/uploads\/sites\/15\/2020\/11\/visitflam_vision_sve-768x480.jpg 768w, https:\/\/hoyre.no\/content\/uploads\/sites\/15\/2020\/11\/visitflam_vision_sve-1536x960.jpg 1536w, https:\/\/hoyre.no\/content\/uploads\/sites\/15\/2020\/11\/visitflam_vision_sve-2048x1279.jpg 2048w\" sizes=\"auto, (max-width: 2560px) 100vw, 2560px\" \/><\/div><\/figure>\n\n\n\n\n<p>1.&nbsp;<strong>Gr\u00f8nt skatteskifte<\/strong>: Dagens CO2 -avgift (590 kroner i dag) vil gradvis \u00f8kes til 2 000 kroner per tonn CO2 i 2030. Dette gj\u00f8r det billigere for bedrifter \u00e5 ta i bruk mer milj\u00f8vennlige l\u00f8sninger. Samtidig m\u00e5 det gr\u00f8nne skiftet v\u00e6re rettferdig og ikke stanse utviklingen, derfor innf\u00f8res det andre skatte- og avgiftslettelser for de som rammes av denne avgiften slik at bedriftene likevel kan v\u00e6re l\u00f8nnsomme mens de omstiller til gr\u00f8nnere l\u00f8sninger.<\/p>\n\n\n\n<p>P\u00e5 samme m\u00e5te som i ikke-kvotepliktig sektor vil vi ogs\u00e5 \u00f8ke CO2 -avgiften p\u00e5 kvotepliktige utslipp, slik at totalsummen per tonn CO2 \u2013utslipp er lik og blir 2 000 kr i 2030. Dette vil gj\u00f8r det mer l\u00f8nnsomt \u00e5 omstille seg til gr\u00f8nnere l\u00f8sninger. Samtidig bruker vi ogs\u00e5 virkemiddelapparatet for \u00e5 bidra til at det utvikles mer klimavennlige l\u00f8sninger og at disse tas i bruk.<\/p>\n\n\n\n<p>2.&nbsp;<strong>Satsing p\u00e5 virkemiddelapparatet<\/strong>: Om flere skal satse p\u00e5 gr\u00f8nne l\u00f8sninger m\u00e5 vi gj\u00f8re de tilgjengelige og lettere \u00e5 ta i bruk. Derfor satser vi p\u00e5 ordninger som bidrar til \u00e5 forske p\u00e5 og utvikle nye l\u00f8sninger som har mindre utslipp. Vi satser ogs\u00e5 p\u00e5 ordninger som gj\u00f8r det billigere og mer attraktivt for privatpersoner, byer og bedrifter \u00e5 teste ut og ta i bruk disse l\u00f8sningene.<\/p>\n\n\n\n<p>3.&nbsp;<strong>Vi tar det offentliges innkj\u00f8pskraft i bruk<\/strong>: Det offentlige handler \u00e5rlig for mer enn 500 milliarder norske kroner, dette \u00f8nsker vi \u00e5 bruke til klimaets fordel. Gjennom offentlige anbud vil vi at kommuner, offentlige etater og staten skal stille krav til klima- og b\u00e6rekraft n\u00e5r de kj\u00f8per inn varer og tjenester. Alt fra transportmidler som busser, ferger og biler, til kontorrekvisita. Vi vil ogs\u00e5 bruke denne innkj\u00f8pskraften til \u00e5 realisere store ambisjoner og v\u00e6re en p\u00e5driver for gr\u00f8nnere l\u00f8sninger. Derfor vil vi blant annet bruke Statsbygg til \u00e5 g\u00e5 foran og sette nye standarder for klima- og milj\u00f8vennlige bygg og byggeprosjekter.&nbsp;&nbsp;<\/p>\n\n\n\n<p>4.&nbsp;<strong>Transport<\/strong>: Transport er ett av de omr\u00e5dene Norge har st\u00f8rst potensiale for \u00e5 kutte utslipp. Dette arbeidet er vi allerede godt i gang med, men vi skal videre. Klimaplanen vil bidra til \u00e5 realisere ambisjonene fra Nasjonal Transportplan om \u00e5 halvere utslippene fra transportsektoren innen 2030. Dette skal vi gj\u00f8re ved \u00e5 ha fordeler for de som velger nullutslippsbiler, bruke det offentlige til \u00e5 ettersp\u00f8rre null- og lavutslippsl\u00f8sninger i transporten og stille krav til bruk av mer b\u00e6rekraftig drivstoff.<\/p>\n\n\n\n<p>5.&nbsp;<strong>Landbruk<\/strong>: Regjeringen har fra tidligere av utviklet en egen intensjonsavtale med landbruksorganisasjonene der landbruket selv har v\u00e6rt med \u00e5 bestemme hvordan de skal redusere utslippene sine og bidra til at Norge n\u00e5r klimam\u00e5lene. Denne avtalen ligger til grunn n\u00e5r landbruket blant annet skal fase ut fossil energi, ta i bruk og utvikle ny teknologi og redusere matsvinnet.&nbsp;&nbsp;<\/p>\n\n\n\n<p>6.&nbsp;<strong>Karbonfangst, transport og -lagring<\/strong>: Regjeringen har i \u00e5r lansert det st\u00f8rste klimaprosjektet i norsk industri noensinne, \u201cLangskip\u201d. Prosjektet vil fange norske CO2 -utslipp tilsvarende 800 000 tonn i \u00e5ret, forutsatt at anleggene p\u00e5 Fortum Oslo Varme og Norcem blir realisert.&nbsp;&nbsp;<\/p>\n\n\n\n<p>7.&nbsp;<strong>I tillegg til \u00e5 kutte utslipp, skal vi ogs\u00e5 binde utslipp<\/strong>: Gjennom \u00e5 bevare, restaurere \u00e5 bygge opp nye gr\u00f8nne omr\u00e5der som inneholder mye karbon, slik som torv, myr og v\u00e5tmark, kan vi forhindre at store mengder CO2 -slippes ut. Samtidig skal vi ogs\u00e5 plante, bevare og satse p\u00e5 en sunnere skog slik at mer CO2 kan tas opp.&nbsp;&nbsp;<\/p>\n\n\n<div class=\"tags\">\n\t<\/div>\n<div class=\"post-footer alignfull has-background block-editor-block-list__block\" data-align=full>\n\t<div class=\"post-footer-inner\">\n\t\t<h3>Relaterte artikler<\/h3>\n\t\t<div class=\"related-content\"><div class=\"is-card-hoyre\">\n\t<div class=\"teft-card hoyre-teft-card post-teft-card\">\n\t\t<a href=\"https:\/\/hoyre.no\/vestland\/aktuelt\/mindre-kakeeting-og-fleire-prioriterte-prosjekt-i-vestland\/\" class=\"teft-card__primary-action\">\n\n\t\t\t\t\t<div class=\"teft-card__media teft-card__media--16-9\">\n\t\t\t\t\t\t<img loading=\"lazy\" decoding=\"async\" width=\"768\" height=\"512\" src=\"https:\/\/hoyre.no\/content\/uploads\/sites\/15\/2023\/05\/Silja-best-13-768x512.jpg\" class=\"attachment-medium_large size-medium_large\" alt=\"\" srcset=\"https:\/\/hoyre.no\/content\/uploads\/sites\/15\/2023\/05\/Silja-best-13-768x512.jpg 768w, https:\/\/hoyre.no\/content\/uploads\/sites\/15\/2023\/05\/Silja-best-13-300x200.jpg 300w, https:\/\/hoyre.no\/content\/uploads\/sites\/15\/2023\/05\/Silja-best-13-1024x683.jpg 1024w, https:\/\/hoyre.no\/content\/uploads\/sites\/15\/2023\/05\/Silja-best-13-1536x1025.jpg 1536w, https:\/\/hoyre.no\/content\/uploads\/sites\/15\/2023\/05\/Silja-best-13-2048x1366.jpg 2048w\" sizes=\"auto, (max-width: 768px) 100vw, 768px\" \/>\t\t<\/div>\n\t\t\n\t\t\t<div class=\"teft-card__content-wrapper\">\n\t\t\t\t<div class=\"teft-card__secondary\">\n\t\t\t\t\t\n\t\t\t\t\t\t\t\t<div class=\"teft-card__meta\">\n\t\t\t\t\t\t\t\t\t<span class=\"post-date\">16. apr 2024<\/span>\n\n\t\t\t\t\t\t\t\t\t<span class=\"post-category\">Nyheiter<\/span>\t\t\t\t\t\t\t\t<\/div>\n\t\t\t\t\t\t\t\t\t\t\t<\/div>\n\n\t\t\t\t<div class=\"teft-card__primary\">\n\t\t\t\t\t<h2 class=\"teft-card__title\">Mindre kakeeting og fleire prioriterte prosjekt i Vestland&nbsp;<span class=\"teft-card__primary-title-append\"><\/span><\/h2>\t\t\t\t<\/div>\n\t\t\t<\/div>\n\t\t<\/a>\n\t<\/div>\n\n\t<\/div><div class=\"is-card-hoyre\">\n\t<div class=\"teft-card hoyre-teft-card post-teft-card\">\n\t\t<a href=\"https:\/\/hoyre.no\/vestland\/aktuelt\/vestland-hogres-valgliste-2027-2031\/\" class=\"teft-card__primary-action\">\n\n\t\t\t\t\t<div class=\"teft-card__media teft-card__media--16-9\">\n\t\t\t\t\t\t<img loading=\"lazy\" decoding=\"async\" width=\"768\" height=\"511\" src=\"https:\/\/hoyre.no\/content\/uploads\/sites\/15\/2026\/03\/Bjorn-Hollevik-Foto-Dag-Nesbo-Froyen-768x511.jpg\" class=\"attachment-medium_large size-medium_large\" alt=\"\" srcset=\"https:\/\/hoyre.no\/content\/uploads\/sites\/15\/2026\/03\/Bjorn-Hollevik-Foto-Dag-Nesbo-Froyen-768x511.jpg 768w, https:\/\/hoyre.no\/content\/uploads\/sites\/15\/2026\/03\/Bjorn-Hollevik-Foto-Dag-Nesbo-Froyen-300x200.jpg 300w, https:\/\/hoyre.no\/content\/uploads\/sites\/15\/2026\/03\/Bjorn-Hollevik-Foto-Dag-Nesbo-Froyen-1024x682.jpg 1024w, https:\/\/hoyre.no\/content\/uploads\/sites\/15\/2026\/03\/Bjorn-Hollevik-Foto-Dag-Nesbo-Froyen.jpg 1200w\" sizes=\"auto, (max-width: 768px) 100vw, 768px\" \/>\t\t<\/div>\n\t\t\n\t\t\t<div class=\"teft-card__content-wrapper\">\n\t\t\t\t<div class=\"teft-card__secondary\">\n\t\t\t\t\t\n\t\t\t\t\t\t\t\t<div class=\"teft-card__meta\">\n\t\t\t\t\t\t\t\t\t<span class=\"post-date\">16. mar 2026<\/span>\n\n\t\t\t\t\t\t\t\t\t<span class=\"post-category\">Nyheiter<\/span>\t\t\t\t\t\t\t\t<\/div>\n\t\t\t\t\t\t\t\t\t\t\t<\/div>\n\n\t\t\t\t<div class=\"teft-card__primary\">\n\t\t\t\t\t<h2 class=\"teft-card__title\">Arbeidet med valgliste for 2027-2031 er i gang&nbsp;<span class=\"teft-card__primary-title-append\"><\/span><\/h2>\t\t\t\t<\/div>\n\t\t\t<\/div>\n\t\t<\/a>\n\t<\/div>\n\n\t<\/div><div class=\"is-card-hoyre\">\n\t<div class=\"teft-card hoyre-teft-card post-teft-card\">\n\t\t<a href=\"https:\/\/hoyre.no\/vestland\/aktuelt\/bli-kjent-med-fylkestingsgruppa\/\" class=\"teft-card__primary-action\">\n\n\t\t\t\t\t<div class=\"teft-card__media teft-card__media--16-9\">\n\t\t\t\t\t\t<img loading=\"lazy\" decoding=\"async\" width=\"768\" height=\"512\" src=\"https:\/\/hoyre.no\/content\/uploads\/sites\/15\/2024\/06\/IMG_6255-768x512.jpg\" class=\"attachment-medium_large size-medium_large\" alt=\"\" srcset=\"https:\/\/hoyre.no\/content\/uploads\/sites\/15\/2024\/06\/IMG_6255-768x512.jpg 768w, https:\/\/hoyre.no\/content\/uploads\/sites\/15\/2024\/06\/IMG_6255-300x200.jpg 300w, https:\/\/hoyre.no\/content\/uploads\/sites\/15\/2024\/06\/IMG_6255-1024x683.jpg 1024w, https:\/\/hoyre.no\/content\/uploads\/sites\/15\/2024\/06\/IMG_6255-1536x1024.jpg 1536w, https:\/\/hoyre.no\/content\/uploads\/sites\/15\/2024\/06\/IMG_6255-2048x1365.jpg 2048w\" sizes=\"auto, (max-width: 768px) 100vw, 768px\" \/>\t\t<\/div>\n\t\t\n\t\t\t<div class=\"teft-card__content-wrapper\">\n\t\t\t\t<div class=\"teft-card__secondary\">\n\t\t\t\t\t\n\t\t\t\t\t\t\t\t<div class=\"teft-card__meta\">\n\t\t\t\t\t\t\t\t\t<span class=\"post-date\">5. mar 2026<\/span>\n\n\t\t\t\t\t\t\t\t\t\t\t\t\t\t\t\t\t<\/div>\n\t\t\t\t\t\t\t\t\t\t\t<\/div>\n\n\t\t\t\t<div class=\"teft-card__primary\">\n\t\t\t\t\t<h2 class=\"teft-card__title\">Bli kjent med fylkestingsgruppa&nbsp;<span class=\"teft-card__primary-title-append\"><\/span><\/h2>\t\t\t\t<\/div>\n\t\t\t<\/div>\n\t\t<\/a>\n\t<\/div>\n\n\t<\/div><\/div>\t<\/div>\n<\/div>\n","protected":false},"excerpt":{"rendered":"","protected":false},"author":30083,"featured_media":0,"comment_status":"closed","ping_status":"closed","sticky":false,"template":"","format":"standard","meta":{"teft_cards_image_url":"","teft_cards_custom_pretitle":"","teft_cards_image_id":65,"teft_cards_image_focal_point_x":0.5,"teft_cards_image_focal_point_y":0.5,"teft_cards_title":"","teft_cards_excerpt":"","teft_show_chapters":false,"author_display_name":"","footnotes":""},"category":[3],"post_tag":[],"hoyre-visibility":[],"article-type":[],"politician":[],"class_list":["post-417","post","type-post","status-publish","format-standard","hentry","category-valg-2021"],"yoast_head":"<!-- This site is optimized with the Yoast SEO plugin v26.6 - https:\/\/yoast.com\/wordpress\/plugins\/seo\/ -->\n<title>7 punkter om H\u00f8yres klimapolitikk - Vestland H\u00f8gre<\/title>\n<meta name=\"robots\" content=\"index, follow, max-snippet:-1, max-image-preview:large, max-video-preview:-1\" \/>\n<link rel=\"canonical\" href=\"https:\/\/hoyre.no\/vestland\/aktuelt\/7-punkter-om-hoyres-klimapolitikk\/\" \/>\n<meta property=\"og:locale\" content=\"nb_NO\" \/>\n<meta property=\"og:type\" content=\"article\" \/>\n<meta property=\"og:title\" content=\"7 punkter om H\u00f8yres klimapolitikk - Vestland H\u00f8gre\" \/>\n<meta property=\"og:url\" content=\"https:\/\/hoyre.no\/vestland\/aktuelt\/7-punkter-om-hoyres-klimapolitikk\/\" \/>\n<meta property=\"og:site_name\" content=\"Vestland H\u00f8gre\" \/>\n<meta property=\"article:author\" content=\"https:\/\/www.facebook.com\/profile.php?id=1809855784\" \/>\n<meta property=\"article:published_time\" content=\"2021-08-13T08:01:15+00:00\" \/>\n<meta property=\"article:modified_time\" content=\"2021-09-22T07:24:22+00:00\" \/>\n<meta property=\"og:image\" content=\"https:\/\/hoyre.no\/content\/uploads\/sites\/15\/2025\/01\/Skjermbilde-2025-01-06-kl.-10.59.59-1024x795.png\" \/>\n<meta name=\"author\" content=\"Johannes Banggren\" \/>\n<meta name=\"twitter:card\" content=\"summary_large_image\" \/>\n<meta name=\"twitter:label1\" content=\"Skrevet av\" \/>\n\t<meta name=\"twitter:data1\" content=\"Johannes Banggren\" \/>\n\t<meta name=\"twitter:label2\" content=\"Ansl. lesetid\" \/>\n\t<meta name=\"twitter:data2\" content=\"3 minutter\" \/>\n<script type=\"application\/ld+json\" class=\"yoast-schema-graph\">{\"@context\":\"https:\/\/schema.org\",\"@graph\":[{\"@type\":\"NewsArticle\",\"@id\":\"https:\/\/hoyre.no\/vestland\/aktuelt\/7-punkter-om-hoyres-klimapolitikk\/\",\"url\":\"https:\/\/hoyre.no\/vestland\/aktuelt\/7-punkter-om-hoyres-klimapolitikk\/\",\"name\":\"7 punkter om H\u00f8yres klimapolitikk - Vestland H\u00f8gre\",\"isPartOf\":{\"@id\":\"https:\/\/hoyre.no\/vestland\/#website\"},\"datePublished\":\"2021-08-13T08:01:15+00:00\",\"dateModified\":\"2021-09-22T07:24:22+00:00\",\"author\":{\"@id\":\"https:\/\/hoyre.no\/vestland\/#\/schema\/person\/9853f1c9b7425114044b50d02ae8122f\"},\"breadcrumb\":{\"@id\":\"https:\/\/hoyre.no\/vestland\/aktuelt\/7-punkter-om-hoyres-klimapolitikk\/#breadcrumb\"},\"inLanguage\":\"nb-NO\",\"potentialAction\":[{\"@type\":\"ReadAction\",\"target\":[\"https:\/\/hoyre.no\/vestland\/aktuelt\/7-punkter-om-hoyres-klimapolitikk\/\"]}]},{\"@type\":\"BreadcrumbList\",\"@id\":\"https:\/\/hoyre.no\/vestland\/aktuelt\/7-punkter-om-hoyres-klimapolitikk\/#breadcrumb\",\"itemListElement\":[{\"@type\":\"ListItem\",\"position\":1,\"name\":\"Til hoyre.no\",\"item\":\"https:\/\/hoyre.no\"},{\"@type\":\"ListItem\",\"position\":2,\"name\":\"Hjem\",\"item\":\"https:\/\/hoyre.no\/vestland\/\"},{\"@type\":\"ListItem\",\"position\":3,\"name\":\"7 punkter om H\u00f8yres klimapolitikk\"}]},{\"@type\":\"WebSite\",\"@id\":\"https:\/\/hoyre.no\/vestland\/#website\",\"url\":\"https:\/\/hoyre.no\/vestland\/\",\"name\":\"Vestland H\u00f8gre\",\"description\":\"Bare enda et H\u00f8yres nettsteder-nettsted\",\"inLanguage\":\"nb-NO\"},{\"@type\":\"Person\",\"@id\":\"https:\/\/hoyre.no\/vestland\/#\/schema\/person\/9853f1c9b7425114044b50d02ae8122f\",\"name\":\"Johannes Banggren\",\"image\":{\"@type\":\"ImageObject\",\"inLanguage\":\"nb-NO\",\"@id\":\"https:\/\/hoyre.no\/vestland\/#\/schema\/person\/image\/\",\"url\":\"https:\/\/secure.gravatar.com\/avatar\/ca16d729e78c8a0c5d891259b7ff6afd2f285b259891236949c8175101b79f81?s=96&d=mm&r=g\",\"contentUrl\":\"https:\/\/secure.gravatar.com\/avatar\/ca16d729e78c8a0c5d891259b7ff6afd2f285b259891236949c8175101b79f81?s=96&d=mm&r=g\",\"caption\":\"Johannes Banggren\"},\"sameAs\":[\"https:\/\/www.facebook.com\/profile.php?id=1809855784\",\"https:\/\/www.instagram.com\/banggr1\/\",\"https:\/\/www.linkedin.com\/in\/johannes-banggren-89714b1b4\/\"],\"url\":\"https:\/\/hoyre.no\/vestland\/aktuelt\/author\/m52102134\/\"}]}<\/script>\n<!-- \/ Yoast SEO plugin. -->","yoast_head_json":{"title":"7 punkter om H\u00f8yres klimapolitikk - Vestland H\u00f8gre","robots":{"index":"index","follow":"follow","max-snippet":"max-snippet:-1","max-image-preview":"max-image-preview:large","max-video-preview":"max-video-preview:-1"},"canonical":"https:\/\/hoyre.no\/vestland\/aktuelt\/7-punkter-om-hoyres-klimapolitikk\/","og_locale":"nb_NO","og_type":"article","og_title":"7 punkter om H\u00f8yres klimapolitikk - Vestland H\u00f8gre","og_url":"https:\/\/hoyre.no\/vestland\/aktuelt\/7-punkter-om-hoyres-klimapolitikk\/","og_site_name":"Vestland H\u00f8gre","article_author":"https:\/\/www.facebook.com\/profile.php?id=1809855784","article_published_time":"2021-08-13T08:01:15+00:00","article_modified_time":"2021-09-22T07:24:22+00:00","og_image":[{"url":"https:\/\/hoyre.no\/content\/uploads\/sites\/15\/2025\/01\/Skjermbilde-2025-01-06-kl.-10.59.59-1024x795.png","width":"","height":"","type":""}],"author":"Johannes Banggren","twitter_card":"summary_large_image","twitter_misc":{"Skrevet av":"Johannes Banggren","Ansl. lesetid":"3 minutter"},"schema":{"@context":"https:\/\/schema.org","@graph":[{"@type":"NewsArticle","@id":"https:\/\/hoyre.no\/vestland\/aktuelt\/7-punkter-om-hoyres-klimapolitikk\/","url":"https:\/\/hoyre.no\/vestland\/aktuelt\/7-punkter-om-hoyres-klimapolitikk\/","name":"7 punkter om H\u00f8yres klimapolitikk - Vestland H\u00f8gre","isPartOf":{"@id":"https:\/\/hoyre.no\/vestland\/#website"},"datePublished":"2021-08-13T08:01:15+00:00","dateModified":"2021-09-22T07:24:22+00:00","author":{"@id":"https:\/\/hoyre.no\/vestland\/#\/schema\/person\/9853f1c9b7425114044b50d02ae8122f"},"breadcrumb":{"@id":"https:\/\/hoyre.no\/vestland\/aktuelt\/7-punkter-om-hoyres-klimapolitikk\/#breadcrumb"},"inLanguage":"nb-NO","potentialAction":[{"@type":"ReadAction","target":["https:\/\/hoyre.no\/vestland\/aktuelt\/7-punkter-om-hoyres-klimapolitikk\/"]}]},{"@type":"BreadcrumbList","@id":"https:\/\/hoyre.no\/vestland\/aktuelt\/7-punkter-om-hoyres-klimapolitikk\/#breadcrumb","itemListElement":[{"@type":"ListItem","position":1,"name":"Til hoyre.no","item":"https:\/\/hoyre.no"},{"@type":"ListItem","position":2,"name":"Hjem","item":"https:\/\/hoyre.no\/vestland\/"},{"@type":"ListItem","position":3,"name":"7 punkter om H\u00f8yres klimapolitikk"}]},{"@type":"WebSite","@id":"https:\/\/hoyre.no\/vestland\/#website","url":"https:\/\/hoyre.no\/vestland\/","name":"Vestland H\u00f8gre","description":"Bare enda et H\u00f8yres nettsteder-nettsted","inLanguage":"nb-NO"},{"@type":"Person","@id":"https:\/\/hoyre.no\/vestland\/#\/schema\/person\/9853f1c9b7425114044b50d02ae8122f","name":"Johannes Banggren","image":{"@type":"ImageObject","inLanguage":"nb-NO","@id":"https:\/\/hoyre.no\/vestland\/#\/schema\/person\/image\/","url":"https:\/\/secure.gravatar.com\/avatar\/ca16d729e78c8a0c5d891259b7ff6afd2f285b259891236949c8175101b79f81?s=96&d=mm&r=g","contentUrl":"https:\/\/secure.gravatar.com\/avatar\/ca16d729e78c8a0c5d891259b7ff6afd2f285b259891236949c8175101b79f81?s=96&d=mm&r=g","caption":"Johannes Banggren"},"sameAs":["https:\/\/www.facebook.com\/profile.php?id=1809855784","https:\/\/www.instagram.com\/banggr1\/","https:\/\/www.linkedin.com\/in\/johannes-banggren-89714b1b4\/"],"url":"https:\/\/hoyre.no\/vestland\/aktuelt\/author\/m52102134\/"}]}},"distributor_meta":false,"distributor_terms":false,"distributor_media":false,"distributor_original_site_name":"Vestland H\u00f8gre","distributor_original_site_url":"https:\/\/hoyre.no\/vestland","push-errors":false,"_links":{"self":[{"href":"https:\/\/hoyre.no\/vestland\/wp-json\/wp\/v2\/posts\/417","targetHints":{"allow":["GET"]}}],"collection":[{"href":"https:\/\/hoyre.no\/vestland\/wp-json\/wp\/v2\/posts"}],"about":[{"href":"https:\/\/hoyre.no\/vestland\/wp-json\/wp\/v2\/types\/post"}],"author":[{"embeddable":true,"href":"https:\/\/hoyre.no\/vestland\/wp-json\/wp\/v2\/users\/30083"}],"replies":[{"embeddable":true,"href":"https:\/\/hoyre.no\/vestland\/wp-json\/wp\/v2\/comments?post=417"}],"version-history":[{"count":2,"href":"https:\/\/hoyre.no\/vestland\/wp-json\/wp\/v2\/posts\/417\/revisions"}],"predecessor-version":[{"id":425,"href":"https:\/\/hoyre.no\/vestland\/wp-json\/wp\/v2\/posts\/417\/revisions\/425"}],"wp:attachment":[{"href":"https:\/\/hoyre.no\/vestland\/wp-json\/wp\/v2\/media?parent=417"}],"wp:term":[{"taxonomy":"category","embeddable":true,"href":"https:\/\/hoyre.no\/vestland\/wp-json\/wp\/v2\/category?post=417"},{"taxonomy":"post_tag","embeddable":true,"href":"https:\/\/hoyre.no\/vestland\/wp-json\/wp\/v2\/post_tag?post=417"},{"taxonomy":"hoyre-visibility","embeddable":true,"href":"https:\/\/hoyre.no\/vestland\/wp-json\/wp\/v2\/hoyre-visibility?post=417"},{"taxonomy":"article-type","embeddable":true,"href":"https:\/\/hoyre.no\/vestland\/wp-json\/wp\/v2\/article-type?post=417"},{"taxonomy":"politician","embeddable":true,"href":"https:\/\/hoyre.no\/vestland\/wp-json\/wp\/v2\/politician?post=417"}],"curies":[{"name":"wp","href":"https:\/\/api.w.org\/{rel}","templated":true}]}}