{"id":504,"date":"2022-03-08T07:11:06","date_gmt":"2022-03-08T06:11:06","guid":{"rendered":"https:\/\/hoyre.no\/vestland\/?p=504"},"modified":"2022-06-16T10:09:00","modified_gmt":"2022-06-16T08:09:00","slug":"8-kamper-for-8-mars","status":"publish","type":"post","link":"https:\/\/hoyre.no\/vestland\/aktuelt\/8-kamper-for-8-mars\/","title":{"rendered":"8 kamper for 8. mars"},"content":{"rendered":"\n<p class=\"preamble\">Unge H\u00f8yre: Her er v\u00e5re 8 kamper for 8 mars.<\/p>\t\t\t<div class=\"post-meta wp-block teft-byline-wrapper\">\n\t\t\t\t<div class=\"top\">\n\t\t\t\t\t<div class=\"signature\">\n\t\t\t\t\t\t<div class=\"teft-byline\">\n\t\t\t\t\t\t\t\t\t\t\t\t\t\t<div>\n\t\t\t\t\t\t\t\t<h3>H\u00f8yres redaksjon<\/h3>\t\t\t\t\t\t\t\t\n\t\t\t\t\t\t\t\t\t\t\t\t\t\t\t\t\t<span class=\"date\">Sist oppdatert: 16. juni 2022<\/span>\n\t\t\t\t\t\t\t\t\t\t\t\t\t\t\t\t\t\t\t\t\t\t\t\t\t<span class=\"reading-time\" itemprop=\"timeRequired\" content=\"PT7M\"><em>Ca. 7 minutter lesetid<\/em><\/span>\n\t\t\t\t\t\t\t\t\t\t\t\t\t\t\t<\/div>\n\t\t\t\t\t\t<\/div>\n\t\t\t\t\t<\/div>\n\t\t\t\t\t\t<div class=\"sharing\">\n\t\t<a class=\"share-button share-link copy-link\" data-copy=\"https:\/\/hoyre.no\/vestland\/aktuelt\/8-kamper-for-8-mars\/\" target=\"_blank\"><span class=\"screen-reader-text\">Del link<\/span><\/a>\n\t\t<a class=\"share-button share-twitter\" href=\"http:\/\/twitter.com\/share?text=8 kamper for 8. mars&#038;url=https:\/\/hoyre.no\/vestland\/aktuelt\/8-kamper-for-8-mars\/&#038;hashtags=Hoyre\" target=\"_blank\"><span class=\"screen-reader-text\">Del p\u00e5 twitter<\/span><\/a>\n\t\t<a class=\"share-button share-facebook\" href=\"https:\/\/www.facebook.com\/sharer\/sharer.php?u=https:\/\/hoyre.no\/vestland\/aktuelt\/8-kamper-for-8-mars\/\" target=\"_blank\"><span class=\"screen-reader-text\">Del p\u00e5 facebook<\/span><\/a>\n\t<\/div>\n\t\t\t\t\t<\/div>\n\t\t\t<\/div>\n\n\t\t\t<figure class=\"hoyre-image-wrapper\"><div class=\"hoyre-image\"><img loading=\"lazy\" decoding=\"async\" width=\"940\" height=\"788\" src=\"https:\/\/hoyre.no\/content\/uploads\/sites\/15\/2022\/03\/BERGENS-UNGE-HOYRE-1.jpg\" class=\"attachment-scaled size-scaled\" alt=\"\" style=\"object-position: 50% 50%\" srcset=\"https:\/\/hoyre.no\/content\/uploads\/sites\/15\/2022\/03\/BERGENS-UNGE-HOYRE-1.jpg 940w, https:\/\/hoyre.no\/content\/uploads\/sites\/15\/2022\/03\/BERGENS-UNGE-HOYRE-1-300x251.jpg 300w, https:\/\/hoyre.no\/content\/uploads\/sites\/15\/2022\/03\/BERGENS-UNGE-HOYRE-1-768x644.jpg 768w\" sizes=\"auto, (max-width: 940px) 100vw, 940px\" \/><\/div><\/figure>\n\n\n\n\n<p><em>Av Hordaland Unge H\u00f8yre v\/<\/em><\/p>\n\n\n\n<ul class=\"wp-block-list\"><li><em>Agathe Steen, 2. nestleder i Hordaland Unge H\u00f8yre<\/em><\/li><li><em>Emilie Litler\u00e9, leder av Bergens Unge H\u00f8yre<\/em><\/li><li><em>Elise Berge, 2. nestleder i Bergens Unge H\u00f8yre<\/em><\/li><li><em>Tina Emilie Revheim, leder av Ask\u00f8y Unge H\u00f8yre<\/em><\/li><li><em>Ida Lutro, 1. nestleder i H\u00f8yres Studenterforening i Bergen<\/em><\/li><li><em>Maya-Katrin Skjeldal, 2. nestleder i H\u00f8yres Studenterforening i Bergen<\/em><\/li><li><em>Sara H\u00f8nsi, styremedlem i Hordaland Unge H\u00f8yre<\/em><\/li><li><em>Anne Aurora Bj\u00f8rkly, styremedlem i Bergens Unge H\u00f8yre<\/em><\/li><li><em>Pia Aldepolla Falch, styremedlem i Bergens Unge H\u00f8yre<\/em><\/li><li><em>Ingrid Tveit, styremedlem i Bergens Unge H\u00f8yre<\/em><\/li><li><em>Ingeborg Stray Juuhl, styremedlem i Bergens Unge H\u00f8yre<\/em><\/li><\/ul>\n\n\n\n<p>Venstresiden kupper kvinnedagen \u00e5r etter \u00e5r mens h\u00f8yresiden blir skj\u00f8vet ut i kulden. Alle parolene handler om klassiske venstreside-saker som 6-timersdag, samtykkelov og gratis bind og tamponger. Men n\u00e5r h\u00f8yresiden kommer med forslag om \u00e5 fjerne sexkj\u00f8psloven og slutte med kvotering, ser de stygt p\u00e5 oss, fnyser og kaller oss kvinnehatere.<\/p>\n\n\n\n<p>Vi blir stemplet som kvinnehatere under en lav sko bare fordi vi er medlem i Unge H\u00f8yre. Samtidig nekter en samlet venstreside \u00e5 diskutere andre kvinnepolitiske forslag enn de som kommer fra dem selv. Men at h\u00f8yresiden ikke bryr seg om kvinnekamp, er en ren myte.<\/p>\n\n\n\n<p>Her er v\u00e5re 8 kamper for 8. mars:<\/p>\n\n\n\n<ol class=\"wp-block-list\" type=\"1\"><li>Skrot sexkj\u00f8psloven!<\/li><\/ol>\n\n\n\n<p>Hver eneste 8. mars roper venstresiden om \u00e5 \u00abstyrke\u00bb sexkj\u00f8psloven. Dette er feilsl\u00e5tt kvinnepolitikk. Sexkj\u00f8psloven kriminaliserer yrket til kvinner som selger sex, og s\u00f8rger for at de f\u00e5r svakere rettsvern.<\/p>\n\n\n\n<p>For det f\u00f8rste risikerer kvinnene \u00e5 miste hele kundegrunnlaget sitt &#8211; hele deres levebr\u00f8d &#8211; hvis de g\u00e5r til politiet og anmelder voldshandlinger. For det andre har selveste <a href=\"https:\/\/www.domstol.no\/globalassets\/upload\/hret\/avgjorelser\/2017\/avgjorelser-desember-2017\/saknr-2017-691-anonymisert.pdf\">H\u00f8yesterett<\/a> konkludert med at sexarbeidere ikke har krav p\u00e5 erstatning for tapte arbeidsinntekter, hvilket hvem som helst andre i samfunnet hadde hatt. At venstresiden aksepterer at en gruppe kvinner i samfunnet v\u00e5rt mangler disse rettighetene, er forkastelig. Det er p\u00e5 h\u00f8y tid at sexkj\u00f8psloven fjernes.<\/p>\n\n\n\n<p>Dessuten b\u00f8r hallikparagrafen skrotes i samme \u00e5ndedrag. Den gj\u00f8r det ulovlig \u00e5 leie ut bolig til sexarbeidere, hvilket gj\u00f8r at de risikerer \u00e5 havne p\u00e5 gaten. Denne bestemmelsen burde vi ha fjernet for lengst.<\/p>\n\n\n\n<ul class=\"wp-block-list\"><li>Stopp kj\u00f8nnskvotering.<\/li><\/ul>\n\n\n\n<p>Det som skal avgj\u00f8re om du f\u00e5r jobb eller studieplass, skal ikke v\u00e6re kj\u00f8nnet ditt, men hvor flink du er. Dette burde ikke v\u00e6re kontroversielt \u00e5 si, i hvert fall ikke p\u00e5 8. mars.<\/p>\n\n\n\n<p>For hvert menneske som kvoteres inn, g\u00e5r det p\u00e5 bekostning av noen andre. Kvotering l\u00f8ser ikke problemet, den gj\u00f8r det bare enkelt for venstresiden \u00e5 vifte med likestillingsflagg og klappe seg selv p\u00e5 skulderen. Dessuten ser vi at det sl\u00e5r feil ut. Loven fra 2003 om kvotering i ASA styrene, tvinger selskaper til \u00e5 ha minimum 40% kvinner, men ingenting mer. Kvotering legger fokuset p\u00e5 hvilket kj\u00f8nn man har, ikke hva du kan. Men disse menneskene er ikke f\u00f8rst og fremst kvinner &#8211; de er f\u00f8rst og fremst flinke.<\/p>\n\n\n\n<ul class=\"wp-block-list\"><li>Mer forskning p\u00e5 kvinnehelse.<\/li><\/ul>\n\n\n\n<p><a href=\"https:\/\/forskning.no\/nasjonal-kompetansetjeneste-for-kvinnehelse-kjonn-og-samfunn-hjertet\/seks-ting-alle-kvinner-bor-vite-om-hjerteinfarkt\/1202059\">Visste du at<\/a> 20% av hjerteinfarkt hos kvinner har ukjent \u00e5rsak? Visste du at hjertemedisinene vi har i stor grad er utviklet for menn? Hva med endometriose, har du h\u00f8rt om det? Og har du noen gang tenkt at \u201cHun kan jo ikke ha ADHD, hun er jo s\u00e5 flink p\u00e5 skolen\u201d?<\/p>\n\n\n\n<p>Det forskes for lite p\u00e5 sykdom hos kvinner. Det h\u00f8res kanskje trivielt ut, men manglende kunnskap kan g\u00e5 ut over liv og helse. Det er dramatisk n\u00e5r det gjelder 50% av befolkningen v\u00e5r. Likestilling m\u00e5 ogs\u00e5 gjelde for helsehjelp, og en forutsetning for det, er at det forskes mer p\u00e5 kvinnehelse.<\/p>\n\n\n\n<ul class=\"wp-block-list\"><li>Gj\u00f8r det lettere \u00e5 bli mor.<\/li><\/ul>\n\n\n\n<p>Kvinner gj\u00f8r den viktigste jobben i verden, nemlig \u00e5 f\u00e5 barn. Derfor m\u00e5 vi som samfunn s\u00f8rge for at det blir lettest mulig for de kvinnene som velger det, \u00e5 f\u00e5 barn. For det f\u00f8rste m\u00e5 vi sikre en trygg f\u00f8dsel for alle m\u00f8dre. Derfor m\u00e5 vi blant annet utdanne flere jordm\u00f8dre, og lovfeste retten til \u00e5 ha med partneren sin under f\u00f8dselen. For det andre skal ikke kvinner tape p\u00e5 \u00e5 ta mammaperm. Derfor b\u00f8r man f\u00e5 fullt l\u00f8nnet mammaperm, ogs\u00e5 n\u00e5r du enn\u00e5 ikke har jobbet hos arbeidsgiveren din i et \u00e5r.<\/p>\n\n\n\n<p>Dessuten m\u00e5 vi gj\u00f8re det lettere \u00e5 f\u00e5 barn n\u00e5r man er student. Hver fjerde student har barn. Samtidig er studentene noen av de med lavest kj\u00f8pekraft. Derfor mener vi det er utrolig trist at regjeringen ikke holder l\u00f8ftet sitt om \u00e5 \u00f8ke studiest\u00f8tten for studenter med barn under 16 \u00e5r.<\/p>\n\n\n\n<ul class=\"wp-block-list\"><li>Fjern kontantst\u00f8tten.<\/li><\/ul>\n\n\n\n<p>Kontantst\u00f8tten ble innf\u00f8rt for \u00e5 \u00f8ke barnefamilienes valgfrihet: Nybakte m\u00f8dre kunne velge \u00e5 ikke sende barna i barnehagen de to f\u00f8rste \u00e5rene, i bytte mot en sum penger i m\u00e5neden. Men valgfriheten \u00f8kte ikke. I stedet bidro kontantst\u00f8tten til \u00e5 holde norske kvinner utenfor arbeidslivet.<\/p>\n\n\n\n<p>Kontantst\u00f8tten har vist seg \u00e5 bli en likestillingsfelle. Den er i praksis et insentiv for kvinner til \u00e5 st\u00e5 utenfor arbeidslivet i \u00e5rene etter at de har f\u00f8dt. Aller mest g\u00e5r det utover innvandrerkvinnene, som har st\u00f8rre behov enn de fleste for \u00e5 komme seg ut i jobb, l\u00e6re seg norsk og integreres i samfunnet. Kontantst\u00f8tten er et likestillingsproblem.<\/p>\n\n\n\n<ul class=\"wp-block-list\"><li>Flere kvinner i toppen!<\/li><\/ul>\n\n\n\n<p><a href=\"https:\/\/kapital.no\/kapital-index\/norges-400-rikeste\">87,5%<\/a> av Norges 400 rikeste er menn. Det samme tallet er <a href=\"https:\/\/www.forbes.com\/real-time-billionaires\/#227996963d78\">88% i verden<\/a>. Dette er ikke fordi menn er 88% flinkere enn kvinner \u2013 langt ifra. Det er fordi det ligger i kulturen v\u00e5r at kvinner skal ta mindre plass.<\/p>\n\n\n\n<p>Vi trenger flere kvinner i n\u00e6ringslivet, flere kvinnelige ledere, bedriftseiere, entrepren\u00f8rer og gr\u00fcndere, og vi trenger flere kvinner p\u00e5 aksjemarkedet. Derfor m\u00e5 vi gj\u00f8re det lettere for kvinner \u00e5 satse, gjennom tilrettelegging og insentiver, slik at ogs\u00e5 flere kvinner kan lykkes.<\/p>\n\n\n\n<ul class=\"wp-block-list\"><li>Bedre rettsvern for voldtektsofre \u2013 Nei til samtykkelov.<\/li><\/ul>\n\n\n\n<p>Alle er enige i at sex uten samtykke skal straffes. Men det gagner ingen \u00e5 innf\u00f8re en straffebestemmelse som strider mot legalitetsprinsippet. Juridiske eksperter har pekt p\u00e5 at det er <a href=\"https:\/\/www.uib.no\/jur\/126845\/sex-og-det-vanskelege-samtykket\">bedre \u00e5 foreta en full revidering av straffelovens kapittel om seksuallovbrudd<\/a>. Derfor er det dette vi m\u00e5 gj\u00f8re &#8211; ikke innf\u00f8re en uklar lovbestemmelse.<\/p>\n\n\n\n<p>Men vi kan ikke stoppe der. En samtykkelov er bare en d\u00e5rlig quick-fix p\u00e5 et veldig mye st\u00f8rre problem. Problemet i dag er ikke lovverket, men bevisene. Derfor m\u00e5 vi finne bedre m\u00e5ter \u00e5 sikre bevis p\u00e5, og s\u00f8rge for at voldtektsmottakene st\u00e5r klare b\u00e5de til \u00e5 sikre bevis og ta vare p\u00e5 offeret. Og vi m\u00e5 gi mer penger til politiet, slik at de kan etterforske flere saker. Dessuten m\u00e5 vi styrke seksualundervisningen, og vi m\u00e5 alle ta ansvar for \u00e5 snakke med v\u00e5re venner, s\u00f8sken og barn, om grensesetting og hva som er greit og ikke.<\/p>\n\n\n\n<ul class=\"wp-block-list\"><li>Internasjonal kvinnekamp!<\/li><\/ul>\n\n\n\n<p>I El Salvador <a href=\"https:\/\/amnesty.no\/aksjon\/el-salvador-fikk-30-ars-fengsel-en-dodfodsel).\">fengsles kvinner for spontanabort<\/a>. I <a href=\"https:\/\/snl.no\/Kvinners_rettigheter_i_Saudi-Arabia\">Saudi-Arabia<\/a> kan ikke kvinner inng\u00e5 ekteskap uten en manns tillatelse. I lavinntektsland er jenter fortsatt i <a href=\"https:\/\/www.norad.no\/tema\/utdanning\/jenter\/),\">mindretall i skolen<\/a>, og i Iran risikerer kvinner <a href=\"https:\/\/amnesty.no\/yasaman\">fengsel for \u00e5 kaste hijaben<\/a>. Vi m\u00e5 ikke glemme de millionene av kvinner som bor i land hvor de bare kan dr\u00f8mme om rettigheter som vi tar for gitt.<\/p>\n\n\n\n<p>Vi m\u00e5 kjempe for kvinners rettigheter internasjonalt. Det gj\u00f8r vi gjennom internasjonalt samarbeid. Likevel handler flere av \u00e5rets 8. mars-paroler om eksempelvis \u2018Nei til EU\u2019. Vi plikter \u00e5 st\u00f8tte kvinner i andre land, ikke bare i Norge. Derfor trenger vi mer internasjonalt samarbeid om kvinnesaker &#8211; ikke mindre.<\/p>\n\n\n\n<p>Mange kamper er vunnet, men det er mange igjen. Vi vil fortsette \u00e5 kjempe for full likestilling i Norge og verden s\u00e5 lenge det trengs.<\/p>\n\n\n\n<p>Men man m\u00e5 ikke v\u00e6re enig med venstresiden for \u00e5 delta i kvinnekampen.<\/p>\n\n\n<div class=\"tags\">\n\t<\/div>\n<div class=\"post-footer alignfull has-background block-editor-block-list__block\" data-align=full>\n\t<div class=\"post-footer-inner\">\n\t\t<h3>Relaterte artikler<\/h3>\n\t\t<div class=\"related-content\"><div class=\"is-card-hoyre\">\n\t<div class=\"teft-card hoyre-teft-card post-teft-card\">\n\t\t<a href=\"https:\/\/hoyre.no\/vestland\/aktuelt\/mindre-kakeeting-og-fleire-prioriterte-prosjekt-i-vestland\/\" class=\"teft-card__primary-action\">\n\n\t\t\t\t\t<div class=\"teft-card__media teft-card__media--16-9\">\n\t\t\t\t\t\t<img loading=\"lazy\" decoding=\"async\" width=\"768\" height=\"512\" src=\"https:\/\/hoyre.no\/content\/uploads\/sites\/15\/2023\/05\/Silja-best-13-768x512.jpg\" class=\"attachment-medium_large size-medium_large\" alt=\"\" srcset=\"https:\/\/hoyre.no\/content\/uploads\/sites\/15\/2023\/05\/Silja-best-13-768x512.jpg 768w, https:\/\/hoyre.no\/content\/uploads\/sites\/15\/2023\/05\/Silja-best-13-300x200.jpg 300w, https:\/\/hoyre.no\/content\/uploads\/sites\/15\/2023\/05\/Silja-best-13-1024x683.jpg 1024w, https:\/\/hoyre.no\/content\/uploads\/sites\/15\/2023\/05\/Silja-best-13-1536x1025.jpg 1536w, https:\/\/hoyre.no\/content\/uploads\/sites\/15\/2023\/05\/Silja-best-13-2048x1366.jpg 2048w\" sizes=\"auto, (max-width: 768px) 100vw, 768px\" \/>\t\t<\/div>\n\t\t\n\t\t\t<div class=\"teft-card__content-wrapper\">\n\t\t\t\t<div class=\"teft-card__secondary\">\n\t\t\t\t\t\n\t\t\t\t\t\t\t\t<div class=\"teft-card__meta\">\n\t\t\t\t\t\t\t\t\t<span class=\"post-date\">16. apr 2024<\/span>\n\n\t\t\t\t\t\t\t\t\t<span class=\"post-category\">Nyheiter<\/span>\t\t\t\t\t\t\t\t<\/div>\n\t\t\t\t\t\t\t\t\t\t\t<\/div>\n\n\t\t\t\t<div class=\"teft-card__primary\">\n\t\t\t\t\t<h2 class=\"teft-card__title\">Mindre kakeeting og fleire prioriterte prosjekt i Vestland&nbsp;<span class=\"teft-card__primary-title-append\"><\/span><\/h2>\t\t\t\t<\/div>\n\t\t\t<\/div>\n\t\t<\/a>\n\t<\/div>\n\n\t<\/div><div class=\"is-card-hoyre\">\n\t<div class=\"teft-card hoyre-teft-card post-teft-card\">\n\t\t<a href=\"https:\/\/hoyre.no\/vestland\/aktuelt\/vestland-hogres-valgliste-2027-2031\/\" class=\"teft-card__primary-action\">\n\n\t\t\t\t\t<div class=\"teft-card__media teft-card__media--16-9\">\n\t\t\t\t\t\t<img loading=\"lazy\" decoding=\"async\" width=\"768\" height=\"511\" src=\"https:\/\/hoyre.no\/content\/uploads\/sites\/15\/2026\/03\/Bjorn-Hollevik-Foto-Dag-Nesbo-Froyen-768x511.jpg\" class=\"attachment-medium_large size-medium_large\" alt=\"\" srcset=\"https:\/\/hoyre.no\/content\/uploads\/sites\/15\/2026\/03\/Bjorn-Hollevik-Foto-Dag-Nesbo-Froyen-768x511.jpg 768w, https:\/\/hoyre.no\/content\/uploads\/sites\/15\/2026\/03\/Bjorn-Hollevik-Foto-Dag-Nesbo-Froyen-300x200.jpg 300w, https:\/\/hoyre.no\/content\/uploads\/sites\/15\/2026\/03\/Bjorn-Hollevik-Foto-Dag-Nesbo-Froyen-1024x682.jpg 1024w, https:\/\/hoyre.no\/content\/uploads\/sites\/15\/2026\/03\/Bjorn-Hollevik-Foto-Dag-Nesbo-Froyen.jpg 1200w\" sizes=\"auto, (max-width: 768px) 100vw, 768px\" \/>\t\t<\/div>\n\t\t\n\t\t\t<div class=\"teft-card__content-wrapper\">\n\t\t\t\t<div class=\"teft-card__secondary\">\n\t\t\t\t\t\n\t\t\t\t\t\t\t\t<div class=\"teft-card__meta\">\n\t\t\t\t\t\t\t\t\t<span class=\"post-date\">16. mar 2026<\/span>\n\n\t\t\t\t\t\t\t\t\t<span class=\"post-category\">Nyheiter<\/span>\t\t\t\t\t\t\t\t<\/div>\n\t\t\t\t\t\t\t\t\t\t\t<\/div>\n\n\t\t\t\t<div class=\"teft-card__primary\">\n\t\t\t\t\t<h2 class=\"teft-card__title\">Arbeidet med valgliste for 2027-2031 er i gang&nbsp;<span class=\"teft-card__primary-title-append\"><\/span><\/h2>\t\t\t\t<\/div>\n\t\t\t<\/div>\n\t\t<\/a>\n\t<\/div>\n\n\t<\/div><div class=\"is-card-hoyre\">\n\t<div class=\"teft-card hoyre-teft-card post-teft-card\">\n\t\t<a href=\"https:\/\/hoyre.no\/vestland\/aktuelt\/bli-kjent-med-fylkestingsgruppa\/\" class=\"teft-card__primary-action\">\n\n\t\t\t\t\t<div class=\"teft-card__media teft-card__media--16-9\">\n\t\t\t\t\t\t<img loading=\"lazy\" decoding=\"async\" width=\"768\" height=\"512\" src=\"https:\/\/hoyre.no\/content\/uploads\/sites\/15\/2024\/06\/IMG_6255-768x512.jpg\" class=\"attachment-medium_large size-medium_large\" alt=\"\" srcset=\"https:\/\/hoyre.no\/content\/uploads\/sites\/15\/2024\/06\/IMG_6255-768x512.jpg 768w, https:\/\/hoyre.no\/content\/uploads\/sites\/15\/2024\/06\/IMG_6255-300x200.jpg 300w, https:\/\/hoyre.no\/content\/uploads\/sites\/15\/2024\/06\/IMG_6255-1024x683.jpg 1024w, https:\/\/hoyre.no\/content\/uploads\/sites\/15\/2024\/06\/IMG_6255-1536x1024.jpg 1536w, https:\/\/hoyre.no\/content\/uploads\/sites\/15\/2024\/06\/IMG_6255-2048x1365.jpg 2048w\" sizes=\"auto, (max-width: 768px) 100vw, 768px\" \/>\t\t<\/div>\n\t\t\n\t\t\t<div class=\"teft-card__content-wrapper\">\n\t\t\t\t<div class=\"teft-card__secondary\">\n\t\t\t\t\t\n\t\t\t\t\t\t\t\t<div class=\"teft-card__meta\">\n\t\t\t\t\t\t\t\t\t<span class=\"post-date\">5. mar 2026<\/span>\n\n\t\t\t\t\t\t\t\t\t\t\t\t\t\t\t\t\t<\/div>\n\t\t\t\t\t\t\t\t\t\t\t<\/div>\n\n\t\t\t\t<div class=\"teft-card__primary\">\n\t\t\t\t\t<h2 class=\"teft-card__title\">Bli kjent med fylkestingsgruppa&nbsp;<span class=\"teft-card__primary-title-append\"><\/span><\/h2>\t\t\t\t<\/div>\n\t\t\t<\/div>\n\t\t<\/a>\n\t<\/div>\n\n\t<\/div><\/div>\t<\/div>\n<\/div>\n","protected":false},"excerpt":{"rendered":"","protected":false},"author":464,"featured_media":0,"comment_status":"closed","ping_status":"closed","sticky":false,"template":"","format":"standard","meta":{"teft_cards_image_url":"","teft_cards_custom_pretitle":"","teft_cards_image_id":505,"teft_cards_image_focal_point_x":0.5,"teft_cards_image_focal_point_y":0.5,"teft_cards_title":"","teft_cards_excerpt":"","teft_show_chapters":false,"author_display_name":"","footnotes":""},"category":[1],"post_tag":[],"hoyre-visibility":[],"article-type":[],"politician":[],"class_list":["post-504","post","type-post","status-publish","format-standard","hentry","category-nyheiter"],"yoast_head":"<!-- This site is optimized with the Yoast SEO plugin v26.6 - https:\/\/yoast.com\/wordpress\/plugins\/seo\/ -->\n<title>8 kamper for 8. mars - Vestland H\u00f8gre<\/title>\n<meta name=\"robots\" content=\"index, follow, max-snippet:-1, max-image-preview:large, max-video-preview:-1\" \/>\n<link rel=\"canonical\" href=\"https:\/\/hoyre.no\/vestland\/aktuelt\/8-kamper-for-8-mars\/\" \/>\n<meta property=\"og:locale\" content=\"nb_NO\" \/>\n<meta property=\"og:type\" content=\"article\" \/>\n<meta property=\"og:title\" content=\"8 kamper for 8. mars - Vestland H\u00f8gre\" \/>\n<meta property=\"og:url\" content=\"https:\/\/hoyre.no\/vestland\/aktuelt\/8-kamper-for-8-mars\/\" \/>\n<meta property=\"og:site_name\" content=\"Vestland H\u00f8gre\" \/>\n<meta property=\"article:published_time\" content=\"2022-03-08T06:11:06+00:00\" \/>\n<meta property=\"article:modified_time\" content=\"2022-06-16T08:09:00+00:00\" \/>\n<meta property=\"og:image\" content=\"https:\/\/hoyre.no\/content\/uploads\/sites\/15\/2025\/01\/Skjermbilde-2025-01-06-kl.-10.59.59-1024x795.png\" \/>\n<meta name=\"author\" content=\"Silje Myren Johansen\" \/>\n<meta name=\"twitter:card\" content=\"summary_large_image\" \/>\n<meta name=\"twitter:label1\" content=\"Skrevet av\" \/>\n\t<meta name=\"twitter:data1\" content=\"Silje Myren Johansen\" \/>\n\t<meta name=\"twitter:label2\" content=\"Ansl. lesetid\" \/>\n\t<meta name=\"twitter:data2\" content=\"7 minutter\" \/>\n<script type=\"application\/ld+json\" class=\"yoast-schema-graph\">{\"@context\":\"https:\/\/schema.org\",\"@graph\":[{\"@type\":\"NewsArticle\",\"@id\":\"https:\/\/hoyre.no\/vestland\/aktuelt\/8-kamper-for-8-mars\/\",\"url\":\"https:\/\/hoyre.no\/vestland\/aktuelt\/8-kamper-for-8-mars\/\",\"name\":\"8 kamper for 8. mars - Vestland H\u00f8gre\",\"isPartOf\":{\"@id\":\"https:\/\/hoyre.no\/vestland\/#website\"},\"datePublished\":\"2022-03-08T06:11:06+00:00\",\"dateModified\":\"2022-06-16T08:09:00+00:00\",\"author\":{\"@id\":\"https:\/\/hoyre.no\/vestland\/#\/schema\/person\/d759ca3273fadb3ca1811e0ecae5dcdf\"},\"breadcrumb\":{\"@id\":\"https:\/\/hoyre.no\/vestland\/aktuelt\/8-kamper-for-8-mars\/#breadcrumb\"},\"inLanguage\":\"nb-NO\",\"potentialAction\":[{\"@type\":\"ReadAction\",\"target\":[\"https:\/\/hoyre.no\/vestland\/aktuelt\/8-kamper-for-8-mars\/\"]}]},{\"@type\":\"BreadcrumbList\",\"@id\":\"https:\/\/hoyre.no\/vestland\/aktuelt\/8-kamper-for-8-mars\/#breadcrumb\",\"itemListElement\":[{\"@type\":\"ListItem\",\"position\":1,\"name\":\"Til hoyre.no\",\"item\":\"https:\/\/hoyre.no\"},{\"@type\":\"ListItem\",\"position\":2,\"name\":\"Hjem\",\"item\":\"https:\/\/hoyre.no\/vestland\/\"},{\"@type\":\"ListItem\",\"position\":3,\"name\":\"8 kamper for 8. mars\"}]},{\"@type\":\"WebSite\",\"@id\":\"https:\/\/hoyre.no\/vestland\/#website\",\"url\":\"https:\/\/hoyre.no\/vestland\/\",\"name\":\"Vestland H\u00f8gre\",\"description\":\"Bare enda et H\u00f8yres nettsteder-nettsted\",\"inLanguage\":\"nb-NO\"},{\"@type\":\"Person\",\"@id\":\"https:\/\/hoyre.no\/vestland\/#\/schema\/person\/d759ca3273fadb3ca1811e0ecae5dcdf\",\"name\":\"Silje Myren Johansen\",\"image\":{\"@type\":\"ImageObject\",\"inLanguage\":\"nb-NO\",\"@id\":\"https:\/\/hoyre.no\/vestland\/#\/schema\/person\/image\/\",\"url\":\"https:\/\/secure.gravatar.com\/avatar\/d93d9ee3baf8f652c7ed53c89fc81ad77f795dbedc7d3c19d89981f369d1cfda?s=96&d=mm&r=g\",\"contentUrl\":\"https:\/\/secure.gravatar.com\/avatar\/d93d9ee3baf8f652c7ed53c89fc81ad77f795dbedc7d3c19d89981f369d1cfda?s=96&d=mm&r=g\",\"caption\":\"Silje Myren Johansen\"},\"url\":\"https:\/\/hoyre.no\/vestland\/aktuelt\/author\/m51843001\/\"}]}<\/script>\n<!-- \/ Yoast SEO plugin. -->","yoast_head_json":{"title":"8 kamper for 8. mars - Vestland H\u00f8gre","robots":{"index":"index","follow":"follow","max-snippet":"max-snippet:-1","max-image-preview":"max-image-preview:large","max-video-preview":"max-video-preview:-1"},"canonical":"https:\/\/hoyre.no\/vestland\/aktuelt\/8-kamper-for-8-mars\/","og_locale":"nb_NO","og_type":"article","og_title":"8 kamper for 8. mars - Vestland H\u00f8gre","og_url":"https:\/\/hoyre.no\/vestland\/aktuelt\/8-kamper-for-8-mars\/","og_site_name":"Vestland H\u00f8gre","article_published_time":"2022-03-08T06:11:06+00:00","article_modified_time":"2022-06-16T08:09:00+00:00","og_image":[{"url":"https:\/\/hoyre.no\/content\/uploads\/sites\/15\/2025\/01\/Skjermbilde-2025-01-06-kl.-10.59.59-1024x795.png","width":"","height":"","type":""}],"author":"Silje Myren Johansen","twitter_card":"summary_large_image","twitter_misc":{"Skrevet av":"Silje Myren Johansen","Ansl. lesetid":"7 minutter"},"schema":{"@context":"https:\/\/schema.org","@graph":[{"@type":"NewsArticle","@id":"https:\/\/hoyre.no\/vestland\/aktuelt\/8-kamper-for-8-mars\/","url":"https:\/\/hoyre.no\/vestland\/aktuelt\/8-kamper-for-8-mars\/","name":"8 kamper for 8. mars - Vestland H\u00f8gre","isPartOf":{"@id":"https:\/\/hoyre.no\/vestland\/#website"},"datePublished":"2022-03-08T06:11:06+00:00","dateModified":"2022-06-16T08:09:00+00:00","author":{"@id":"https:\/\/hoyre.no\/vestland\/#\/schema\/person\/d759ca3273fadb3ca1811e0ecae5dcdf"},"breadcrumb":{"@id":"https:\/\/hoyre.no\/vestland\/aktuelt\/8-kamper-for-8-mars\/#breadcrumb"},"inLanguage":"nb-NO","potentialAction":[{"@type":"ReadAction","target":["https:\/\/hoyre.no\/vestland\/aktuelt\/8-kamper-for-8-mars\/"]}]},{"@type":"BreadcrumbList","@id":"https:\/\/hoyre.no\/vestland\/aktuelt\/8-kamper-for-8-mars\/#breadcrumb","itemListElement":[{"@type":"ListItem","position":1,"name":"Til hoyre.no","item":"https:\/\/hoyre.no"},{"@type":"ListItem","position":2,"name":"Hjem","item":"https:\/\/hoyre.no\/vestland\/"},{"@type":"ListItem","position":3,"name":"8 kamper for 8. mars"}]},{"@type":"WebSite","@id":"https:\/\/hoyre.no\/vestland\/#website","url":"https:\/\/hoyre.no\/vestland\/","name":"Vestland H\u00f8gre","description":"Bare enda et H\u00f8yres nettsteder-nettsted","inLanguage":"nb-NO"},{"@type":"Person","@id":"https:\/\/hoyre.no\/vestland\/#\/schema\/person\/d759ca3273fadb3ca1811e0ecae5dcdf","name":"Silje Myren Johansen","image":{"@type":"ImageObject","inLanguage":"nb-NO","@id":"https:\/\/hoyre.no\/vestland\/#\/schema\/person\/image\/","url":"https:\/\/secure.gravatar.com\/avatar\/d93d9ee3baf8f652c7ed53c89fc81ad77f795dbedc7d3c19d89981f369d1cfda?s=96&d=mm&r=g","contentUrl":"https:\/\/secure.gravatar.com\/avatar\/d93d9ee3baf8f652c7ed53c89fc81ad77f795dbedc7d3c19d89981f369d1cfda?s=96&d=mm&r=g","caption":"Silje Myren Johansen"},"url":"https:\/\/hoyre.no\/vestland\/aktuelt\/author\/m51843001\/"}]}},"distributor_meta":false,"distributor_terms":false,"distributor_media":false,"distributor_original_site_name":"Vestland H\u00f8gre","distributor_original_site_url":"https:\/\/hoyre.no\/vestland","push-errors":false,"_links":{"self":[{"href":"https:\/\/hoyre.no\/vestland\/wp-json\/wp\/v2\/posts\/504","targetHints":{"allow":["GET"]}}],"collection":[{"href":"https:\/\/hoyre.no\/vestland\/wp-json\/wp\/v2\/posts"}],"about":[{"href":"https:\/\/hoyre.no\/vestland\/wp-json\/wp\/v2\/types\/post"}],"author":[{"embeddable":true,"href":"https:\/\/hoyre.no\/vestland\/wp-json\/wp\/v2\/users\/464"}],"replies":[{"embeddable":true,"href":"https:\/\/hoyre.no\/vestland\/wp-json\/wp\/v2\/comments?post=504"}],"version-history":[{"count":2,"href":"https:\/\/hoyre.no\/vestland\/wp-json\/wp\/v2\/posts\/504\/revisions"}],"predecessor-version":[{"id":547,"href":"https:\/\/hoyre.no\/vestland\/wp-json\/wp\/v2\/posts\/504\/revisions\/547"}],"wp:attachment":[{"href":"https:\/\/hoyre.no\/vestland\/wp-json\/wp\/v2\/media?parent=504"}],"wp:term":[{"taxonomy":"category","embeddable":true,"href":"https:\/\/hoyre.no\/vestland\/wp-json\/wp\/v2\/category?post=504"},{"taxonomy":"post_tag","embeddable":true,"href":"https:\/\/hoyre.no\/vestland\/wp-json\/wp\/v2\/post_tag?post=504"},{"taxonomy":"hoyre-visibility","embeddable":true,"href":"https:\/\/hoyre.no\/vestland\/wp-json\/wp\/v2\/hoyre-visibility?post=504"},{"taxonomy":"article-type","embeddable":true,"href":"https:\/\/hoyre.no\/vestland\/wp-json\/wp\/v2\/article-type?post=504"},{"taxonomy":"politician","embeddable":true,"href":"https:\/\/hoyre.no\/vestland\/wp-json\/wp\/v2\/politician?post=504"}],"curies":[{"name":"wp","href":"https:\/\/api.w.org\/{rel}","templated":true}]}}