{"id":14,"date":"2017-06-25T22:00:00","date_gmt":"2017-06-25T20:00:00","guid":{"rendered":"https:\/\/hoyre.no\/vestnes\/aktuelt\/alle-har-en-psykisk\/"},"modified":"2017-06-25T22:00:00","modified_gmt":"2017-06-25T20:00:00","slug":"alle-har-en-psykisk","status":"publish","type":"post","link":"https:\/\/hoyre.no\/vestnes\/aktuelt\/alle-har-en-psykisk\/","title":{"rendered":"Alle har en psykisk helse"},"content":{"rendered":"<p class=\"preamble\">Myehar v\u00e6rt sagt og skrevet om psykisk helse de siste \u00e5rene, og mange gode tv-serier b\u00e5de for barn, ungeog voksne har v\u00e6rt sendt p\u00e5 TV. Likevel er tema et tabu og et stigma. Hvorfor det? Hvorfor g\u00e5r det ikke inn n\u00e5r s\u00e5 mange st\u00e5r frem med sin egen historie? Fordi det fortsatt handler om \u00abde andre\u00bb.<\/p>\t\t\t<div class=\"post-meta wp-block teft-byline-wrapper\">\n\t\t\t\t<div class=\"top\">\n\t\t\t\t\t<div class=\"signature\">\n\t\t\t\t\t\t<div class=\"teft-byline\">\n\t\t\t\t\t\t\t\t\t\t\t\t\t\t<div>\n\t\t\t\t\t\t\t\t<h3>H\u00f8yres redaksjon<\/h3>\t\t\t\t\t\t\t\t\n\t\t\t\t\t\t\t\t\t\t\t\t\t\t\t\t\t<span class=\"date\">Sist oppdatert: 25. juni 2017<\/span>\n\t\t\t\t\t\t\t\t\t\t\t\t\t\t\t\t\t\t\t\t\t\t\t\t\t<span class=\"reading-time\" itemprop=\"timeRequired\" content=\"PT3M\"><em>Ca. 3 minutter lesetid<\/em><\/span>\n\t\t\t\t\t\t\t\t\t\t\t\t\t\t\t<\/div>\n\t\t\t\t\t\t<\/div>\n\t\t\t\t\t<\/div>\n\t\t\t\t\t\t<div class=\"sharing\">\n\t\t<a class=\"share-button share-link copy-link\" data-copy=\"https:\/\/hoyre.no\/vestnes\/aktuelt\/alle-har-en-psykisk\/\" target=\"_blank\"><span class=\"screen-reader-text\">Del link<\/span><\/a>\n\t\t<a class=\"share-button share-twitter\" href=\"http:\/\/twitter.com\/share?text=Alle har en psykisk helse&#038;url=https:\/\/hoyre.no\/vestnes\/aktuelt\/alle-har-en-psykisk\/&#038;hashtags=Hoyre\" target=\"_blank\"><span class=\"screen-reader-text\">Del p\u00e5 twitter<\/span><\/a>\n\t\t<a class=\"share-button share-facebook\" href=\"https:\/\/www.facebook.com\/sharer\/sharer.php?u=https:\/\/hoyre.no\/vestnes\/aktuelt\/alle-har-en-psykisk\/\" target=\"_blank\"><span class=\"screen-reader-text\">Del p\u00e5 facebook<\/span><\/a>\n\t<\/div>\n\t\t\t\t\t<\/div>\n\t\t\t<\/div>\n\n\t\t\t<figure class=\"hoyre-image-wrapper\"><div class=\"hoyre-image\"><img loading=\"lazy\" decoding=\"async\" width=\"960\" height=\"960\" src=\"https:\/\/hoyre.no\/content\/uploads\/sites\/91\/2020\/11\/img-0729.jpg\" class=\"attachment-scaled size-scaled\" alt=\"\" style=\"object-position: 50% 50%\" srcset=\"https:\/\/hoyre.no\/content\/uploads\/sites\/91\/2020\/11\/img-0729.jpg 960w, https:\/\/hoyre.no\/content\/uploads\/sites\/91\/2020\/11\/img-0729-300x300.jpg 300w, https:\/\/hoyre.no\/content\/uploads\/sites\/91\/2020\/11\/img-0729-150x150.jpg 150w, https:\/\/hoyre.no\/content\/uploads\/sites\/91\/2020\/11\/img-0729-768x768.jpg 768w\" sizes=\"auto, (max-width: 960px) 100vw, 960px\" \/><\/div><\/figure><div id=\"hoyre-old-article-content-wrapper\"><p>Psykisk helse m\u00e5 inn i skoleverket p\u00e5 samme m\u00e5te som kropp, kosthold, pubertet, matematikk og historie. Det er en helt naturlig del av b\u00e5de naturfag, samfunnsfag og mat- og helse. Skolen tar ansvar for \u00e5 l\u00e6re barna om hemoglobin, det ansvaret b\u00f8r de ogs\u00e5 ta for \u00e5 l\u00e6re dem om serotonin og dopamin. <br \/><\/p><p>Ikke til forkleinelse for helses\u00f8strene v\u00e5re, som gj\u00f8r uvurderlig viktig arbeid i skolene v\u00e5re, men det vil aldri bli det samme om helses\u00f8ster kommer innom skolen en gang i \u00e5ret for \u00e5 fortelle om at det er mange som f\u00f8ler p\u00e5 mye. Vi kan ikke legge hele dette ansvaret p\u00e5 en helses\u00f8ster som treffer barna v\u00e5re en sjelden gang. Det er viktig at helses\u00f8ster er tilgjengelig for de som trenger det og for rutineunders\u00f8kelser og vaksinering. Helses\u00f8strene er ofte den trygge voksenpersonen som man kan snakke med om alt mulig n\u00e5r han\/hun er p\u00e5 skolen, og de har en viktig funksjon som f\u00f8rstelinje for ungdom som sliter med ulike problemer, b\u00e5de psykiske og fysiske. En videre satsing p\u00e5 helses\u00f8stertjenesten er et viktig tiltak mot mobbing, for bedre folkehelse og for \u00f8kt trivsel og trygghet. <\/p><p>Likevel er det oppfatningen om at dette gjelder noen f\u00e5 og spesielle som gj\u00f8r at stigma fortsatt er stort. Ved \u00e5 legge tilpsykisk helse i de fagene der de naturlig h\u00f8rer hjemme, vil ogs\u00e5 oppfatningen om at dette gjelder oss alle v\u00e6re lettere \u00e5 oppn\u00e5. <\/p><p>S\u00e5 hvorfor er dette s\u00e5 viktig?<\/p><p>I alle klasserom i alle skoler i Vestnes og ellers i landet sitter det barn som er ensomme med sine tanker. Kanskje de selv sliter med tanker, f\u00f8lelser eller sykdom som spiseforstyrrelser, depresjon, angst eller selvmordstanker. Eller de har en bror, en mor, en s\u00f8ster, en far eller en god venn som sliter. I alle fall sitter de og tenker at dette er vanskelig og spesielt, og at de er de eneste i hele verden som har det slik med tankene sine.  De har heller ikke gode nok verkt\u00f8y for \u00e5 takle det.  Dette skaper en enorm ensomhet. <\/p><p>Det satses fra regjeringen p\u00e5 psykisk helse og p\u00e5 rusfeltet, spesielt til barn og unge. Helseminister Bent H\u00f8ie har \u00f8kt rammene til psykiatri og rus betraktelig, ogs\u00e5 til kommunene.Helses\u00f8sterordningen er ogs\u00e5 styrket. N\u00e5 m\u00e5 vi videref\u00f8re satsingen helt ut dit barna sitter p\u00e5 skolebenken. Dette var bakgrunnen for at M\u00f8re og Romsdal H\u00f8yre p\u00e5 sitt fylkes\u00e5rsm\u00f8te i \u00e5r vedtok en resolusjon om \u00e5 implementere psykisk helse i skoleverket. Dette m\u00e5 arbeides med b\u00e5de p\u00e5statlig og kommunalt niv\u00e5, for selv om det er stortinget som m\u00e5 beslutte og bevilge, er det kommunen som m\u00e5 gjennomf\u00f8re. <\/p><div>\u2022 H\u00f8yre og helseminister Bent H\u00f8ie har fokus p\u00e5 psykisk helse, og vil fortsette opptrappingen for \u00e5 bedre det psykiske helsevernet i Norge<\/div><div>\u2022 M\u00f8re og Romsdal H\u00f8yre har vedtatt resolusjon og vil ta psykisk helse inn i ordin\u00e6re fag i skolen for \u00e5 fjerne stigma og \u00f8ke forst\u00e5elsen for at vi alle har en psykisk helse. Slik vil vi hjelpe barn og unge ut av ensomheten, og skape mer \u00e5penhet i klasserommet.<\/div><div>\u2022 Vestnes H\u00f8gre vil arbeide for at de bevilgningene og bestemmelsene som besluttes sentralt blir ivaretatt og fulgt opp ogs\u00e5 i v\u00e5r kommune.<\/div><p><br \/><\/p><p>Heidi Nakken, Vestnes H\u00f8gre<\/p><p>Innlegget ble f\u00f8rst publisert i Romsdals Budstikke.<\/p><p><br \/><\/p><\/div>\n<div class=\"tags\">\n\t<\/div>\n<div class=\"post-footer alignfull has-background block-editor-block-list__block\" data-align=full>\n\t<div class=\"post-footer-inner\">\n\t\t<h3>Relaterte artikler<\/h3>\n\t\t<div class=\"related-content\"><div class=\"is-card-hoyre\">\n\t<div class=\"teft-card hoyre-teft-card post-teft-card\">\n\t\t<a href=\"https:\/\/hoyre.no\/vestnes\/aktuelt\/7-gode-grunnar-til-a-stemme-pa-hogre-i-vestnes\/\" class=\"teft-card__primary-action\">\n\n\t\t\t<div class=\"teft-card__media teft-card__media--16-9 no-image\"><\/div>\n\t\t\t<div class=\"teft-card__content-wrapper\">\n\t\t\t\t<div class=\"teft-card__secondary\">\n\t\t\t\t\t\n\t\t\t\t\t\t\t\t<div class=\"teft-card__meta\">\n\t\t\t\t\t\t\t\t\t<span class=\"post-date\">12. aug 2023<\/span>\n\n\t\t\t\t\t\t\t\t\t\t\t\t\t\t\t\t\t<\/div>\n\t\t\t\t\t\t\t\t\t\t\t<\/div>\n\n\t\t\t\t<div class=\"teft-card__primary\">\n\t\t\t\t\t<h2 class=\"teft-card__title\">7 gode grunnar til \u00e5 stemme p\u00e5 H\u00f8gre i Vestnes&nbsp;<span class=\"teft-card__primary-title-append\"><\/span><\/h2>\t\t\t\t<\/div>\n\t\t\t<\/div>\n\t\t<\/a>\n\t<\/div>\n\n\t<\/div><div class=\"is-card-hoyre\">\n\t<div class=\"teft-card hoyre-teft-card post-teft-card\">\n\t\t<a href=\"https:\/\/hoyre.no\/vestnes\/aktuelt\/vi-stiller-til-val-for-vestnes-hogre\/\" class=\"teft-card__primary-action\">\n\n\t\t\t\t\t<div class=\"teft-card__media teft-card__media--16-9\">\n\t\t\t\t\t\t<img loading=\"lazy\" decoding=\"async\" width=\"768\" height=\"512\" src=\"https:\/\/hoyre.no\/content\/uploads\/sites\/91\/2023\/08\/Kopi-av-Hoyre_gruppe_-1-768x512.jpg\" class=\"attachment-medium_large size-medium_large\" alt=\"Vi stiller til val for Vestnes H\u00f8gre\" srcset=\"https:\/\/hoyre.no\/content\/uploads\/sites\/91\/2023\/08\/Kopi-av-Hoyre_gruppe_-1-768x512.jpg 768w, https:\/\/hoyre.no\/content\/uploads\/sites\/91\/2023\/08\/Kopi-av-Hoyre_gruppe_-1-300x200.jpg 300w, https:\/\/hoyre.no\/content\/uploads\/sites\/91\/2023\/08\/Kopi-av-Hoyre_gruppe_-1-1024x683.jpg 1024w, https:\/\/hoyre.no\/content\/uploads\/sites\/91\/2023\/08\/Kopi-av-Hoyre_gruppe_-1-1536x1024.jpg 1536w, https:\/\/hoyre.no\/content\/uploads\/sites\/91\/2023\/08\/Kopi-av-Hoyre_gruppe_-1-2048x1365.jpg 2048w\" sizes=\"auto, (max-width: 768px) 100vw, 768px\" \/>\t\t<\/div>\n\t\t\n\t\t\t<div class=\"teft-card__content-wrapper\">\n\t\t\t\t<div class=\"teft-card__secondary\">\n\t\t\t\t\t\n\t\t\t\t\t\t\t\t<div class=\"teft-card__meta\">\n\t\t\t\t\t\t\t\t\t<span class=\"post-date\">12. aug 2023<\/span>\n\n\t\t\t\t\t\t\t\t\t\t\t\t\t\t\t\t\t<\/div>\n\t\t\t\t\t\t\t\t\t\t\t<\/div>\n\n\t\t\t\t<div class=\"teft-card__primary\">\n\t\t\t\t\t<h2 class=\"teft-card__title\">Vi stiller til val for Vestnes H\u00f8gre&nbsp;<span class=\"teft-card__primary-title-append\"><\/span><\/h2>\t\t\t\t<\/div>\n\t\t\t<\/div>\n\t\t<\/a>\n\t<\/div>\n\n\t<\/div><div class=\"is-card-hoyre\">\n\t<div class=\"teft-card hoyre-teft-card post-teft-card\">\n\t\t<a href=\"https:\/\/hoyre.no\/vestnes\/aktuelt\/vestnes_hogre_sitt_program_2019_2023\/\" class=\"teft-card__primary-action\">\n\n\t\t\t\t\t<div class=\"teft-card__media teft-card__media--16-9\">\n\t\t\t\t\t\t<img loading=\"lazy\" decoding=\"async\" width=\"768\" height=\"402\" src=\"https:\/\/hoyre.no\/content\/uploads\/sites\/91\/2020\/11\/vestnes_1-768x402.jpg\" class=\"attachment-medium_large size-medium_large\" alt=\"\" srcset=\"https:\/\/hoyre.no\/content\/uploads\/sites\/91\/2020\/11\/vestnes_1-768x402.jpg 768w, https:\/\/hoyre.no\/content\/uploads\/sites\/91\/2020\/11\/vestnes_1-300x157.jpg 300w, https:\/\/hoyre.no\/content\/uploads\/sites\/91\/2020\/11\/vestnes_1-1024x536.jpg 1024w, https:\/\/hoyre.no\/content\/uploads\/sites\/91\/2020\/11\/vestnes_1-1536x804.jpg 1536w, https:\/\/hoyre.no\/content\/uploads\/sites\/91\/2020\/11\/vestnes_1.jpg 2048w\" sizes=\"auto, (max-width: 768px) 100vw, 768px\" \/>\t\t<\/div>\n\t\t\n\t\t\t<div class=\"teft-card__content-wrapper\">\n\t\t\t\t<div class=\"teft-card__secondary\">\n\t\t\t\t\t\n\t\t\t\t\t\t\t\t<div class=\"teft-card__meta\">\n\t\t\t\t\t\t\t\t\t<span class=\"post-date\">6. jul 2019<\/span>\n\n\t\t\t\t\t\t\t\t\t\t\t\t\t\t\t\t\t<\/div>\n\t\t\t\t\t\t\t\t\t\t\t<\/div>\n\n\t\t\t\t<div class=\"teft-card__primary\">\n\t\t\t\t\t<h2 class=\"teft-card__title\">Vestnes H\u00f8gre sitt program 2019-2023&nbsp;<span class=\"teft-card__primary-title-append\"><\/span><\/h2>\t\t\t\t<\/div>\n\t\t\t<\/div>\n\t\t<\/a>\n\t<\/div>\n\n\t<\/div><\/div>\t<\/div>\n<\/div>\n","protected":false},"excerpt":{"rendered":"","protected":false},"author":0,"featured_media":0,"comment_status":"closed","ping_status":"closed","sticky":false,"template":"","format":"standard","meta":{"teft_cards_image_url":"https:\/\/hoyre.no\/content\/uploads\/sites\/91\/2020\/11\/img-0729.jpg","teft_cards_custom_pretitle":"","teft_cards_image_id":13,"teft_cards_image_focal_point_x":0,"teft_cards_image_focal_point_y":0,"teft_cards_title":"","teft_cards_excerpt":"","teft_show_chapters":false,"author_display_name":"Heidi Nakken, Vestnes H\u00f8gre","footnotes":""},"category":[1],"post_tag":[],"hoyre-visibility":[],"article-type":[],"politician":[],"class_list":["post-14","post","type-post","status-publish","format-standard","hentry","category-ukategorisert"],"yoast_head":"<!-- This site is optimized with the Yoast SEO plugin v26.6 - https:\/\/yoast.com\/wordpress\/plugins\/seo\/ -->\n<title>Alle har en psykisk helse - Vestnes H\u00f8gre<\/title>\n<meta name=\"robots\" content=\"index, follow, max-snippet:-1, max-image-preview:large, max-video-preview:-1\" \/>\n<link rel=\"canonical\" href=\"https:\/\/hoyre.no\/vestnes\/aktuelt\/alle-har-en-psykisk\/\" \/>\n<meta property=\"og:locale\" content=\"nn_NO\" \/>\n<meta property=\"og:type\" content=\"article\" \/>\n<meta property=\"og:title\" content=\"Alle har en psykisk helse - Vestnes H\u00f8gre\" \/>\n<meta property=\"og:url\" content=\"https:\/\/hoyre.no\/vestnes\/aktuelt\/alle-har-en-psykisk\/\" \/>\n<meta property=\"og:site_name\" content=\"Vestnes H\u00f8gre\" \/>\n<meta property=\"article:published_time\" content=\"2017-06-25T20:00:00+00:00\" \/>\n<meta property=\"og:image\" content=\"https:\/\/hoyre.no\/content\/uploads\/sites\/91\/2020\/11\/vestnes_1-1024x536.jpg\" \/>\n<meta name=\"twitter:card\" content=\"summary_large_image\" \/>\n<meta name=\"twitter:label1\" content=\"Est. reading time\" \/>\n\t<meta name=\"twitter:data1\" content=\"3 minutt\" \/>\n<script type=\"application\/ld+json\" class=\"yoast-schema-graph\">{\"@context\":\"https:\/\/schema.org\",\"@graph\":[{\"@type\":\"NewsArticle\",\"@id\":\"https:\/\/hoyre.no\/vestnes\/aktuelt\/alle-har-en-psykisk\/\",\"url\":\"https:\/\/hoyre.no\/vestnes\/aktuelt\/alle-har-en-psykisk\/\",\"name\":\"Alle har en psykisk helse - Vestnes H\u00f8gre\",\"isPartOf\":{\"@id\":\"https:\/\/hoyre.no\/vestnes\/#website\"},\"datePublished\":\"2017-06-25T20:00:00+00:00\",\"author\":{\"@id\":\"\"},\"breadcrumb\":{\"@id\":\"https:\/\/hoyre.no\/vestnes\/aktuelt\/alle-har-en-psykisk\/#breadcrumb\"},\"inLanguage\":\"nn-NO\",\"potentialAction\":[{\"@type\":\"ReadAction\",\"target\":[\"https:\/\/hoyre.no\/vestnes\/aktuelt\/alle-har-en-psykisk\/\"]}]},{\"@type\":\"BreadcrumbList\",\"@id\":\"https:\/\/hoyre.no\/vestnes\/aktuelt\/alle-har-en-psykisk\/#breadcrumb\",\"itemListElement\":[{\"@type\":\"ListItem\",\"position\":1,\"name\":\"Til hoyre.no\",\"item\":\"https:\/\/hoyre.no\"},{\"@type\":\"ListItem\",\"position\":2,\"name\":\"Hjem\",\"item\":\"https:\/\/hoyre.no\/vestnes\/\"},{\"@type\":\"ListItem\",\"position\":3,\"name\":\"Alle har en psykisk helse\"}]},{\"@type\":\"WebSite\",\"@id\":\"https:\/\/hoyre.no\/vestnes\/#website\",\"url\":\"https:\/\/hoyre.no\/vestnes\/\",\"name\":\"Vestnes H\u00f8gre\",\"description\":\"Bare enda et H\u00f8yres nettsteder-nettsted\",\"inLanguage\":\"nn-NO\"}]}<\/script>\n<!-- \/ Yoast SEO plugin. -->","yoast_head_json":{"title":"Alle har en psykisk helse - Vestnes H\u00f8gre","robots":{"index":"index","follow":"follow","max-snippet":"max-snippet:-1","max-image-preview":"max-image-preview:large","max-video-preview":"max-video-preview:-1"},"canonical":"https:\/\/hoyre.no\/vestnes\/aktuelt\/alle-har-en-psykisk\/","og_locale":"nn_NO","og_type":"article","og_title":"Alle har en psykisk helse - Vestnes H\u00f8gre","og_url":"https:\/\/hoyre.no\/vestnes\/aktuelt\/alle-har-en-psykisk\/","og_site_name":"Vestnes H\u00f8gre","article_published_time":"2017-06-25T20:00:00+00:00","og_image":[{"url":"https:\/\/hoyre.no\/content\/uploads\/sites\/91\/2020\/11\/vestnes_1-1024x536.jpg","width":"","height":"","type":""}],"twitter_card":"summary_large_image","twitter_misc":{"Est. reading time":"3 minutt"},"schema":{"@context":"https:\/\/schema.org","@graph":[{"@type":"NewsArticle","@id":"https:\/\/hoyre.no\/vestnes\/aktuelt\/alle-har-en-psykisk\/","url":"https:\/\/hoyre.no\/vestnes\/aktuelt\/alle-har-en-psykisk\/","name":"Alle har en psykisk helse - Vestnes H\u00f8gre","isPartOf":{"@id":"https:\/\/hoyre.no\/vestnes\/#website"},"datePublished":"2017-06-25T20:00:00+00:00","author":{"@id":""},"breadcrumb":{"@id":"https:\/\/hoyre.no\/vestnes\/aktuelt\/alle-har-en-psykisk\/#breadcrumb"},"inLanguage":"nn-NO","potentialAction":[{"@type":"ReadAction","target":["https:\/\/hoyre.no\/vestnes\/aktuelt\/alle-har-en-psykisk\/"]}]},{"@type":"BreadcrumbList","@id":"https:\/\/hoyre.no\/vestnes\/aktuelt\/alle-har-en-psykisk\/#breadcrumb","itemListElement":[{"@type":"ListItem","position":1,"name":"Til hoyre.no","item":"https:\/\/hoyre.no"},{"@type":"ListItem","position":2,"name":"Hjem","item":"https:\/\/hoyre.no\/vestnes\/"},{"@type":"ListItem","position":3,"name":"Alle har en psykisk helse"}]},{"@type":"WebSite","@id":"https:\/\/hoyre.no\/vestnes\/#website","url":"https:\/\/hoyre.no\/vestnes\/","name":"Vestnes H\u00f8gre","description":"Bare enda et H\u00f8yres nettsteder-nettsted","inLanguage":"nn-NO"}]}},"distributor_meta":false,"distributor_terms":false,"distributor_media":false,"distributor_original_site_name":"Vestnes H\u00f8gre","distributor_original_site_url":"https:\/\/hoyre.no\/vestnes","push-errors":false,"_links":{"self":[{"href":"https:\/\/hoyre.no\/vestnes\/wp-json\/wp\/v2\/posts\/14","targetHints":{"allow":["GET"]}}],"collection":[{"href":"https:\/\/hoyre.no\/vestnes\/wp-json\/wp\/v2\/posts"}],"about":[{"href":"https:\/\/hoyre.no\/vestnes\/wp-json\/wp\/v2\/types\/post"}],"replies":[{"embeddable":true,"href":"https:\/\/hoyre.no\/vestnes\/wp-json\/wp\/v2\/comments?post=14"}],"version-history":[{"count":0,"href":"https:\/\/hoyre.no\/vestnes\/wp-json\/wp\/v2\/posts\/14\/revisions"}],"wp:attachment":[{"href":"https:\/\/hoyre.no\/vestnes\/wp-json\/wp\/v2\/media?parent=14"}],"wp:term":[{"taxonomy":"category","embeddable":true,"href":"https:\/\/hoyre.no\/vestnes\/wp-json\/wp\/v2\/category?post=14"},{"taxonomy":"post_tag","embeddable":true,"href":"https:\/\/hoyre.no\/vestnes\/wp-json\/wp\/v2\/post_tag?post=14"},{"taxonomy":"hoyre-visibility","embeddable":true,"href":"https:\/\/hoyre.no\/vestnes\/wp-json\/wp\/v2\/hoyre-visibility?post=14"},{"taxonomy":"article-type","embeddable":true,"href":"https:\/\/hoyre.no\/vestnes\/wp-json\/wp\/v2\/article-type?post=14"},{"taxonomy":"politician","embeddable":true,"href":"https:\/\/hoyre.no\/vestnes\/wp-json\/wp\/v2\/politician?post=14"}],"curies":[{"name":"wp","href":"https:\/\/api.w.org\/{rel}","templated":true}]}}