{"id":16,"date":"2019-07-06T22:00:00","date_gmt":"2019-07-06T20:00:00","guid":{"rendered":"https:\/\/hoyre.no\/vestnes\/aktuelt\/vestnes_hogre_sitt_program_2019_2023\/"},"modified":"2019-07-06T22:00:00","modified_gmt":"2019-07-06T20:00:00","slug":"vestnes_hogre_sitt_program_2019_2023","status":"publish","type":"post","link":"https:\/\/hoyre.no\/vestnes\/aktuelt\/vestnes_hogre_sitt_program_2019_2023\/","title":{"rendered":"Vestnes H\u00f8gre sitt program 2019-2023"},"content":{"rendered":"<figure class=\"hoyre-image-wrapper\"><div class=\"hoyre-image\"><img loading=\"lazy\" decoding=\"async\" width=\"2048\" height=\"1072\" src=\"https:\/\/hoyre.no\/content\/uploads\/sites\/91\/2020\/11\/vestnes_1.jpg\" class=\"attachment-scaled size-scaled\" alt=\"\" style=\"object-position: 50% 50%\" srcset=\"https:\/\/hoyre.no\/content\/uploads\/sites\/91\/2020\/11\/vestnes_1.jpg 2048w, https:\/\/hoyre.no\/content\/uploads\/sites\/91\/2020\/11\/vestnes_1-300x157.jpg 300w, https:\/\/hoyre.no\/content\/uploads\/sites\/91\/2020\/11\/vestnes_1-1024x536.jpg 1024w, https:\/\/hoyre.no\/content\/uploads\/sites\/91\/2020\/11\/vestnes_1-768x402.jpg 768w, https:\/\/hoyre.no\/content\/uploads\/sites\/91\/2020\/11\/vestnes_1-1536x804.jpg 1536w\" sizes=\"auto, (max-width: 2048px) 100vw, 2048px\" \/><\/div><\/figure><div id=\"hoyre-old-article-content-wrapper\"><p><b>Overordnam\u00e5l<\/b><\/p><ul><li>Vestnesskal vere ein kommune der folk \u00f8nsker \u00e5 etablere seg. <\/li><li>Sikreein ansvarleg \u00f8konomisk politikk med balanse mellom inntekter og utgifter.<\/li><\/ul><p><b><\/b><\/p><p><b>Skuleog barnehage<\/b><\/p><ul><li>Bygge ein felles ungdomsskule no. <\/li><li>Ruste opp barneskulen p\u00e5 Helland ogi Tomrefjorden. <\/li><li>S\u00f8rge for eit godt inneklima iskular og barnehagar <\/li><li>Sikre eit godt fysisk, psykisk ogsosialt l\u00e6ringsmilj\u00f8. <\/li><li>Newtonrom for heile kommunen isamarbeid med n\u00e6ringslivet <\/li><li>Etablere lokalt helseteam i skulen,og flytte kompetansen innan helse, psykisk helse og spesialundervisning fr\u00e5kontor og ut i skulane. <\/li><li>Behalde og rekruttere dyktigel\u00e6rarar, og styrke gode l\u00e6rekrefter ytterlegare gjennom \u00e5 tilby etter- og vidareutdanning.<\/li><li>Prioritere ressursar til tidleginnsats i skulen. <\/li><li>Styrke elevane sine digitaleferdigheiter ved \u00e5 tilby koding og programmering i skulen. <\/li><li>Innf\u00f8re sommaropne barnehagar. <\/li><li>Ha eit barnehagetilbod medopningstider som gjer at folk kan bu i Vestnes og arbeide utanfor kommunen. <\/li><li>Arbeide for eit aktivtelevdemokrati. <\/li><li>Ha nulltoleranse for mobbing i skuleog barnehage<\/li><li>Sikre ein trygg skuleveg forelevane. <\/li><\/ul><p><\/p><p><b>N\u00e6ring<\/b><\/p><ul><li>Regulere eit tilstrekkeleg areal tilbruk for n\u00e6ringslivet. <\/li><li>Jobbe for at Vestnes kommune blirein f\u00f8retrekt plass \u00e5 vere gr\u00fcnder b\u00e5de p\u00e5 grunn av start-up-milj\u00f8, busituasjonog v\u00e5r sentrale plassering i fylket <\/li><li>Fornye fokuset p\u00e5 reiselivsn\u00e6ringa iVestnes og sj\u00e5 kommunen sitt store potensiale. <\/li><li>Vere aktive \u00e5 marknadsf\u00f8re kommunenv\u00e5r ut til b\u00e5de innflyttarar og turistar. <\/li><li>Sikre gode rammevilk\u00e5r for allen\u00e6ringsdrivande i kommunen.<\/li><li>Bevare matjord og sikre eit aktivtjordvern. <\/li><li>Arbeide for \u00e5 halde p\u00e5 og skaffe nyekompetansearbeidsplassar.<\/li><li>Bidra til \u00f8kt innovasjon mellom anna gjennom gr\u00f8n n\u00e6ringsutvikling.<\/li><li>S\u00f8rge for at kommunen held fram med\u00e5 vere positiv, profesjonell og l\u00f8ysingsorientert i m\u00f8te med n\u00e6ringslivet. <\/li><\/ul><p><br \/><\/p><p><b>Kommunenfor deg<\/b><\/p><ul><li>Oppretthalde den gode beredskapen <\/li><li>Samarbeide med frivillige akt\u00f8rarfor \u00e5 hjelpe og aktivisere kommunen sine innbyggarar. <\/li><li>Kjempe i alle relevante fora for \u00e5behalde hurtigb\u00e5ten og busstilbodet i kommunen. <\/li><li>Prioritere drift og vedlikehald avkommunale vegar. <\/li><li>Oppretthalde rask og effektivsaksgang for innbyggarar og n\u00e6ringsliv. <\/li><li>F\u00e5 innflyttarar til \u00e5 f\u00f8le segvelkomne i Vestnes. <\/li><li>Ikkje auke eigedomsskatten, og jobbefor \u00e5 redusere og aller helst fjerne den. <\/li><li>Legge til rette for fleire bustadomr\u00e5de.<\/li><li>Jobbe for fellesskap og samarbeid iheile kommunen. <\/li><li>Anerkjenne eldre som ein ressurs for samfunnet. <\/li><\/ul><p><\/p><p><b>Helse<\/b><\/p><ul><li>Satse p\u00e5 f\u00f8rebygging ogkvardagsrehabilitering.<\/li><li>S\u00f8rge for at dei eldre f\u00e5r god,n\u00e6ringsrik mat til riktig tid. <\/li><li>Sikre gode l\u00e5gterskeltilbod innanpsykiatri og rus. <\/li><li>Raskare psykisk helsehjelp <\/li><li>F\u00f8rebygge einsomheit og legge tilrette for at alle skal kunne ha eit aktivt liv, som blant anna inneber fysiskog sosial aktivitet. <\/li><li>Ha eit godt fungerande barnevern. <\/li><li>Jobbe for at bemanninga ogkompetansen i helsesektoren er god nok. <\/li><li>Ha som m\u00e5l at dei som vil kan buheime og f\u00e5 den hjelpa dei treng der.<\/li><li>Auke forebyggande innsats mot rus. <\/li><li>Fortsette arbeidet mot vald i n\u00e6rerelasjonar. <\/li><li>Vidareutvikle bruken avvelferdsteknologi og digitale hjelpemiddel for at fleire skal oppleve \u00f8ktfriheit, tryggleik og meistring. <\/li><li>Detnye helsehuset m\u00e5 fyllast med gode og relevante tenester, og vere ein m\u00f8teplassmellom generasjonar.<\/li><\/ul><p><\/p><p><b>Kommunensom arbeidsgivar<\/b><\/p><ul><li>Etablere l\u00e6rlingplassar i fleirekommunale sektorar. <\/li><li>Drive ein god arbeidsgivarpolitikksom skapar grobotn for h\u00f8g kompetanse og personleg utvikling for alle tilsette.<\/li><li>Satse p\u00e5 dyktige leiarar, og gi deist\u00f8tte til \u00e5 utvikle seg og sine tilsette. <\/li><li>Ha eit inkluderande arbeidsliv ogarbeide for at alle tilsette som har behov for tilpassing p\u00e5 sin arbeidsplass f\u00e5rdet. <\/li><li>Behalde og rekruttere viktigkompetanse i kommunen. <\/li><li>Jobbe m\u00e5lretta med \u00e5 reduseresjukefr\u00e5v\u00e6ret. <\/li><li>Tilby fleksiblearbeidsturnusordningar og vidaref\u00f8re moglegheita for meir fleksibleturnusordningar, i tett samarbeid med tilsette og tillitsvalde. <\/li><\/ul><p><b><\/b><b><\/b><b><\/b><b><\/b><b><\/b><b><\/b><b><\/b><\/p><p><b>Kultur,idrett, fritid og frivilligheit<\/b><\/p><ul><li>Legge til rette for etablering av tenester,tiltak og aktivitetar som utviklar og styrker kommunen. <\/li><li>S\u00f8rge for at fleire ulike aktivitetarinnan kultur og idrett l\u00f8ftast fram. <\/li><li>Vere ein p\u00e5drivar for innsamling og offentleggjeringav lokalhistorie <\/li><li>Ivareta og etablere fleirefriluftsomr\u00e5de. <\/li><li>St\u00f8tte prosjekt som idrettslag ogandre frivillige organisasjonar set i gang for \u00e5 f\u00e5 fleire med i idrett ogfritidsaktivitetar. <\/li><li>Jobbe aktivt for \u00e5 auke innbyggaranesine digitale ferdigheiter i samarbeid med det frivillige. <\/li><li>Ha ein aktiv frivilligheitspolitikk <\/li><li>St\u00f8tte etableringa avmotorsportsenter i kommunen. <\/li><li>Sikre eit godt kulturskuletilbod ogarbeide for nye og framtidsretta lokale til kulturskulen. <\/li><li>St\u00f8tte unge talent innan kultur. <\/li><li>Ladet nye biblioteket vere ein m\u00f8teplass og sosial arena, der innbyggarane kantreffast og ha det kjekt. <\/li><li>Vere ein kommune som viser toleranseoverfor alle ulike menneske. <\/li><\/ul><p><b><br \/><\/b><\/p><p><b>Klima,natur og milj\u00f8<\/b><\/p><ul><li>Vestnes skal vere den gr\u00f8nastekommunen i heile fylket. <\/li><li>Bidra til innsamling av s\u00f8ppel ogplast fr\u00e5 naturen. <\/li><li>Gjennom \u00c5RIM-samarbeidet sikre eineffektiv og milj\u00f8vennleg renovasjon og avfallshandtering for b\u00e5de husstandar,bedrifter og offentlege bygg. <\/li><li>Arbeide for \u00e5 redusere matsvinn ikommunale tenester. <\/li><li>Opprette lokale kompoststasjonar. <\/li><li>Opprette fleire sykkelparkeringar isentrum. <\/li><li>Sikre at kommunen stiller milj\u00f8kravtil eiga verksemd og i kommunen sine anbod og innkj\u00f8p. <\/li><li>Gjere det enklare \u00e5 bevege seg forg\u00e5ande, syklande og forflyttingshemma i sentrum<\/li><li>Sikre at kvaliteten p\u00e5 drikkevatnetog vannforsyninga gjennom vassverket i kommunen er god. <\/li><\/ul><p><br \/><\/p><\/div>\n<div class=\"tags\">\n\t<\/div>\n<div class=\"post-footer alignfull has-background block-editor-block-list__block\" data-align=full>\n\t<div class=\"post-footer-inner\">\n\t\t<h3>Relaterte artikler<\/h3>\n\t\t<div class=\"related-content\"><div class=\"is-card-hoyre\">\n\t<div class=\"teft-card hoyre-teft-card post-teft-card\">\n\t\t<a href=\"https:\/\/hoyre.no\/vestnes\/aktuelt\/7-gode-grunnar-til-a-stemme-pa-hogre-i-vestnes\/\" class=\"teft-card__primary-action\">\n\n\t\t\t<div class=\"teft-card__media teft-card__media--16-9 no-image\"><\/div>\n\t\t\t<div class=\"teft-card__content-wrapper\">\n\t\t\t\t<div class=\"teft-card__secondary\">\n\t\t\t\t\t\n\t\t\t\t\t\t\t\t<div class=\"teft-card__meta\">\n\t\t\t\t\t\t\t\t\t<span class=\"post-date\">12. aug 2023<\/span>\n\n\t\t\t\t\t\t\t\t\t\t\t\t\t\t\t\t\t<\/div>\n\t\t\t\t\t\t\t\t\t\t\t<\/div>\n\n\t\t\t\t<div class=\"teft-card__primary\">\n\t\t\t\t\t<h2 class=\"teft-card__title\">7 gode grunnar til \u00e5 stemme p\u00e5 H\u00f8gre i Vestnes&nbsp;<span class=\"teft-card__primary-title-append\"><\/span><\/h2>\t\t\t\t<\/div>\n\t\t\t<\/div>\n\t\t<\/a>\n\t<\/div>\n\n\t<\/div><div class=\"is-card-hoyre\">\n\t<div class=\"teft-card hoyre-teft-card post-teft-card\">\n\t\t<a href=\"https:\/\/hoyre.no\/vestnes\/aktuelt\/vi-stiller-til-val-for-vestnes-hogre\/\" class=\"teft-card__primary-action\">\n\n\t\t\t\t\t<div class=\"teft-card__media teft-card__media--16-9\">\n\t\t\t\t\t\t<img loading=\"lazy\" decoding=\"async\" width=\"768\" height=\"512\" src=\"https:\/\/hoyre.no\/content\/uploads\/sites\/91\/2023\/08\/Kopi-av-Hoyre_gruppe_-1-768x512.jpg\" class=\"attachment-medium_large size-medium_large\" alt=\"Vi stiller til val for Vestnes H\u00f8gre\" srcset=\"https:\/\/hoyre.no\/content\/uploads\/sites\/91\/2023\/08\/Kopi-av-Hoyre_gruppe_-1-768x512.jpg 768w, https:\/\/hoyre.no\/content\/uploads\/sites\/91\/2023\/08\/Kopi-av-Hoyre_gruppe_-1-300x200.jpg 300w, https:\/\/hoyre.no\/content\/uploads\/sites\/91\/2023\/08\/Kopi-av-Hoyre_gruppe_-1-1024x683.jpg 1024w, https:\/\/hoyre.no\/content\/uploads\/sites\/91\/2023\/08\/Kopi-av-Hoyre_gruppe_-1-1536x1024.jpg 1536w, https:\/\/hoyre.no\/content\/uploads\/sites\/91\/2023\/08\/Kopi-av-Hoyre_gruppe_-1-2048x1365.jpg 2048w\" sizes=\"auto, (max-width: 768px) 100vw, 768px\" \/>\t\t<\/div>\n\t\t\n\t\t\t<div class=\"teft-card__content-wrapper\">\n\t\t\t\t<div class=\"teft-card__secondary\">\n\t\t\t\t\t\n\t\t\t\t\t\t\t\t<div class=\"teft-card__meta\">\n\t\t\t\t\t\t\t\t\t<span class=\"post-date\">12. aug 2023<\/span>\n\n\t\t\t\t\t\t\t\t\t\t\t\t\t\t\t\t\t<\/div>\n\t\t\t\t\t\t\t\t\t\t\t<\/div>\n\n\t\t\t\t<div class=\"teft-card__primary\">\n\t\t\t\t\t<h2 class=\"teft-card__title\">Vi stiller til val for Vestnes H\u00f8gre&nbsp;<span class=\"teft-card__primary-title-append\"><\/span><\/h2>\t\t\t\t<\/div>\n\t\t\t<\/div>\n\t\t<\/a>\n\t<\/div>\n\n\t<\/div><div class=\"is-card-hoyre\">\n\t<div class=\"teft-card hoyre-teft-card post-teft-card\">\n\t\t<a href=\"https:\/\/hoyre.no\/vestnes\/aktuelt\/alle-har-en-psykisk\/\" class=\"teft-card__primary-action\">\n\n\t\t\t\t\t<div class=\"teft-card__media teft-card__media--16-9\">\n\t\t\t\t\t\t<img loading=\"lazy\" decoding=\"async\" width=\"768\" height=\"768\" src=\"https:\/\/hoyre.no\/content\/uploads\/sites\/91\/2020\/11\/img-0729-768x768.jpg\" class=\"attachment-medium_large size-medium_large\" alt=\"\" srcset=\"https:\/\/hoyre.no\/content\/uploads\/sites\/91\/2020\/11\/img-0729-768x768.jpg 768w, https:\/\/hoyre.no\/content\/uploads\/sites\/91\/2020\/11\/img-0729-300x300.jpg 300w, https:\/\/hoyre.no\/content\/uploads\/sites\/91\/2020\/11\/img-0729-150x150.jpg 150w, https:\/\/hoyre.no\/content\/uploads\/sites\/91\/2020\/11\/img-0729.jpg 960w\" sizes=\"auto, (max-width: 768px) 100vw, 768px\" \/>\t\t<\/div>\n\t\t\n\t\t\t<div class=\"teft-card__content-wrapper\">\n\t\t\t\t<div class=\"teft-card__secondary\">\n\t\t\t\t\t\n\t\t\t\t\t\t\t\t<div class=\"teft-card__meta\">\n\t\t\t\t\t\t\t\t\t<span class=\"post-date\">25. jun 2017<\/span>\n\n\t\t\t\t\t\t\t\t\t\t\t\t\t\t\t\t\t<\/div>\n\t\t\t\t\t\t\t\t\t\t\t<\/div>\n\n\t\t\t\t<div class=\"teft-card__primary\">\n\t\t\t\t\t<h2 class=\"teft-card__title\">Alle har en psykisk helse&nbsp;<span class=\"teft-card__primary-title-append\"><\/span><\/h2>\t\t\t\t<\/div>\n\t\t\t<\/div>\n\t\t<\/a>\n\t<\/div>\n\n\t<\/div><\/div>\t<\/div>\n<\/div>\n","protected":false},"excerpt":{"rendered":"","protected":false},"author":0,"featured_media":0,"comment_status":"closed","ping_status":"closed","sticky":false,"template":"","format":"standard","meta":{"teft_cards_image_url":"https:\/\/hoyre.no\/content\/uploads\/sites\/91\/2020\/11\/vestnes_1.jpg","teft_cards_custom_pretitle":"","teft_cards_image_id":15,"teft_cards_image_focal_point_x":0,"teft_cards_image_focal_point_y":0,"teft_cards_title":"","teft_cards_excerpt":"","teft_show_chapters":false,"author_display_name":"Falk \u00d8veraas","footnotes":""},"category":[1],"post_tag":[],"hoyre-visibility":[],"article-type":[],"politician":[],"class_list":["post-16","post","type-post","status-publish","format-standard","hentry","category-ukategorisert"],"yoast_head":"<!-- This site is optimized with the Yoast SEO plugin v26.6 - https:\/\/yoast.com\/wordpress\/plugins\/seo\/ -->\n<title>Vestnes H\u00f8gre sitt program 2019-2023 - Vestnes H\u00f8gre<\/title>\n<meta name=\"robots\" content=\"index, follow, max-snippet:-1, max-image-preview:large, max-video-preview:-1\" \/>\n<link rel=\"canonical\" href=\"https:\/\/hoyre.no\/vestnes\/aktuelt\/vestnes_hogre_sitt_program_2019_2023\/\" \/>\n<meta property=\"og:locale\" content=\"nn_NO\" \/>\n<meta property=\"og:type\" content=\"article\" \/>\n<meta property=\"og:title\" content=\"Vestnes H\u00f8gre sitt program 2019-2023 - Vestnes H\u00f8gre\" \/>\n<meta property=\"og:url\" content=\"https:\/\/hoyre.no\/vestnes\/aktuelt\/vestnes_hogre_sitt_program_2019_2023\/\" \/>\n<meta property=\"og:site_name\" content=\"Vestnes H\u00f8gre\" \/>\n<meta property=\"article:published_time\" content=\"2019-07-06T20:00:00+00:00\" \/>\n<meta property=\"og:image\" content=\"https:\/\/hoyre.no\/content\/uploads\/sites\/91\/2020\/11\/img-0729.jpg\" \/>\n<meta name=\"twitter:card\" content=\"summary_large_image\" \/>\n<meta name=\"twitter:label1\" content=\"Est. reading time\" \/>\n\t<meta name=\"twitter:data1\" content=\"4 minutt\" \/>\n<script type=\"application\/ld+json\" class=\"yoast-schema-graph\">{\"@context\":\"https:\/\/schema.org\",\"@graph\":[{\"@type\":\"NewsArticle\",\"@id\":\"https:\/\/hoyre.no\/vestnes\/aktuelt\/vestnes_hogre_sitt_program_2019_2023\/\",\"url\":\"https:\/\/hoyre.no\/vestnes\/aktuelt\/vestnes_hogre_sitt_program_2019_2023\/\",\"name\":\"Vestnes H\u00f8gre sitt program 2019-2023 - Vestnes H\u00f8gre\",\"isPartOf\":{\"@id\":\"https:\/\/hoyre.no\/vestnes\/#website\"},\"datePublished\":\"2019-07-06T20:00:00+00:00\",\"author\":{\"@id\":\"\"},\"breadcrumb\":{\"@id\":\"https:\/\/hoyre.no\/vestnes\/aktuelt\/vestnes_hogre_sitt_program_2019_2023\/#breadcrumb\"},\"inLanguage\":\"nn-NO\",\"potentialAction\":[{\"@type\":\"ReadAction\",\"target\":[\"https:\/\/hoyre.no\/vestnes\/aktuelt\/vestnes_hogre_sitt_program_2019_2023\/\"]}]},{\"@type\":\"BreadcrumbList\",\"@id\":\"https:\/\/hoyre.no\/vestnes\/aktuelt\/vestnes_hogre_sitt_program_2019_2023\/#breadcrumb\",\"itemListElement\":[{\"@type\":\"ListItem\",\"position\":1,\"name\":\"Til hoyre.no\",\"item\":\"https:\/\/hoyre.no\"},{\"@type\":\"ListItem\",\"position\":2,\"name\":\"Hjem\",\"item\":\"https:\/\/hoyre.no\/vestnes\/\"},{\"@type\":\"ListItem\",\"position\":3,\"name\":\"Vestnes H\u00f8gre sitt program 2019-2023\"}]},{\"@type\":\"WebSite\",\"@id\":\"https:\/\/hoyre.no\/vestnes\/#website\",\"url\":\"https:\/\/hoyre.no\/vestnes\/\",\"name\":\"Vestnes H\u00f8gre\",\"description\":\"Bare enda et H\u00f8yres nettsteder-nettsted\",\"inLanguage\":\"nn-NO\"}]}<\/script>\n<!-- \/ Yoast SEO plugin. -->","yoast_head_json":{"title":"Vestnes H\u00f8gre sitt program 2019-2023 - Vestnes H\u00f8gre","robots":{"index":"index","follow":"follow","max-snippet":"max-snippet:-1","max-image-preview":"max-image-preview:large","max-video-preview":"max-video-preview:-1"},"canonical":"https:\/\/hoyre.no\/vestnes\/aktuelt\/vestnes_hogre_sitt_program_2019_2023\/","og_locale":"nn_NO","og_type":"article","og_title":"Vestnes H\u00f8gre sitt program 2019-2023 - Vestnes H\u00f8gre","og_url":"https:\/\/hoyre.no\/vestnes\/aktuelt\/vestnes_hogre_sitt_program_2019_2023\/","og_site_name":"Vestnes H\u00f8gre","article_published_time":"2019-07-06T20:00:00+00:00","og_image":[{"url":"https:\/\/hoyre.no\/content\/uploads\/sites\/91\/2020\/11\/img-0729.jpg","width":"","height":"","type":""}],"twitter_card":"summary_large_image","twitter_misc":{"Est. reading time":"4 minutt"},"schema":{"@context":"https:\/\/schema.org","@graph":[{"@type":"NewsArticle","@id":"https:\/\/hoyre.no\/vestnes\/aktuelt\/vestnes_hogre_sitt_program_2019_2023\/","url":"https:\/\/hoyre.no\/vestnes\/aktuelt\/vestnes_hogre_sitt_program_2019_2023\/","name":"Vestnes H\u00f8gre sitt program 2019-2023 - Vestnes H\u00f8gre","isPartOf":{"@id":"https:\/\/hoyre.no\/vestnes\/#website"},"datePublished":"2019-07-06T20:00:00+00:00","author":{"@id":""},"breadcrumb":{"@id":"https:\/\/hoyre.no\/vestnes\/aktuelt\/vestnes_hogre_sitt_program_2019_2023\/#breadcrumb"},"inLanguage":"nn-NO","potentialAction":[{"@type":"ReadAction","target":["https:\/\/hoyre.no\/vestnes\/aktuelt\/vestnes_hogre_sitt_program_2019_2023\/"]}]},{"@type":"BreadcrumbList","@id":"https:\/\/hoyre.no\/vestnes\/aktuelt\/vestnes_hogre_sitt_program_2019_2023\/#breadcrumb","itemListElement":[{"@type":"ListItem","position":1,"name":"Til hoyre.no","item":"https:\/\/hoyre.no"},{"@type":"ListItem","position":2,"name":"Hjem","item":"https:\/\/hoyre.no\/vestnes\/"},{"@type":"ListItem","position":3,"name":"Vestnes H\u00f8gre sitt program 2019-2023"}]},{"@type":"WebSite","@id":"https:\/\/hoyre.no\/vestnes\/#website","url":"https:\/\/hoyre.no\/vestnes\/","name":"Vestnes H\u00f8gre","description":"Bare enda et H\u00f8yres nettsteder-nettsted","inLanguage":"nn-NO"}]}},"distributor_meta":false,"distributor_terms":false,"distributor_media":false,"distributor_original_site_name":"Vestnes H\u00f8gre","distributor_original_site_url":"https:\/\/hoyre.no\/vestnes","push-errors":false,"_links":{"self":[{"href":"https:\/\/hoyre.no\/vestnes\/wp-json\/wp\/v2\/posts\/16","targetHints":{"allow":["GET"]}}],"collection":[{"href":"https:\/\/hoyre.no\/vestnes\/wp-json\/wp\/v2\/posts"}],"about":[{"href":"https:\/\/hoyre.no\/vestnes\/wp-json\/wp\/v2\/types\/post"}],"replies":[{"embeddable":true,"href":"https:\/\/hoyre.no\/vestnes\/wp-json\/wp\/v2\/comments?post=16"}],"version-history":[{"count":0,"href":"https:\/\/hoyre.no\/vestnes\/wp-json\/wp\/v2\/posts\/16\/revisions"}],"wp:attachment":[{"href":"https:\/\/hoyre.no\/vestnes\/wp-json\/wp\/v2\/media?parent=16"}],"wp:term":[{"taxonomy":"category","embeddable":true,"href":"https:\/\/hoyre.no\/vestnes\/wp-json\/wp\/v2\/category?post=16"},{"taxonomy":"post_tag","embeddable":true,"href":"https:\/\/hoyre.no\/vestnes\/wp-json\/wp\/v2\/post_tag?post=16"},{"taxonomy":"hoyre-visibility","embeddable":true,"href":"https:\/\/hoyre.no\/vestnes\/wp-json\/wp\/v2\/hoyre-visibility?post=16"},{"taxonomy":"article-type","embeddable":true,"href":"https:\/\/hoyre.no\/vestnes\/wp-json\/wp\/v2\/article-type?post=16"},{"taxonomy":"politician","embeddable":true,"href":"https:\/\/hoyre.no\/vestnes\/wp-json\/wp\/v2\/politician?post=16"}],"curies":[{"name":"wp","href":"https:\/\/api.w.org\/{rel}","templated":true}]}}