{"id":40,"date":"2023-08-12T13:16:23","date_gmt":"2023-08-12T11:16:23","guid":{"rendered":"https:\/\/hoyre.no\/vestnes\/?p=40"},"modified":"2023-08-12T13:17:16","modified_gmt":"2023-08-12T11:17:16","slug":"vi-stiller-til-val-for-vestnes-hogre","status":"publish","type":"post","link":"https:\/\/hoyre.no\/vestnes\/aktuelt\/vi-stiller-til-val-for-vestnes-hogre\/","title":{"rendered":"Vi stiller til val for Vestnes H\u00f8gre"},"content":{"rendered":"\n<p class=\"preamble\">Bli kjent med v\u00e5re listekandidatar<\/p>\t\t\t<div class=\"post-meta wp-block teft-byline-wrapper\">\n\t\t\t\t<div class=\"top\">\n\t\t\t\t\t<div class=\"signature\">\n\t\t\t\t\t\t<div class=\"teft-byline\">\n\t\t\t\t\t\t\t\t\t\t\t\t\t\t<div>\n\t\t\t\t\t\t\t\t<h3>H\u00f8yres redaksjon<\/h3>\t\t\t\t\t\t\t\t\n\t\t\t\t\t\t\t\t\t\t\t\t\t\t\t\t\t<span class=\"date\">Sist oppdatert: 12. august 2023<\/span>\n\t\t\t\t\t\t\t\t\t\t\t\t\t\t\t\t\t\t\t\t\t\t\t\t\t<span class=\"reading-time\" itemprop=\"timeRequired\" content=\"PT3M\"><em>Ca. 3 minutter lesetid<\/em><\/span>\n\t\t\t\t\t\t\t\t\t\t\t\t\t\t\t<\/div>\n\t\t\t\t\t\t<\/div>\n\t\t\t\t\t<\/div>\n\t\t\t\t\t\t<div class=\"sharing\">\n\t\t<a class=\"share-button share-link copy-link\" data-copy=\"https:\/\/hoyre.no\/vestnes\/aktuelt\/vi-stiller-til-val-for-vestnes-hogre\/\" target=\"_blank\"><span class=\"screen-reader-text\">Del link<\/span><\/a>\n\t\t<a class=\"share-button share-twitter\" href=\"http:\/\/twitter.com\/share?text=Vi stiller til val for Vestnes H\u00f8gre&#038;url=https:\/\/hoyre.no\/vestnes\/aktuelt\/vi-stiller-til-val-for-vestnes-hogre\/&#038;hashtags=Hoyre\" target=\"_blank\"><span class=\"screen-reader-text\">Del p\u00e5 twitter<\/span><\/a>\n\t\t<a class=\"share-button share-facebook\" href=\"https:\/\/www.facebook.com\/sharer\/sharer.php?u=https:\/\/hoyre.no\/vestnes\/aktuelt\/vi-stiller-til-val-for-vestnes-hogre\/\" target=\"_blank\"><span class=\"screen-reader-text\">Del p\u00e5 facebook<\/span><\/a>\n\t<\/div>\n\t\t\t\t\t<\/div>\n\t\t\t<\/div>\n\n\t\t\t<figure class=\"hoyre-image-wrapper\"><div class=\"hoyre-image\"><img loading=\"lazy\" decoding=\"async\" width=\"2500\" height=\"1667\" src=\"https:\/\/hoyre.no\/content\/uploads\/sites\/91\/2023\/08\/Kopi-av-Hoyre_gruppe_-1-scaled.jpg\" class=\"attachment-scaled size-scaled\" alt=\"Vi stiller til val for Vestnes H\u00f8gre\" style=\"object-position: 50% 50%\" srcset=\"https:\/\/hoyre.no\/content\/uploads\/sites\/91\/2023\/08\/Kopi-av-Hoyre_gruppe_-1-scaled.jpg 2500w, https:\/\/hoyre.no\/content\/uploads\/sites\/91\/2023\/08\/Kopi-av-Hoyre_gruppe_-1-300x200.jpg 300w, https:\/\/hoyre.no\/content\/uploads\/sites\/91\/2023\/08\/Kopi-av-Hoyre_gruppe_-1-1024x683.jpg 1024w, https:\/\/hoyre.no\/content\/uploads\/sites\/91\/2023\/08\/Kopi-av-Hoyre_gruppe_-1-768x512.jpg 768w, https:\/\/hoyre.no\/content\/uploads\/sites\/91\/2023\/08\/Kopi-av-Hoyre_gruppe_-1-1536x1024.jpg 1536w, https:\/\/hoyre.no\/content\/uploads\/sites\/91\/2023\/08\/Kopi-av-Hoyre_gruppe_-1-2048x1365.jpg 2048w\" sizes=\"auto, (max-width: 2500px) 100vw, 2500px\" \/><\/div><figcaption class=\"caption\">Test 2<\/figcaption><\/figure>\n\n\n\t<div class=\"wp-block-teft-cards alignwide teft-cards-grid default-size-3\">\n\t\t\t<\/div>\n\t\n\n\n<p><strong>Vi stiller til val for H\u00f8gre i Vestnes i 2023<\/strong><\/p>\n\n\n\n<p><strong>Nr&nbsp; &nbsp; <\/strong><strong><\/strong><strong>Namn &nbsp; &nbsp; &nbsp; &nbsp; &nbsp; &nbsp; &nbsp; &nbsp; &nbsp; &nbsp; &nbsp; &nbsp; &nbsp; &nbsp; &nbsp; &nbsp; <\/strong><strong><\/strong><strong>&nbsp; &nbsp; &nbsp; &nbsp; <\/strong><strong><\/strong><strong>F\u00f8dsels\u00e5r&nbsp; <\/strong><strong><\/strong><strong>Adresse<\/strong><\/p>\n\n\n\n<p><strong>1&nbsp; &nbsp; &nbsp; <\/strong><strong><\/strong><strong>Randi Bergundhaugen&nbsp; &nbsp; <\/strong><strong><\/strong><strong>&nbsp; &nbsp; &nbsp; &nbsp; <\/strong><strong><\/strong><strong>1964 &nbsp; &nbsp; &nbsp; &nbsp; &nbsp; <\/strong><strong><\/strong><strong>Vestnes<\/strong><\/p>\n\n\n\n<p><strong>2&nbsp; &nbsp; &nbsp; <\/strong><strong><\/strong><strong>Jon K\u00e5re Osdal&nbsp; &nbsp; &nbsp; &nbsp; &nbsp; &nbsp; &nbsp; &nbsp; <\/strong><strong><\/strong><strong>&nbsp; &nbsp; &nbsp; &nbsp; <\/strong><strong><\/strong><strong>1974 &nbsp; &nbsp; &nbsp; &nbsp; &nbsp; <\/strong><strong><\/strong><strong>Vestnes<\/strong><\/p>\n\n\n\n<p><strong>3&nbsp; &nbsp; &nbsp; <\/strong><strong><\/strong><strong>Hallvard Tenn\u00f8y&nbsp; &nbsp; &nbsp; &nbsp; &nbsp; &nbsp; &nbsp; <\/strong><strong><\/strong><strong>&nbsp; &nbsp; &nbsp; &nbsp; <\/strong><strong><\/strong><strong>1961 &nbsp; &nbsp; &nbsp; &nbsp; &nbsp; <\/strong><strong><\/strong><strong>Rekdal<\/strong><\/p>\n\n\n\n<p><strong>4&nbsp; &nbsp; &nbsp; <\/strong><strong><\/strong><strong>Vibeke iren Sand\u00f8y &nbsp; &nbsp; &nbsp; &nbsp; <\/strong><strong><\/strong><strong>&nbsp; &nbsp; &nbsp; &nbsp; <\/strong><strong><\/strong><strong>1971 &nbsp; &nbsp; &nbsp; &nbsp; &nbsp; <\/strong><strong><\/strong><strong>Tresfjord<\/strong><\/p>\n\n\n\n<p><strong>5&nbsp; &nbsp; &nbsp; <\/strong><strong><\/strong><strong>Arve \u00d8ver\u00e5s&nbsp; &nbsp; &nbsp; &nbsp; &nbsp; &nbsp; &nbsp; &nbsp; &nbsp; &nbsp; &nbsp; <\/strong><strong><\/strong><strong>&nbsp; &nbsp; &nbsp; &nbsp; <\/strong><strong><\/strong><strong>1967 &nbsp; &nbsp; &nbsp; &nbsp; &nbsp; <\/strong><strong><\/strong><strong>Ner\u00e5s<\/strong><\/p>\n\n\n\n<p><strong>6&nbsp; &nbsp; &nbsp; <\/strong><strong><\/strong><strong>Kenn Andr\u00e9 S\u00e6ter\u00f8y &nbsp; &nbsp; &nbsp; &nbsp; &nbsp; &nbsp; &nbsp; &nbsp; &nbsp; <\/strong><strong><\/strong><strong>1981 &nbsp; &nbsp; &nbsp; &nbsp; &nbsp; <\/strong><strong><\/strong><strong>Vestnes<\/strong><\/p>\n\n\n\n<p><strong>7&nbsp; &nbsp; &nbsp; <\/strong><strong><\/strong><strong>Emmanuel Senga&nbsp; &nbsp; &nbsp; &nbsp; &nbsp; &nbsp; <\/strong><strong><\/strong><strong>&nbsp; &nbsp; &nbsp; &nbsp; <\/strong><strong><\/strong><strong>1995 &nbsp; &nbsp; &nbsp; &nbsp; &nbsp; <\/strong><strong><\/strong><strong>Tomrefjord<\/strong><\/p>\n\n\n\n<p><strong>8&nbsp; &nbsp; &nbsp; <\/strong><strong><\/strong><strong>Arne Johnny Birkelund &nbsp; <\/strong><strong><\/strong><strong>&nbsp; &nbsp; &nbsp; &nbsp; <\/strong><strong><\/strong><strong>1970 &nbsp; &nbsp; &nbsp; &nbsp; &nbsp; <\/strong><strong><\/strong><strong>Tomrefjord<\/strong><\/p>\n\n\n\n<p><strong>9&nbsp; &nbsp; &nbsp; <\/strong><strong><\/strong><strong>Tor Magnus Skorgenes&nbsp; <\/strong><strong><\/strong><strong>&nbsp; &nbsp; &nbsp; &nbsp; <\/strong><strong><\/strong><strong>1997 &nbsp; &nbsp; &nbsp; &nbsp; &nbsp; <\/strong><strong><\/strong><strong>Tomrefjord<\/strong><\/p>\n\n\n\n<p><strong>10 &nbsp; <\/strong><strong><\/strong><strong>Hilde Anita Furland Frostad &nbsp; &nbsp; &nbsp; <\/strong><strong><\/strong><strong>1974 &nbsp; &nbsp; &nbsp; &nbsp; &nbsp; <\/strong><strong><\/strong><strong>Vestnes<\/strong><\/p>\n\n\n\n<p><strong>11 &nbsp; <\/strong><strong><\/strong><strong>Ole Kjetil Hole&nbsp; &nbsp; &nbsp; &nbsp; &nbsp; &nbsp; &nbsp; &nbsp; &nbsp; &nbsp; &nbsp; &nbsp; &nbsp; &nbsp; &nbsp; <\/strong><strong><\/strong><strong>1994 &nbsp; &nbsp; &nbsp; &nbsp; &nbsp; <\/strong><strong><\/strong><strong>Vestnes<\/strong><\/p>\n\n\n\n<p><strong>12 &nbsp; <\/strong><strong><\/strong><strong>J\u00f8rn Salthammer&nbsp; &nbsp; &nbsp; &nbsp; &nbsp; &nbsp; <\/strong><strong><\/strong><strong>&nbsp; &nbsp; &nbsp; &nbsp; <\/strong><strong><\/strong><strong>1977 &nbsp; &nbsp; &nbsp; &nbsp; &nbsp; <\/strong><strong><\/strong><strong>Vestnes<\/strong><\/p>\n\n\n\n<p><strong>13 &nbsp; <\/strong><strong><\/strong><strong>Roy Gravdehaug&nbsp; &nbsp; &nbsp; &nbsp; &nbsp; &nbsp; &nbsp; <\/strong><strong><\/strong><strong>&nbsp; &nbsp; &nbsp; &nbsp; <\/strong><strong><\/strong><strong>1964 &nbsp; &nbsp; &nbsp; &nbsp; &nbsp; <\/strong><strong><\/strong><strong>Vestnes<\/strong><\/p>\n\n\n\n<p><strong>14 &nbsp; <\/strong><strong><\/strong><strong>Gordon Frostad&nbsp; &nbsp; &nbsp; &nbsp; &nbsp; &nbsp; &nbsp; &nbsp; <\/strong><strong><\/strong><strong>&nbsp; &nbsp; &nbsp; &nbsp; <\/strong><strong><\/strong><strong>1974 &nbsp; &nbsp; &nbsp; &nbsp; &nbsp; <\/strong><strong><\/strong><strong>Tomrefjord<\/strong><\/p>\n\n\n\n<p><strong>15 &nbsp; <\/strong><strong><\/strong><strong>David Reistad &nbsp; &nbsp; &nbsp; &nbsp; &nbsp; &nbsp; &nbsp; &nbsp; &nbsp; &nbsp; &nbsp; &nbsp; &nbsp; &nbsp; &nbsp; <\/strong><strong><\/strong><strong>1951 &nbsp; &nbsp; &nbsp; &nbsp; &nbsp; <\/strong><strong><\/strong><strong>V\u00e5gstranda<\/strong><\/p>\n\n\n\n<p><strong>16 &nbsp; <\/strong><strong><\/strong><strong>Ingvar Eidsvik &nbsp; &nbsp; &nbsp; &nbsp; &nbsp; &nbsp; &nbsp; &nbsp; &nbsp; &nbsp; &nbsp; &nbsp; &nbsp; &nbsp; &nbsp; <\/strong><strong><\/strong><strong>1960 &nbsp; &nbsp; &nbsp; &nbsp; &nbsp; <\/strong><strong><\/strong><strong>Vestnes<\/strong><\/p>\n\n\n\n<p><strong>17 &nbsp; <\/strong><strong><\/strong><strong>Linn Jeanette Domaas &nbsp; <\/strong><strong><\/strong><strong>&nbsp; &nbsp; &nbsp; &nbsp; <\/strong><strong><\/strong><strong>1984 &nbsp; &nbsp; &nbsp; &nbsp; &nbsp; <\/strong><strong><\/strong><strong>Vikebukt<\/strong><\/p>\n\n\n\n<p><strong>18 &nbsp; <\/strong><strong><\/strong><strong>Thea Rypdal Jacobsen &nbsp; <\/strong><strong><\/strong><strong>&nbsp; &nbsp; &nbsp; &nbsp; <\/strong><strong><\/strong><strong>1987 &nbsp; &nbsp; &nbsp; &nbsp; &nbsp; <\/strong><strong><\/strong><strong>Vestnes<\/strong><\/p>\n\n\n\n<p><strong>19 &nbsp; <\/strong><strong><\/strong><strong>Jan Rune Jacobsen&nbsp; &nbsp; &nbsp; &nbsp; <\/strong><strong><\/strong><strong>&nbsp; &nbsp; &nbsp; &nbsp; <\/strong><strong><\/strong><strong>1958 &nbsp; &nbsp; &nbsp; &nbsp; &nbsp; <\/strong><strong><\/strong><strong>Vestnes<\/strong><\/p>\n\n\n\n\n<p><\/p>\n\n\n<div class=\"tags\">\n\t<\/div>\n<div class=\"post-footer alignfull has-background block-editor-block-list__block\" data-align=full>\n\t<div class=\"post-footer-inner\">\n\t\t<h3>Relaterte artikler<\/h3>\n\t\t<div class=\"related-content\"><div class=\"is-card-hoyre\">\n\t<div class=\"teft-card hoyre-teft-card post-teft-card\">\n\t\t<a href=\"https:\/\/hoyre.no\/vestnes\/aktuelt\/7-gode-grunnar-til-a-stemme-pa-hogre-i-vestnes\/\" class=\"teft-card__primary-action\">\n\n\t\t\t<div class=\"teft-card__media teft-card__media--16-9 no-image\"><\/div>\n\t\t\t<div class=\"teft-card__content-wrapper\">\n\t\t\t\t<div class=\"teft-card__secondary\">\n\t\t\t\t\t\n\t\t\t\t\t\t\t\t<div class=\"teft-card__meta\">\n\t\t\t\t\t\t\t\t\t<span class=\"post-date\">12. aug 2023<\/span>\n\n\t\t\t\t\t\t\t\t\t\t\t\t\t\t\t\t\t<\/div>\n\t\t\t\t\t\t\t\t\t\t\t<\/div>\n\n\t\t\t\t<div class=\"teft-card__primary\">\n\t\t\t\t\t<h2 class=\"teft-card__title\">7 gode grunnar til \u00e5 stemme p\u00e5 H\u00f8gre i Vestnes&nbsp;<span class=\"teft-card__primary-title-append\"><\/span><\/h2>\t\t\t\t<\/div>\n\t\t\t<\/div>\n\t\t<\/a>\n\t<\/div>\n\n\t<\/div><div class=\"is-card-hoyre\">\n\t<div class=\"teft-card hoyre-teft-card post-teft-card\">\n\t\t<a href=\"https:\/\/hoyre.no\/vestnes\/aktuelt\/vestnes_hogre_sitt_program_2019_2023\/\" class=\"teft-card__primary-action\">\n\n\t\t\t\t\t<div class=\"teft-card__media teft-card__media--16-9\">\n\t\t\t\t\t\t<img loading=\"lazy\" decoding=\"async\" width=\"768\" height=\"402\" src=\"https:\/\/hoyre.no\/content\/uploads\/sites\/91\/2020\/11\/vestnes_1-768x402.jpg\" class=\"attachment-medium_large size-medium_large\" alt=\"\" srcset=\"https:\/\/hoyre.no\/content\/uploads\/sites\/91\/2020\/11\/vestnes_1-768x402.jpg 768w, https:\/\/hoyre.no\/content\/uploads\/sites\/91\/2020\/11\/vestnes_1-300x157.jpg 300w, https:\/\/hoyre.no\/content\/uploads\/sites\/91\/2020\/11\/vestnes_1-1024x536.jpg 1024w, https:\/\/hoyre.no\/content\/uploads\/sites\/91\/2020\/11\/vestnes_1-1536x804.jpg 1536w, https:\/\/hoyre.no\/content\/uploads\/sites\/91\/2020\/11\/vestnes_1.jpg 2048w\" sizes=\"auto, (max-width: 768px) 100vw, 768px\" \/>\t\t<\/div>\n\t\t\n\t\t\t<div class=\"teft-card__content-wrapper\">\n\t\t\t\t<div class=\"teft-card__secondary\">\n\t\t\t\t\t\n\t\t\t\t\t\t\t\t<div class=\"teft-card__meta\">\n\t\t\t\t\t\t\t\t\t<span class=\"post-date\">6. jul 2019<\/span>\n\n\t\t\t\t\t\t\t\t\t\t\t\t\t\t\t\t\t<\/div>\n\t\t\t\t\t\t\t\t\t\t\t<\/div>\n\n\t\t\t\t<div class=\"teft-card__primary\">\n\t\t\t\t\t<h2 class=\"teft-card__title\">Vestnes H\u00f8gre sitt program 2019-2023&nbsp;<span class=\"teft-card__primary-title-append\"><\/span><\/h2>\t\t\t\t<\/div>\n\t\t\t<\/div>\n\t\t<\/a>\n\t<\/div>\n\n\t<\/div><div class=\"is-card-hoyre\">\n\t<div class=\"teft-card hoyre-teft-card post-teft-card\">\n\t\t<a href=\"https:\/\/hoyre.no\/vestnes\/aktuelt\/alle-har-en-psykisk\/\" class=\"teft-card__primary-action\">\n\n\t\t\t\t\t<div class=\"teft-card__media teft-card__media--16-9\">\n\t\t\t\t\t\t<img loading=\"lazy\" decoding=\"async\" width=\"768\" height=\"768\" src=\"https:\/\/hoyre.no\/content\/uploads\/sites\/91\/2020\/11\/img-0729-768x768.jpg\" class=\"attachment-medium_large size-medium_large\" alt=\"\" srcset=\"https:\/\/hoyre.no\/content\/uploads\/sites\/91\/2020\/11\/img-0729-768x768.jpg 768w, https:\/\/hoyre.no\/content\/uploads\/sites\/91\/2020\/11\/img-0729-300x300.jpg 300w, https:\/\/hoyre.no\/content\/uploads\/sites\/91\/2020\/11\/img-0729-150x150.jpg 150w, https:\/\/hoyre.no\/content\/uploads\/sites\/91\/2020\/11\/img-0729.jpg 960w\" sizes=\"auto, (max-width: 768px) 100vw, 768px\" \/>\t\t<\/div>\n\t\t\n\t\t\t<div class=\"teft-card__content-wrapper\">\n\t\t\t\t<div class=\"teft-card__secondary\">\n\t\t\t\t\t\n\t\t\t\t\t\t\t\t<div class=\"teft-card__meta\">\n\t\t\t\t\t\t\t\t\t<span class=\"post-date\">25. jun 2017<\/span>\n\n\t\t\t\t\t\t\t\t\t\t\t\t\t\t\t\t\t<\/div>\n\t\t\t\t\t\t\t\t\t\t\t<\/div>\n\n\t\t\t\t<div class=\"teft-card__primary\">\n\t\t\t\t\t<h2 class=\"teft-card__title\">Alle har en psykisk helse&nbsp;<span class=\"teft-card__primary-title-append\"><\/span><\/h2>\t\t\t\t<\/div>\n\t\t\t<\/div>\n\t\t<\/a>\n\t<\/div>\n\n\t<\/div><\/div>\t<\/div>\n<\/div>\n","protected":false},"excerpt":{"rendered":"<p>Vi stiller til val for H\u00f8gre i Vestnes i 2023 Nr&nbsp; &nbsp; Namn &nbsp; &nbsp; &nbsp; &nbsp; &nbsp; &nbsp; &nbsp; &nbsp; &nbsp; &nbsp; &nbsp; &nbsp; &nbsp; &nbsp; &nbsp; &nbsp; &nbsp; &nbsp; &nbsp; &nbsp; F\u00f8dsels\u00e5r&nbsp; Adresse 1&nbsp; &nbsp; &nbsp; Randi Bergundhaugen&nbsp; &nbsp; &nbsp; &nbsp; &nbsp; &nbsp; 1964 &nbsp; &nbsp; &nbsp; &nbsp; &nbsp; Vestnes 2&nbsp; &nbsp; &nbsp; [&hellip;]<\/p>\n","protected":false},"author":9051,"featured_media":0,"comment_status":"closed","ping_status":"closed","sticky":false,"template":"","format":"standard","meta":{"teft_cards_image_url":"","teft_cards_custom_pretitle":"","teft_cards_image_id":41,"teft_cards_image_focal_point_x":0.5,"teft_cards_image_focal_point_y":0.5,"teft_cards_title":"","teft_cards_excerpt":"","teft_show_chapters":false,"author_display_name":"","footnotes":""},"category":[1],"post_tag":[],"hoyre-visibility":[],"article-type":[],"politician":[],"class_list":["post-40","post","type-post","status-publish","format-standard","hentry","category-ukategorisert"],"yoast_head":"<!-- This site is optimized with the Yoast SEO plugin v26.6 - https:\/\/yoast.com\/wordpress\/plugins\/seo\/ -->\n<title>Vi stiller til val for Vestnes H\u00f8gre - Vestnes H\u00f8gre<\/title>\n<meta name=\"robots\" content=\"index, follow, max-snippet:-1, max-image-preview:large, max-video-preview:-1\" \/>\n<link rel=\"canonical\" href=\"https:\/\/hoyre.no\/vestnes\/aktuelt\/vi-stiller-til-val-for-vestnes-hogre\/\" \/>\n<meta property=\"og:locale\" content=\"nn_NO\" \/>\n<meta property=\"og:type\" content=\"article\" \/>\n<meta property=\"og:title\" content=\"Vi stiller til val for Vestnes H\u00f8gre - Vestnes H\u00f8gre\" \/>\n<meta property=\"og:description\" content=\"Vi stiller til val for H\u00f8gre i Vestnes i 2023 Nr&nbsp; &nbsp; Namn &nbsp; &nbsp; &nbsp; &nbsp; &nbsp; &nbsp; &nbsp; &nbsp; &nbsp; &nbsp; &nbsp; &nbsp; &nbsp; &nbsp; &nbsp; &nbsp; &nbsp; &nbsp; &nbsp; &nbsp; F\u00f8dsels\u00e5r&nbsp; Adresse 1&nbsp; &nbsp; &nbsp; Randi Bergundhaugen&nbsp; &nbsp; &nbsp; &nbsp; &nbsp; &nbsp; 1964 &nbsp; &nbsp; &nbsp; &nbsp; &nbsp; Vestnes 2&nbsp; &nbsp; &nbsp; [&hellip;]\" \/>\n<meta property=\"og:url\" content=\"https:\/\/hoyre.no\/vestnes\/aktuelt\/vi-stiller-til-val-for-vestnes-hogre\/\" \/>\n<meta property=\"og:site_name\" content=\"Vestnes H\u00f8gre\" \/>\n<meta property=\"article:published_time\" content=\"2023-08-12T11:16:23+00:00\" \/>\n<meta property=\"article:modified_time\" content=\"2023-08-12T11:17:16+00:00\" \/>\n<meta property=\"og:image\" content=\"https:\/\/hoyre.no\/content\/uploads\/sites\/91\/2020\/11\/img-0729.jpg\" \/>\n<meta name=\"author\" content=\"Hanne Moldver Salthammer\" \/>\n<meta name=\"twitter:card\" content=\"summary_large_image\" \/>\n<meta name=\"twitter:label1\" content=\"Written by\" \/>\n\t<meta name=\"twitter:data1\" content=\"Hanne Moldver Salthammer\" \/>\n\t<meta name=\"twitter:label2\" content=\"Est. reading time\" \/>\n\t<meta name=\"twitter:data2\" content=\"1 minutt\" \/>\n<script type=\"application\/ld+json\" class=\"yoast-schema-graph\">{\"@context\":\"https:\/\/schema.org\",\"@graph\":[{\"@type\":\"NewsArticle\",\"@id\":\"https:\/\/hoyre.no\/vestnes\/aktuelt\/vi-stiller-til-val-for-vestnes-hogre\/\",\"url\":\"https:\/\/hoyre.no\/vestnes\/aktuelt\/vi-stiller-til-val-for-vestnes-hogre\/\",\"name\":\"Vi stiller til val for Vestnes H\u00f8gre - Vestnes H\u00f8gre\",\"isPartOf\":{\"@id\":\"https:\/\/hoyre.no\/vestnes\/#website\"},\"datePublished\":\"2023-08-12T11:16:23+00:00\",\"dateModified\":\"2023-08-12T11:17:16+00:00\",\"author\":{\"@id\":\"https:\/\/hoyre.no\/vestnes\/#\/schema\/person\/e47eb56730f823258d3ba99479bbb632\"},\"breadcrumb\":{\"@id\":\"https:\/\/hoyre.no\/vestnes\/aktuelt\/vi-stiller-til-val-for-vestnes-hogre\/#breadcrumb\"},\"inLanguage\":\"nn-NO\",\"potentialAction\":[{\"@type\":\"ReadAction\",\"target\":[\"https:\/\/hoyre.no\/vestnes\/aktuelt\/vi-stiller-til-val-for-vestnes-hogre\/\"]}]},{\"@type\":\"BreadcrumbList\",\"@id\":\"https:\/\/hoyre.no\/vestnes\/aktuelt\/vi-stiller-til-val-for-vestnes-hogre\/#breadcrumb\",\"itemListElement\":[{\"@type\":\"ListItem\",\"position\":1,\"name\":\"Til hoyre.no\",\"item\":\"https:\/\/hoyre.no\"},{\"@type\":\"ListItem\",\"position\":2,\"name\":\"Hjem\",\"item\":\"https:\/\/hoyre.no\/vestnes\/\"},{\"@type\":\"ListItem\",\"position\":3,\"name\":\"Vi stiller til val for Vestnes H\u00f8gre\"}]},{\"@type\":\"WebSite\",\"@id\":\"https:\/\/hoyre.no\/vestnes\/#website\",\"url\":\"https:\/\/hoyre.no\/vestnes\/\",\"name\":\"Vestnes H\u00f8gre\",\"description\":\"Bare enda et H\u00f8yres nettsteder-nettsted\",\"inLanguage\":\"nn-NO\"},{\"@type\":\"Person\",\"@id\":\"https:\/\/hoyre.no\/vestnes\/#\/schema\/person\/e47eb56730f823258d3ba99479bbb632\",\"name\":\"Hanne Moldver Salthammer\",\"image\":{\"@type\":\"ImageObject\",\"inLanguage\":\"nn-NO\",\"@id\":\"https:\/\/hoyre.no\/vestnes\/#\/schema\/person\/image\/\",\"url\":\"https:\/\/secure.gravatar.com\/avatar\/e30405046c5dc345627350b71a18b2a3342065ba8974af19a2096c0993be3b36?s=96&d=mm&r=g\",\"contentUrl\":\"https:\/\/secure.gravatar.com\/avatar\/e30405046c5dc345627350b71a18b2a3342065ba8974af19a2096c0993be3b36?s=96&d=mm&r=g\",\"caption\":\"Hanne Moldver Salthammer\"},\"url\":\"https:\/\/hoyre.no\/vestnes\/aktuelt\/author\/m50504513\/\"}]}<\/script>\n<!-- \/ Yoast SEO plugin. -->","yoast_head_json":{"title":"Vi stiller til val for Vestnes H\u00f8gre - Vestnes H\u00f8gre","robots":{"index":"index","follow":"follow","max-snippet":"max-snippet:-1","max-image-preview":"max-image-preview:large","max-video-preview":"max-video-preview:-1"},"canonical":"https:\/\/hoyre.no\/vestnes\/aktuelt\/vi-stiller-til-val-for-vestnes-hogre\/","og_locale":"nn_NO","og_type":"article","og_title":"Vi stiller til val for Vestnes H\u00f8gre - Vestnes H\u00f8gre","og_description":"Vi stiller til val for H\u00f8gre i Vestnes i 2023 Nr&nbsp; &nbsp; Namn &nbsp; &nbsp; &nbsp; &nbsp; &nbsp; &nbsp; &nbsp; &nbsp; &nbsp; &nbsp; &nbsp; &nbsp; &nbsp; &nbsp; &nbsp; &nbsp; &nbsp; &nbsp; &nbsp; &nbsp; F\u00f8dsels\u00e5r&nbsp; Adresse 1&nbsp; &nbsp; &nbsp; Randi Bergundhaugen&nbsp; &nbsp; &nbsp; &nbsp; &nbsp; &nbsp; 1964 &nbsp; &nbsp; &nbsp; &nbsp; &nbsp; Vestnes 2&nbsp; &nbsp; &nbsp; [&hellip;]","og_url":"https:\/\/hoyre.no\/vestnes\/aktuelt\/vi-stiller-til-val-for-vestnes-hogre\/","og_site_name":"Vestnes H\u00f8gre","article_published_time":"2023-08-12T11:16:23+00:00","article_modified_time":"2023-08-12T11:17:16+00:00","og_image":[{"url":"https:\/\/hoyre.no\/content\/uploads\/sites\/91\/2020\/11\/img-0729.jpg","width":"","height":"","type":""}],"author":"Hanne Moldver Salthammer","twitter_card":"summary_large_image","twitter_misc":{"Written by":"Hanne Moldver Salthammer","Est. reading time":"1 minutt"},"schema":{"@context":"https:\/\/schema.org","@graph":[{"@type":"NewsArticle","@id":"https:\/\/hoyre.no\/vestnes\/aktuelt\/vi-stiller-til-val-for-vestnes-hogre\/","url":"https:\/\/hoyre.no\/vestnes\/aktuelt\/vi-stiller-til-val-for-vestnes-hogre\/","name":"Vi stiller til val for Vestnes H\u00f8gre - Vestnes H\u00f8gre","isPartOf":{"@id":"https:\/\/hoyre.no\/vestnes\/#website"},"datePublished":"2023-08-12T11:16:23+00:00","dateModified":"2023-08-12T11:17:16+00:00","author":{"@id":"https:\/\/hoyre.no\/vestnes\/#\/schema\/person\/e47eb56730f823258d3ba99479bbb632"},"breadcrumb":{"@id":"https:\/\/hoyre.no\/vestnes\/aktuelt\/vi-stiller-til-val-for-vestnes-hogre\/#breadcrumb"},"inLanguage":"nn-NO","potentialAction":[{"@type":"ReadAction","target":["https:\/\/hoyre.no\/vestnes\/aktuelt\/vi-stiller-til-val-for-vestnes-hogre\/"]}]},{"@type":"BreadcrumbList","@id":"https:\/\/hoyre.no\/vestnes\/aktuelt\/vi-stiller-til-val-for-vestnes-hogre\/#breadcrumb","itemListElement":[{"@type":"ListItem","position":1,"name":"Til hoyre.no","item":"https:\/\/hoyre.no"},{"@type":"ListItem","position":2,"name":"Hjem","item":"https:\/\/hoyre.no\/vestnes\/"},{"@type":"ListItem","position":3,"name":"Vi stiller til val for Vestnes H\u00f8gre"}]},{"@type":"WebSite","@id":"https:\/\/hoyre.no\/vestnes\/#website","url":"https:\/\/hoyre.no\/vestnes\/","name":"Vestnes H\u00f8gre","description":"Bare enda et H\u00f8yres nettsteder-nettsted","inLanguage":"nn-NO"},{"@type":"Person","@id":"https:\/\/hoyre.no\/vestnes\/#\/schema\/person\/e47eb56730f823258d3ba99479bbb632","name":"Hanne Moldver Salthammer","image":{"@type":"ImageObject","inLanguage":"nn-NO","@id":"https:\/\/hoyre.no\/vestnes\/#\/schema\/person\/image\/","url":"https:\/\/secure.gravatar.com\/avatar\/e30405046c5dc345627350b71a18b2a3342065ba8974af19a2096c0993be3b36?s=96&d=mm&r=g","contentUrl":"https:\/\/secure.gravatar.com\/avatar\/e30405046c5dc345627350b71a18b2a3342065ba8974af19a2096c0993be3b36?s=96&d=mm&r=g","caption":"Hanne Moldver Salthammer"},"url":"https:\/\/hoyre.no\/vestnes\/aktuelt\/author\/m50504513\/"}]}},"distributor_meta":false,"distributor_terms":false,"distributor_media":false,"distributor_original_site_name":"Vestnes H\u00f8gre","distributor_original_site_url":"https:\/\/hoyre.no\/vestnes","push-errors":false,"_links":{"self":[{"href":"https:\/\/hoyre.no\/vestnes\/wp-json\/wp\/v2\/posts\/40","targetHints":{"allow":["GET"]}}],"collection":[{"href":"https:\/\/hoyre.no\/vestnes\/wp-json\/wp\/v2\/posts"}],"about":[{"href":"https:\/\/hoyre.no\/vestnes\/wp-json\/wp\/v2\/types\/post"}],"author":[{"embeddable":true,"href":"https:\/\/hoyre.no\/vestnes\/wp-json\/wp\/v2\/users\/9051"}],"replies":[{"embeddable":true,"href":"https:\/\/hoyre.no\/vestnes\/wp-json\/wp\/v2\/comments?post=40"}],"version-history":[{"count":2,"href":"https:\/\/hoyre.no\/vestnes\/wp-json\/wp\/v2\/posts\/40\/revisions"}],"predecessor-version":[{"id":43,"href":"https:\/\/hoyre.no\/vestnes\/wp-json\/wp\/v2\/posts\/40\/revisions\/43"}],"wp:attachment":[{"href":"https:\/\/hoyre.no\/vestnes\/wp-json\/wp\/v2\/media?parent=40"}],"wp:term":[{"taxonomy":"category","embeddable":true,"href":"https:\/\/hoyre.no\/vestnes\/wp-json\/wp\/v2\/category?post=40"},{"taxonomy":"post_tag","embeddable":true,"href":"https:\/\/hoyre.no\/vestnes\/wp-json\/wp\/v2\/post_tag?post=40"},{"taxonomy":"hoyre-visibility","embeddable":true,"href":"https:\/\/hoyre.no\/vestnes\/wp-json\/wp\/v2\/hoyre-visibility?post=40"},{"taxonomy":"article-type","embeddable":true,"href":"https:\/\/hoyre.no\/vestnes\/wp-json\/wp\/v2\/article-type?post=40"},{"taxonomy":"politician","embeddable":true,"href":"https:\/\/hoyre.no\/vestnes\/wp-json\/wp\/v2\/politician?post=40"}],"curies":[{"name":"wp","href":"https:\/\/api.w.org\/{rel}","templated":true}]}}