{"id":45,"date":"2023-08-12T13:28:00","date_gmt":"2023-08-12T11:28:00","guid":{"rendered":"https:\/\/hoyre.no\/vestnes\/?p=45"},"modified":"2023-08-12T13:28:00","modified_gmt":"2023-08-12T11:28:00","slug":"7-gode-grunnar-til-a-stemme-pa-hogre-i-vestnes","status":"publish","type":"post","link":"https:\/\/hoyre.no\/vestnes\/aktuelt\/7-gode-grunnar-til-a-stemme-pa-hogre-i-vestnes\/","title":{"rendered":"7 gode grunnar til \u00e5 stemme p\u00e5 H\u00f8gre i Vestnes"},"content":{"rendered":"\n\n\n<p><strong>7 gode grunnar til \u00e5 stemme p\u00e5 H\u00f8gre i Vestnes<\/strong><\/p>\n\n\n\n<figure class=\"wp-block-image size-large\"><img loading=\"lazy\" decoding=\"async\" width=\"1024\" height=\"404\" src=\"https:\/\/hoyre.no\/content\/uploads\/sites\/91\/2023\/08\/Skjermbilde-2023-05-01-kl.-19.38.12-1024x404.png\" alt=\"\" class=\"wp-image-51\" srcset=\"https:\/\/hoyre.no\/content\/uploads\/sites\/91\/2023\/08\/Skjermbilde-2023-05-01-kl.-19.38.12-1024x404.png 1024w, https:\/\/hoyre.no\/content\/uploads\/sites\/91\/2023\/08\/Skjermbilde-2023-05-01-kl.-19.38.12-300x118.png 300w, https:\/\/hoyre.no\/content\/uploads\/sites\/91\/2023\/08\/Skjermbilde-2023-05-01-kl.-19.38.12-768x303.png 768w, https:\/\/hoyre.no\/content\/uploads\/sites\/91\/2023\/08\/Skjermbilde-2023-05-01-kl.-19.38.12-1536x606.png 1536w, https:\/\/hoyre.no\/content\/uploads\/sites\/91\/2023\/08\/Skjermbilde-2023-05-01-kl.-19.38.12-2048x807.png 2048w\" sizes=\"auto, (max-width: 1024px) 100vw, 1024px\" \/><\/figure>\n\n\n\n<p><strong>1 &#8211; Ansvarlig \u00f8konomisk styring<\/strong><\/p>\n\n\n\n<p>Det er viktig \u00e5 ha balanse mellom inntekter og kostnader. Kommunen m\u00e5 jobbe for \u00e5 redusere sine kostnader, og vi vil fortsette \u00e5 utfordre drifta til kommunen. Kommunen skal ikkje legge un\u00f8dig b\u00f8r p\u00e5 skuldrane til innbyggarane og n\u00e6ringslivet.<\/p>\n\n\n\n<p><strong>2 &#8211; Moglegheiter for alle<\/strong><\/p>\n\n\n\n<p>Kva bakgrunn du har skal ikkje begrense dine moglegheiter og framtidsutsikter i Vestnes. Verdenssituasjonen l\u00e6rer oss ogs\u00e5 at vi m\u00e5 satse p\u00e5 integrering og inkludering. Vi \u00f8nsker at det skal leggast til rette for at s\u00e5 mange som mogleg skal kunne delta i arbeidslivet.<\/p>\n\n\n\n<p><strong>3 &#8211; Vestnes skal vere ein attraktiv kommune<\/strong><\/p>\n\n\n\n<p>Vestnes H\u00f8gre vil seie ja til nye gode idear og nye l\u00f8ysingar for korleis vi kan vere attraktive for b\u00e5de n\u00e6ringsliv og familier i etableringsfasen.<\/p>\n\n\n\n<p><strong>4 &#8211; Det skal v\u00e6re godt \u00e5 leve heile livet i Vestnes<\/strong><\/p>\n\n\n\n<p>Vi m\u00e5 tenke nytt og kreativt for \u00e5 sikre at vi klarer \u00e5 oppretthalde og forbetre tenestane som innbyggarane treng, i alle faser av livet. Vestnes H\u00f8gre vil ma. jobbe for \u00e5 etablere ein helsestasjon for heimebuande eldre og for \u00e5 gi eldre i Vestnes en trygg og verdig alderdom.<\/p>\n\n\n\n<p><strong>5 &#8211; Ein trygg og god skule med l\u00e6ring<\/strong><\/p>\n\n\n\n<p>Vestnes H\u00f8gre vil ha ein skule med kvalitet og kunnskap, der alle elevar har like moglegheiter og f\u00f8resetnader til \u00e5 lukkast. Vi m\u00e5 ha ein skule der innsatsen blir satt inn tidleg nok slik at fleire elevar kjenner l\u00e6ringsglede.<\/p>\n\n\n\n<p>Vi vil jobbe for \u00e5 f\u00e5 realisert ein ny, felles ungdomsskule i Vestnes og for at vi har gode og tenelege bygg i kultur- og oppvekstsektoren.<\/p>\n\n\n\n<p><strong>6 &#8211; Ei n\u00e6ringsvennleg kommune<\/strong><\/p>\n\n\n\n<p>Vi ynskjer \u00e5 spele p\u00e5 lag med jobbskaparane og k for eit levedyktig og blomstrande n\u00e6ringsliv i Vestnes.&nbsp; Vestnes H\u00f8gre vil videreutvikle Vestnes som ein attraktiv bu- og arbeidskommune.<\/p>\n\n\n\n<p><strong>7 &#8211; Vi heier p\u00e5 frivilligheta<\/strong><\/p>\n\n\n\n<p>Frivilligheita er ein av dei viktiigaste ressursane vi har i kommunen. Frivilligheita bidreg til samfunnsbygging og integrering og dei tilbyr tilbod og tenester for innbyggarane. Vi ynskjer \u00e5 st\u00f8tte og legge til rette for arbeidet frivilligheita gjer for innbyggjarane i Vestnes.<\/p>\n\n\n\n\n<p><\/p>\n\n\n<div class=\"tags\">\n\t<\/div>\n<div class=\"post-footer alignfull has-background block-editor-block-list__block\" data-align=full>\n\t<div class=\"post-footer-inner\">\n\t\t<h3>Relaterte artikler<\/h3>\n\t\t<div class=\"related-content\"><div class=\"is-card-hoyre\">\n\t<div class=\"teft-card hoyre-teft-card post-teft-card\">\n\t\t<a href=\"https:\/\/hoyre.no\/vestnes\/aktuelt\/vi-stiller-til-val-for-vestnes-hogre\/\" class=\"teft-card__primary-action\">\n\n\t\t\t\t\t<div class=\"teft-card__media teft-card__media--16-9\">\n\t\t\t\t\t\t<img loading=\"lazy\" decoding=\"async\" width=\"768\" height=\"512\" src=\"https:\/\/hoyre.no\/content\/uploads\/sites\/91\/2023\/08\/Kopi-av-Hoyre_gruppe_-1-768x512.jpg\" class=\"attachment-medium_large size-medium_large\" alt=\"Vi stiller til val for Vestnes H\u00f8gre\" srcset=\"https:\/\/hoyre.no\/content\/uploads\/sites\/91\/2023\/08\/Kopi-av-Hoyre_gruppe_-1-768x512.jpg 768w, https:\/\/hoyre.no\/content\/uploads\/sites\/91\/2023\/08\/Kopi-av-Hoyre_gruppe_-1-300x200.jpg 300w, https:\/\/hoyre.no\/content\/uploads\/sites\/91\/2023\/08\/Kopi-av-Hoyre_gruppe_-1-1024x683.jpg 1024w, https:\/\/hoyre.no\/content\/uploads\/sites\/91\/2023\/08\/Kopi-av-Hoyre_gruppe_-1-1536x1024.jpg 1536w, https:\/\/hoyre.no\/content\/uploads\/sites\/91\/2023\/08\/Kopi-av-Hoyre_gruppe_-1-2048x1365.jpg 2048w\" sizes=\"auto, (max-width: 768px) 100vw, 768px\" \/>\t\t<\/div>\n\t\t\n\t\t\t<div class=\"teft-card__content-wrapper\">\n\t\t\t\t<div class=\"teft-card__secondary\">\n\t\t\t\t\t\n\t\t\t\t\t\t\t\t<div class=\"teft-card__meta\">\n\t\t\t\t\t\t\t\t\t<span class=\"post-date\">12. aug 2023<\/span>\n\n\t\t\t\t\t\t\t\t\t\t\t\t\t\t\t\t\t<\/div>\n\t\t\t\t\t\t\t\t\t\t\t<\/div>\n\n\t\t\t\t<div class=\"teft-card__primary\">\n\t\t\t\t\t<h2 class=\"teft-card__title\">Vi stiller til val for Vestnes H\u00f8gre&nbsp;<span class=\"teft-card__primary-title-append\"><\/span><\/h2>\t\t\t\t<\/div>\n\t\t\t<\/div>\n\t\t<\/a>\n\t<\/div>\n\n\t<\/div><div class=\"is-card-hoyre\">\n\t<div class=\"teft-card hoyre-teft-card post-teft-card\">\n\t\t<a href=\"https:\/\/hoyre.no\/vestnes\/aktuelt\/vestnes_hogre_sitt_program_2019_2023\/\" class=\"teft-card__primary-action\">\n\n\t\t\t\t\t<div class=\"teft-card__media teft-card__media--16-9\">\n\t\t\t\t\t\t<img loading=\"lazy\" decoding=\"async\" width=\"768\" height=\"402\" src=\"https:\/\/hoyre.no\/content\/uploads\/sites\/91\/2020\/11\/vestnes_1-768x402.jpg\" class=\"attachment-medium_large size-medium_large\" alt=\"\" srcset=\"https:\/\/hoyre.no\/content\/uploads\/sites\/91\/2020\/11\/vestnes_1-768x402.jpg 768w, https:\/\/hoyre.no\/content\/uploads\/sites\/91\/2020\/11\/vestnes_1-300x157.jpg 300w, https:\/\/hoyre.no\/content\/uploads\/sites\/91\/2020\/11\/vestnes_1-1024x536.jpg 1024w, https:\/\/hoyre.no\/content\/uploads\/sites\/91\/2020\/11\/vestnes_1-1536x804.jpg 1536w, https:\/\/hoyre.no\/content\/uploads\/sites\/91\/2020\/11\/vestnes_1.jpg 2048w\" sizes=\"auto, (max-width: 768px) 100vw, 768px\" \/>\t\t<\/div>\n\t\t\n\t\t\t<div class=\"teft-card__content-wrapper\">\n\t\t\t\t<div class=\"teft-card__secondary\">\n\t\t\t\t\t\n\t\t\t\t\t\t\t\t<div class=\"teft-card__meta\">\n\t\t\t\t\t\t\t\t\t<span class=\"post-date\">6. jul 2019<\/span>\n\n\t\t\t\t\t\t\t\t\t\t\t\t\t\t\t\t\t<\/div>\n\t\t\t\t\t\t\t\t\t\t\t<\/div>\n\n\t\t\t\t<div class=\"teft-card__primary\">\n\t\t\t\t\t<h2 class=\"teft-card__title\">Vestnes H\u00f8gre sitt program 2019-2023&nbsp;<span class=\"teft-card__primary-title-append\"><\/span><\/h2>\t\t\t\t<\/div>\n\t\t\t<\/div>\n\t\t<\/a>\n\t<\/div>\n\n\t<\/div><div class=\"is-card-hoyre\">\n\t<div class=\"teft-card hoyre-teft-card post-teft-card\">\n\t\t<a href=\"https:\/\/hoyre.no\/vestnes\/aktuelt\/alle-har-en-psykisk\/\" class=\"teft-card__primary-action\">\n\n\t\t\t\t\t<div class=\"teft-card__media teft-card__media--16-9\">\n\t\t\t\t\t\t<img loading=\"lazy\" decoding=\"async\" width=\"768\" height=\"768\" src=\"https:\/\/hoyre.no\/content\/uploads\/sites\/91\/2020\/11\/img-0729-768x768.jpg\" class=\"attachment-medium_large size-medium_large\" alt=\"\" srcset=\"https:\/\/hoyre.no\/content\/uploads\/sites\/91\/2020\/11\/img-0729-768x768.jpg 768w, https:\/\/hoyre.no\/content\/uploads\/sites\/91\/2020\/11\/img-0729-300x300.jpg 300w, https:\/\/hoyre.no\/content\/uploads\/sites\/91\/2020\/11\/img-0729-150x150.jpg 150w, https:\/\/hoyre.no\/content\/uploads\/sites\/91\/2020\/11\/img-0729.jpg 960w\" sizes=\"auto, (max-width: 768px) 100vw, 768px\" \/>\t\t<\/div>\n\t\t\n\t\t\t<div class=\"teft-card__content-wrapper\">\n\t\t\t\t<div class=\"teft-card__secondary\">\n\t\t\t\t\t\n\t\t\t\t\t\t\t\t<div class=\"teft-card__meta\">\n\t\t\t\t\t\t\t\t\t<span class=\"post-date\">25. jun 2017<\/span>\n\n\t\t\t\t\t\t\t\t\t\t\t\t\t\t\t\t\t<\/div>\n\t\t\t\t\t\t\t\t\t\t\t<\/div>\n\n\t\t\t\t<div class=\"teft-card__primary\">\n\t\t\t\t\t<h2 class=\"teft-card__title\">Alle har en psykisk helse&nbsp;<span class=\"teft-card__primary-title-append\"><\/span><\/h2>\t\t\t\t<\/div>\n\t\t\t<\/div>\n\t\t<\/a>\n\t<\/div>\n\n\t<\/div><\/div>\t<\/div>\n<\/div>\n","protected":false},"excerpt":{"rendered":"<p>7 gode grunnar til \u00e5 stemme p\u00e5 H\u00f8gre i Vestnes 1 &#8211; Ansvarlig \u00f8konomisk styring Det er viktig \u00e5 ha balanse mellom inntekter og kostnader. Kommunen m\u00e5 jobbe for \u00e5 redusere sine kostnader, og vi vil fortsette \u00e5 utfordre drifta til kommunen. Kommunen skal ikkje legge un\u00f8dig b\u00f8r p\u00e5 skuldrane til innbyggarane og n\u00e6ringslivet. 2 [&hellip;]<\/p>\n","protected":false},"author":9051,"featured_media":0,"comment_status":"closed","ping_status":"closed","sticky":false,"template":"","format":"standard","meta":{"teft_cards_image_url":"","teft_cards_custom_pretitle":"","teft_cards_image_id":0,"teft_cards_image_focal_point_x":0,"teft_cards_image_focal_point_y":0,"teft_cards_title":"","teft_cards_excerpt":"","teft_show_chapters":false,"author_display_name":"","footnotes":""},"category":[1],"post_tag":[],"hoyre-visibility":[],"article-type":[],"politician":[],"class_list":["post-45","post","type-post","status-publish","format-standard","hentry","category-ukategorisert"],"yoast_head":"<!-- This site is optimized with the Yoast SEO plugin v26.6 - https:\/\/yoast.com\/wordpress\/plugins\/seo\/ -->\n<title>7 gode grunnar til \u00e5 stemme p\u00e5 H\u00f8gre i Vestnes - Vestnes H\u00f8gre<\/title>\n<meta name=\"robots\" content=\"index, follow, max-snippet:-1, max-image-preview:large, max-video-preview:-1\" \/>\n<link rel=\"canonical\" href=\"https:\/\/hoyre.no\/vestnes\/aktuelt\/7-gode-grunnar-til-a-stemme-pa-hogre-i-vestnes\/\" \/>\n<meta property=\"og:locale\" content=\"nn_NO\" \/>\n<meta property=\"og:type\" content=\"article\" \/>\n<meta property=\"og:title\" content=\"7 gode grunnar til \u00e5 stemme p\u00e5 H\u00f8gre i Vestnes - Vestnes H\u00f8gre\" \/>\n<meta property=\"og:description\" content=\"7 gode grunnar til \u00e5 stemme p\u00e5 H\u00f8gre i Vestnes 1 &#8211; Ansvarlig \u00f8konomisk styring Det er viktig \u00e5 ha balanse mellom inntekter og kostnader. Kommunen m\u00e5 jobbe for \u00e5 redusere sine kostnader, og vi vil fortsette \u00e5 utfordre drifta til kommunen. Kommunen skal ikkje legge un\u00f8dig b\u00f8r p\u00e5 skuldrane til innbyggarane og n\u00e6ringslivet. 2 [&hellip;]\" \/>\n<meta property=\"og:url\" content=\"https:\/\/hoyre.no\/vestnes\/aktuelt\/7-gode-grunnar-til-a-stemme-pa-hogre-i-vestnes\/\" \/>\n<meta property=\"og:site_name\" content=\"Vestnes H\u00f8gre\" \/>\n<meta property=\"article:published_time\" content=\"2023-08-12T11:28:00+00:00\" \/>\n<meta property=\"og:image\" content=\"https:\/\/hoyre.no\/content\/uploads\/sites\/91\/2020\/11\/img-0729.jpg\" \/>\n<meta name=\"author\" content=\"Hanne Moldver Salthammer\" \/>\n<meta name=\"twitter:card\" content=\"summary_large_image\" \/>\n<meta name=\"twitter:label1\" content=\"Written by\" \/>\n\t<meta name=\"twitter:data1\" content=\"Hanne Moldver Salthammer\" \/>\n\t<meta name=\"twitter:label2\" content=\"Est. reading time\" \/>\n\t<meta name=\"twitter:data2\" content=\"3 minutt\" \/>\n<script type=\"application\/ld+json\" class=\"yoast-schema-graph\">{\"@context\":\"https:\/\/schema.org\",\"@graph\":[{\"@type\":\"NewsArticle\",\"@id\":\"https:\/\/hoyre.no\/vestnes\/aktuelt\/7-gode-grunnar-til-a-stemme-pa-hogre-i-vestnes\/\",\"url\":\"https:\/\/hoyre.no\/vestnes\/aktuelt\/7-gode-grunnar-til-a-stemme-pa-hogre-i-vestnes\/\",\"name\":\"7 gode grunnar til \u00e5 stemme p\u00e5 H\u00f8gre i Vestnes - Vestnes H\u00f8gre\",\"isPartOf\":{\"@id\":\"https:\/\/hoyre.no\/vestnes\/#website\"},\"image\":{\"@id\":\"https:\/\/hoyre.no\/vestnes\/aktuelt\/7-gode-grunnar-til-a-stemme-pa-hogre-i-vestnes\/#primaryimage\"},\"thumbnailUrl\":\"https:\/\/hoyre.no\/content\/uploads\/sites\/91\/2023\/08\/Skjermbilde-2023-05-01-kl.-19.38.12-1024x404.png\",\"datePublished\":\"2023-08-12T11:28:00+00:00\",\"author\":{\"@id\":\"https:\/\/hoyre.no\/vestnes\/#\/schema\/person\/e47eb56730f823258d3ba99479bbb632\"},\"breadcrumb\":{\"@id\":\"https:\/\/hoyre.no\/vestnes\/aktuelt\/7-gode-grunnar-til-a-stemme-pa-hogre-i-vestnes\/#breadcrumb\"},\"inLanguage\":\"nn-NO\",\"potentialAction\":[{\"@type\":\"ReadAction\",\"target\":[\"https:\/\/hoyre.no\/vestnes\/aktuelt\/7-gode-grunnar-til-a-stemme-pa-hogre-i-vestnes\/\"]}]},{\"@type\":\"ImageObject\",\"inLanguage\":\"nn-NO\",\"@id\":\"https:\/\/hoyre.no\/vestnes\/aktuelt\/7-gode-grunnar-til-a-stemme-pa-hogre-i-vestnes\/#primaryimage\",\"url\":\"https:\/\/hoyre.no\/content\/uploads\/sites\/91\/2023\/08\/Skjermbilde-2023-05-01-kl.-19.38.12-1024x404.png\",\"contentUrl\":\"https:\/\/hoyre.no\/content\/uploads\/sites\/91\/2023\/08\/Skjermbilde-2023-05-01-kl.-19.38.12-1024x404.png\"},{\"@type\":\"BreadcrumbList\",\"@id\":\"https:\/\/hoyre.no\/vestnes\/aktuelt\/7-gode-grunnar-til-a-stemme-pa-hogre-i-vestnes\/#breadcrumb\",\"itemListElement\":[{\"@type\":\"ListItem\",\"position\":1,\"name\":\"Til hoyre.no\",\"item\":\"https:\/\/hoyre.no\"},{\"@type\":\"ListItem\",\"position\":2,\"name\":\"Hjem\",\"item\":\"https:\/\/hoyre.no\/vestnes\/\"},{\"@type\":\"ListItem\",\"position\":3,\"name\":\"7 gode grunnar til \u00e5 stemme p\u00e5 H\u00f8gre i Vestnes\"}]},{\"@type\":\"WebSite\",\"@id\":\"https:\/\/hoyre.no\/vestnes\/#website\",\"url\":\"https:\/\/hoyre.no\/vestnes\/\",\"name\":\"Vestnes H\u00f8gre\",\"description\":\"Bare enda et H\u00f8yres nettsteder-nettsted\",\"inLanguage\":\"nn-NO\"},{\"@type\":\"Person\",\"@id\":\"https:\/\/hoyre.no\/vestnes\/#\/schema\/person\/e47eb56730f823258d3ba99479bbb632\",\"name\":\"Hanne Moldver Salthammer\",\"image\":{\"@type\":\"ImageObject\",\"inLanguage\":\"nn-NO\",\"@id\":\"https:\/\/hoyre.no\/vestnes\/#\/schema\/person\/image\/\",\"url\":\"https:\/\/secure.gravatar.com\/avatar\/e30405046c5dc345627350b71a18b2a3342065ba8974af19a2096c0993be3b36?s=96&d=mm&r=g\",\"contentUrl\":\"https:\/\/secure.gravatar.com\/avatar\/e30405046c5dc345627350b71a18b2a3342065ba8974af19a2096c0993be3b36?s=96&d=mm&r=g\",\"caption\":\"Hanne Moldver Salthammer\"},\"url\":\"https:\/\/hoyre.no\/vestnes\/aktuelt\/author\/m50504513\/\"}]}<\/script>\n<!-- \/ Yoast SEO plugin. -->","yoast_head_json":{"title":"7 gode grunnar til \u00e5 stemme p\u00e5 H\u00f8gre i Vestnes - Vestnes H\u00f8gre","robots":{"index":"index","follow":"follow","max-snippet":"max-snippet:-1","max-image-preview":"max-image-preview:large","max-video-preview":"max-video-preview:-1"},"canonical":"https:\/\/hoyre.no\/vestnes\/aktuelt\/7-gode-grunnar-til-a-stemme-pa-hogre-i-vestnes\/","og_locale":"nn_NO","og_type":"article","og_title":"7 gode grunnar til \u00e5 stemme p\u00e5 H\u00f8gre i Vestnes - Vestnes H\u00f8gre","og_description":"7 gode grunnar til \u00e5 stemme p\u00e5 H\u00f8gre i Vestnes 1 &#8211; Ansvarlig \u00f8konomisk styring Det er viktig \u00e5 ha balanse mellom inntekter og kostnader. Kommunen m\u00e5 jobbe for \u00e5 redusere sine kostnader, og vi vil fortsette \u00e5 utfordre drifta til kommunen. Kommunen skal ikkje legge un\u00f8dig b\u00f8r p\u00e5 skuldrane til innbyggarane og n\u00e6ringslivet. 2 [&hellip;]","og_url":"https:\/\/hoyre.no\/vestnes\/aktuelt\/7-gode-grunnar-til-a-stemme-pa-hogre-i-vestnes\/","og_site_name":"Vestnes H\u00f8gre","article_published_time":"2023-08-12T11:28:00+00:00","og_image":[{"url":"https:\/\/hoyre.no\/content\/uploads\/sites\/91\/2020\/11\/img-0729.jpg","width":"","height":"","type":""}],"author":"Hanne Moldver Salthammer","twitter_card":"summary_large_image","twitter_misc":{"Written by":"Hanne Moldver Salthammer","Est. reading time":"3 minutt"},"schema":{"@context":"https:\/\/schema.org","@graph":[{"@type":"NewsArticle","@id":"https:\/\/hoyre.no\/vestnes\/aktuelt\/7-gode-grunnar-til-a-stemme-pa-hogre-i-vestnes\/","url":"https:\/\/hoyre.no\/vestnes\/aktuelt\/7-gode-grunnar-til-a-stemme-pa-hogre-i-vestnes\/","name":"7 gode grunnar til \u00e5 stemme p\u00e5 H\u00f8gre i Vestnes - Vestnes H\u00f8gre","isPartOf":{"@id":"https:\/\/hoyre.no\/vestnes\/#website"},"image":{"@id":"https:\/\/hoyre.no\/vestnes\/aktuelt\/7-gode-grunnar-til-a-stemme-pa-hogre-i-vestnes\/#primaryimage"},"thumbnailUrl":"https:\/\/hoyre.no\/content\/uploads\/sites\/91\/2023\/08\/Skjermbilde-2023-05-01-kl.-19.38.12-1024x404.png","datePublished":"2023-08-12T11:28:00+00:00","author":{"@id":"https:\/\/hoyre.no\/vestnes\/#\/schema\/person\/e47eb56730f823258d3ba99479bbb632"},"breadcrumb":{"@id":"https:\/\/hoyre.no\/vestnes\/aktuelt\/7-gode-grunnar-til-a-stemme-pa-hogre-i-vestnes\/#breadcrumb"},"inLanguage":"nn-NO","potentialAction":[{"@type":"ReadAction","target":["https:\/\/hoyre.no\/vestnes\/aktuelt\/7-gode-grunnar-til-a-stemme-pa-hogre-i-vestnes\/"]}]},{"@type":"ImageObject","inLanguage":"nn-NO","@id":"https:\/\/hoyre.no\/vestnes\/aktuelt\/7-gode-grunnar-til-a-stemme-pa-hogre-i-vestnes\/#primaryimage","url":"https:\/\/hoyre.no\/content\/uploads\/sites\/91\/2023\/08\/Skjermbilde-2023-05-01-kl.-19.38.12-1024x404.png","contentUrl":"https:\/\/hoyre.no\/content\/uploads\/sites\/91\/2023\/08\/Skjermbilde-2023-05-01-kl.-19.38.12-1024x404.png"},{"@type":"BreadcrumbList","@id":"https:\/\/hoyre.no\/vestnes\/aktuelt\/7-gode-grunnar-til-a-stemme-pa-hogre-i-vestnes\/#breadcrumb","itemListElement":[{"@type":"ListItem","position":1,"name":"Til hoyre.no","item":"https:\/\/hoyre.no"},{"@type":"ListItem","position":2,"name":"Hjem","item":"https:\/\/hoyre.no\/vestnes\/"},{"@type":"ListItem","position":3,"name":"7 gode grunnar til \u00e5 stemme p\u00e5 H\u00f8gre i Vestnes"}]},{"@type":"WebSite","@id":"https:\/\/hoyre.no\/vestnes\/#website","url":"https:\/\/hoyre.no\/vestnes\/","name":"Vestnes H\u00f8gre","description":"Bare enda et H\u00f8yres nettsteder-nettsted","inLanguage":"nn-NO"},{"@type":"Person","@id":"https:\/\/hoyre.no\/vestnes\/#\/schema\/person\/e47eb56730f823258d3ba99479bbb632","name":"Hanne Moldver Salthammer","image":{"@type":"ImageObject","inLanguage":"nn-NO","@id":"https:\/\/hoyre.no\/vestnes\/#\/schema\/person\/image\/","url":"https:\/\/secure.gravatar.com\/avatar\/e30405046c5dc345627350b71a18b2a3342065ba8974af19a2096c0993be3b36?s=96&d=mm&r=g","contentUrl":"https:\/\/secure.gravatar.com\/avatar\/e30405046c5dc345627350b71a18b2a3342065ba8974af19a2096c0993be3b36?s=96&d=mm&r=g","caption":"Hanne Moldver Salthammer"},"url":"https:\/\/hoyre.no\/vestnes\/aktuelt\/author\/m50504513\/"}]}},"distributor_meta":false,"distributor_terms":false,"distributor_media":false,"distributor_original_site_name":"Vestnes H\u00f8gre","distributor_original_site_url":"https:\/\/hoyre.no\/vestnes","push-errors":false,"_links":{"self":[{"href":"https:\/\/hoyre.no\/vestnes\/wp-json\/wp\/v2\/posts\/45","targetHints":{"allow":["GET"]}}],"collection":[{"href":"https:\/\/hoyre.no\/vestnes\/wp-json\/wp\/v2\/posts"}],"about":[{"href":"https:\/\/hoyre.no\/vestnes\/wp-json\/wp\/v2\/types\/post"}],"author":[{"embeddable":true,"href":"https:\/\/hoyre.no\/vestnes\/wp-json\/wp\/v2\/users\/9051"}],"replies":[{"embeddable":true,"href":"https:\/\/hoyre.no\/vestnes\/wp-json\/wp\/v2\/comments?post=45"}],"version-history":[{"count":2,"href":"https:\/\/hoyre.no\/vestnes\/wp-json\/wp\/v2\/posts\/45\/revisions"}],"predecessor-version":[{"id":52,"href":"https:\/\/hoyre.no\/vestnes\/wp-json\/wp\/v2\/posts\/45\/revisions\/52"}],"wp:attachment":[{"href":"https:\/\/hoyre.no\/vestnes\/wp-json\/wp\/v2\/media?parent=45"}],"wp:term":[{"taxonomy":"category","embeddable":true,"href":"https:\/\/hoyre.no\/vestnes\/wp-json\/wp\/v2\/category?post=45"},{"taxonomy":"post_tag","embeddable":true,"href":"https:\/\/hoyre.no\/vestnes\/wp-json\/wp\/v2\/post_tag?post=45"},{"taxonomy":"hoyre-visibility","embeddable":true,"href":"https:\/\/hoyre.no\/vestnes\/wp-json\/wp\/v2\/hoyre-visibility?post=45"},{"taxonomy":"article-type","embeddable":true,"href":"https:\/\/hoyre.no\/vestnes\/wp-json\/wp\/v2\/article-type?post=45"},{"taxonomy":"politician","embeddable":true,"href":"https:\/\/hoyre.no\/vestnes\/wp-json\/wp\/v2\/politician?post=45"}],"curies":[{"name":"wp","href":"https:\/\/api.w.org\/{rel}","templated":true}]}}