{"id":127,"date":"2023-08-20T15:13:50","date_gmt":"2023-08-20T13:13:50","guid":{"rendered":"https:\/\/hoyre.no\/vestre-aker\/?p=127"},"modified":"2023-08-28T11:34:20","modified_gmt":"2023-08-28T09:34:20","slug":"127","status":"publish","type":"post","link":"https:\/\/hoyre.no\/vestre-aker\/aktuelt\/127\/","title":{"rendered":""},"content":{"rendered":"\n<h1 class=\"alignwide has-text-align-center wp-block-heading\">Bli kjent med toppkandidatene til bydelsutvalget <\/h1>\n\n\n\n<p class=\"preamble\">For at du skal bli bedre kjent med v\u00e5re flinke kandidater til bydelsutvalget har vi stilt dem noen sp\u00f8rsm\u00e5l. <br>Les hva de svarer under: <\/p>\n\n\n\n<div class=\"wp-block-media-text alignwide is-stacked-on-mobile is-image-fill is-style-pale-blue\"><figure class=\"wp-block-media-text__media\" style=\"background-image:url('https:\/\/hoyre.no\/content\/uploads\/sites\/416\/2023\/08\/Yngvar_2022-768x1024.jpg');background-position:50% 50%\"><img loading=\"lazy\" decoding=\"async\" width=\"768\" height=\"1024\" src=\"https:\/\/hoyre.no\/content\/uploads\/sites\/416\/2023\/08\/Yngvar_2022-768x1024.jpg\" alt=\"\" class=\"wp-image-130 size-full\" srcset=\"https:\/\/hoyre.no\/content\/uploads\/sites\/416\/2023\/08\/Yngvar_2022-768x1024.jpg 768w, https:\/\/hoyre.no\/content\/uploads\/sites\/416\/2023\/08\/Yngvar_2022-225x300.jpg 225w, https:\/\/hoyre.no\/content\/uploads\/sites\/416\/2023\/08\/Yngvar_2022-1152x1536.jpg 1152w, https:\/\/hoyre.no\/content\/uploads\/sites\/416\/2023\/08\/Yngvar_2022-1536x2048.jpg 1536w, https:\/\/hoyre.no\/content\/uploads\/sites\/416\/2023\/08\/Yngvar_2022-scaled.jpg 1875w\" sizes=\"auto, (max-width: 768px) 100vw, 768px\" \/><\/figure><div class=\"wp-block-media-text__content\">\n<h2 class=\"wp-block-heading\">Yngvar A. Husebye<\/h2>\n\n\n\n<ul class=\"wp-block-list\"><li>Kandidatnummer: 1 <\/li><li>Alder: 59 <\/li><li>Yrke: Daglig leder <\/li><li>Bosted: Vinderen <\/li><\/ul>\n\n\n\n<h4 class=\"wp-block-heading\">Kan du fortelle litt om deg selv? <\/h4>\n\n\n\n<p>Jeg har v\u00e6rt folkevalgt for H\u00f8yre i Vestre Aker i \u00e5tte \u00e5r, f\u00f8rst som gruppeleder, og siste fire \u00e5rene som bydelsleder, og leder av bydelsutvalget.&nbsp;Jeg har ogs\u00e5 lang fartstid fra n\u00e6ringslivet som bl.a. r\u00e5dgiver og direkt\u00f8r i reklamebransjen og senere som selvstendig n\u00e6ringsdrivende i interi\u00f8r- og m\u00f8belbransjen.<\/p>\n\n\n\n<h4 class=\"wp-block-heading\">Hva er dine hjertsaker? <\/h4>\n\n\n\n<p>Jeg&nbsp;kjenner bydelen godt, og \u00f8nsker \u00e5 jobbe med alle sider av politiske saker som opptar innbyggerne. Det kan gjelde store og sm\u00e5 saker innen boligfortetting, veivedlikeholdet og hjemmetjenestene for eldre. <\/p>\n\n\n\n<p>Likevel er oppvekstsvilk\u00e5rene og skolesituasjonen for barn og unge spesielt viktige for&nbsp;meg. God kontakt med ledende politikere i alle partiene p\u00e5 r\u00e5dhuset er viktig for \u00e5 s\u00f8rge for at bydelens interesser blir h\u00f8rt.<\/p>\n<\/div><\/div>\n\n\n\n<div class=\"wp-block-media-text alignwide has-media-on-the-right is-stacked-on-mobile is-image-fill is-style-darkest-blue\"><figure class=\"wp-block-media-text__media\" style=\"background-image:url('https:\/\/hoyre.no\/content\/uploads\/sites\/416\/2023\/08\/Stale.jpg');background-position:50% 50%\"><img loading=\"lazy\" decoding=\"async\" width=\"308\" height=\"410\" src=\"https:\/\/hoyre.no\/content\/uploads\/sites\/416\/2023\/08\/Stale.jpg\" alt=\"\" class=\"wp-image-195 size-full\" srcset=\"https:\/\/hoyre.no\/content\/uploads\/sites\/416\/2023\/08\/Stale.jpg 308w, https:\/\/hoyre.no\/content\/uploads\/sites\/416\/2023\/08\/Stale-225x300.jpg 225w\" sizes=\"auto, (max-width: 308px) 100vw, 308px\" \/><\/figure><div class=\"wp-block-media-text__content\">\n<h2 class=\"wp-block-heading\">St\u00e5le Hagen<\/h2>\n\n\n\n<ul class=\"wp-block-list\"><li>Kandidatnummer: 2 <\/li><li>Alder: 54 \u00e5r<\/li><li>Yrke: Director i KPMG Advisory, leder avdelingen for mobilitet og transport, <\/li><li>Bosted: R\u00f8a<\/li><\/ul>\n\n\n\n<h4 class=\"wp-block-heading\">Kan du fortelle litt om deg selv? <\/h4>\n\n\n\n<p>Jeg har v\u00e6rt med i H\u00f8yre siden 1984 og har bred erfaring fra bydelsutvalg, bystyre, milj\u00f8- og samferdselskomiteen og som byr\u00e5dssekret\u00e6r for byutvikling i nesten fire \u00e5r. <\/p>\n\n\n\n<p>Mine hovedinteresser er byutvikling og milj\u00f8 og samferdsel, men jeg er ogs\u00e5 veldig interessert i \u00f8konomi og skole. Jeg er opptatt av \u00e5 f\u00e5 til resultater i politikken, gjerne p\u00e5 tvers av partigrenser, s\u00e5 lenge det er et solid h\u00f8yrestempel p\u00e5 sakene.&nbsp;&nbsp;<\/p>\n\n\n\n<h4 class=\"wp-block-heading\">Hva er dine hjertesaker? <\/h4>\n\n\n\n<p>Jeg er opptatt av at bydelen v\u00e5r skal v\u00e6re et godt sted \u00e5 vokse opp i og bo. Det betyr at jeg vil jobbe for gode tilbud for v\u00e5re barn og unge, godt samarbeid med private og frivillige akt\u00f8rer som vil kunne bidra med dynamiske og innovative tjenester og ikke minst gi innbyggerne valgfrihet innen barnehager og omsorgstilbud. <\/p>\n\n\n\n<p>Et annet sv\u00e6rt viktig omr\u00e5de for meg er at vi har gode samferdselsl\u00f8sninger, b\u00e5de for syklister, fotgjengere, kollektivtransporten og for bilister, og at dette er dimensjonert i forhold til den byutviklingen som skjer i bydelen.&nbsp; &nbsp;<\/p>\n<\/div><\/div>\n\n\n\n<div class=\"wp-block-media-text alignwide is-stacked-on-mobile is-image-fill is-style-lightest-blue\"><figure class=\"wp-block-media-text__media\" style=\"background-image:url('https:\/\/hoyre.no\/content\/uploads\/sites\/416\/2023\/08\/Monika_2022-703x1024.jpg');background-position:50% 50%\"><img loading=\"lazy\" decoding=\"async\" width=\"703\" height=\"1024\" src=\"https:\/\/hoyre.no\/content\/uploads\/sites\/416\/2023\/08\/Monika_2022-703x1024.jpg\" alt=\"\" class=\"wp-image-128 size-full\" srcset=\"https:\/\/hoyre.no\/content\/uploads\/sites\/416\/2023\/08\/Monika_2022-703x1024.jpg 703w, https:\/\/hoyre.no\/content\/uploads\/sites\/416\/2023\/08\/Monika_2022-206x300.jpg 206w, https:\/\/hoyre.no\/content\/uploads\/sites\/416\/2023\/08\/Monika_2022-768x1119.jpg 768w, https:\/\/hoyre.no\/content\/uploads\/sites\/416\/2023\/08\/Monika_2022-1055x1536.jpg 1055w, https:\/\/hoyre.no\/content\/uploads\/sites\/416\/2023\/08\/Monika_2022.jpg 1060w\" sizes=\"auto, (max-width: 703px) 100vw, 703px\" \/><\/figure><div class=\"wp-block-media-text__content\">\n<h2 class=\"wp-block-heading\">Monika Furuseth Dypeng <\/h2>\n\n\n\n<ul class=\"wp-block-list\"><li>Kandidatnummer: 3  <\/li><li>Alder: 52 \u00e5r<\/li><li>Yrke: Managing Partner\/ Hodejeger<\/li><li>Bosted: Holmenkollen<\/li><\/ul>\n\n\n\n<h4 class=\"wp-block-heading\">Kan du fortelle litt om deg selv? <\/h4>\n\n\n\n<p>Jeg er gift med 1 datter og 2 bonusbarn. Jeg er utdannet innen finans og har 25 \u00e5rs erfaring som hodejeger i finansbransjen\/ norsk n\u00e6ringsliv. I tillegg har jeg 4 \u00e5rs erfaring som lokalpolitiker i Vestre Aker. <\/p>\n\n\n\n<h4 class=\"wp-block-heading\">Hva er dine hjertesaker? <\/h4>\n\n\n\n<p>Mine hjertesaker er skole, oppvekst og eiendomsskatt. <\/p>\n\n\n\n<p>Jeg brenner for bedre finansiering av skolene i Vestre Aker, bedre tilbud til barn\/ unge (idrettsarenaer og ungdomsklubber) og avskaffelse av eiendomsskatt i Oslo.<\/p>\n\n\n\n<p><\/p>\n<\/div><\/div>\n\n\n\n<div class=\"wp-block-media-text alignwide has-media-on-the-right is-stacked-on-mobile is-image-fill is-style-dark-blue\"><figure class=\"wp-block-media-text__media\" style=\"background-image:url('https:\/\/hoyre.no\/content\/uploads\/sites\/416\/2023\/08\/9CC0D790-D613-4B91-9B4E-F56FD7E3E9CA_1_201_a-1024x847.jpeg');background-position:50% 50%\"><img loading=\"lazy\" decoding=\"async\" width=\"1024\" height=\"847\" src=\"https:\/\/hoyre.no\/content\/uploads\/sites\/416\/2023\/08\/9CC0D790-D613-4B91-9B4E-F56FD7E3E9CA_1_201_a-1024x847.jpeg\" alt=\"\" class=\"wp-image-129 size-full\" srcset=\"https:\/\/hoyre.no\/content\/uploads\/sites\/416\/2023\/08\/9CC0D790-D613-4B91-9B4E-F56FD7E3E9CA_1_201_a-1024x847.jpeg 1024w, https:\/\/hoyre.no\/content\/uploads\/sites\/416\/2023\/08\/9CC0D790-D613-4B91-9B4E-F56FD7E3E9CA_1_201_a-300x248.jpeg 300w, https:\/\/hoyre.no\/content\/uploads\/sites\/416\/2023\/08\/9CC0D790-D613-4B91-9B4E-F56FD7E3E9CA_1_201_a-768x635.jpeg 768w, https:\/\/hoyre.no\/content\/uploads\/sites\/416\/2023\/08\/9CC0D790-D613-4B91-9B4E-F56FD7E3E9CA_1_201_a-1536x1270.jpeg 1536w, https:\/\/hoyre.no\/content\/uploads\/sites\/416\/2023\/08\/9CC0D790-D613-4B91-9B4E-F56FD7E3E9CA_1_201_a.jpeg 1572w\" sizes=\"auto, (max-width: 1024px) 100vw, 1024px\" \/><\/figure><div class=\"wp-block-media-text__content\">\n<h2 class=\"wp-block-heading\">Siri W. Bogen <\/h2>\n\n\n\n<ul class=\"wp-block-list\"><li>Kandidatnummer: 4<\/li><li>Alder: 51 <\/li><li>Yrke: Seniorr\u00e5dgiver i Nasjonal sikkerhetsmyndighet<\/li><li>Bosted: Midtstuen <\/li><\/ul>\n\n\n\n<h4 class=\"wp-block-heading\">Kan du fortelle litt om deg selv? <\/h4>\n\n\n\n<p>Jeg er utdannet samfunns\u00f8konom og har lang erfaring fra ulike deler av offentlig forvaltning. Gjennom verv i idretten og p\u00e5 flere av skolene i bydelen, har jeg i mange \u00e5r jobbet for at barn og unge skal lykkes.&nbsp;<\/p>\n\n\n\n<h4 class=\"wp-block-heading\">Hva er dine hjertesaker? <\/h4>\n\n\n\n<p>Jeg er opptatt av samspillet p\u00e5 tvers av generasjoner og mellom bydelen, kommunen, frivillig og privat sektor. Blir jeg valgt vil jeg jobbe for at Vestre Aker leverer gode tjenester til beste for borgerne i bydelen.<\/p>\n<\/div><\/div>\n\n\n\n\n<p><\/p>\n\n\n<div class=\"tags\">\n\t\t<div class=\"wp-block-tag-cloud\">\n\t\t\t\t\t<a href=\"https:\/\/hoyre.no\/vestre-aker\/aktuelt\/tag\/bydel\/\" class=\"tag-cloud-link\">Bydel<\/a>\n\t\t\t\t\t<a href=\"https:\/\/hoyre.no\/vestre-aker\/aktuelt\/tag\/valget-2023\/\" class=\"tag-cloud-link\">Valget 2023<\/a>\n\t\t\t\t\t<a href=\"https:\/\/hoyre.no\/vestre-aker\/aktuelt\/tag\/vestre-aker\/\" class=\"tag-cloud-link\">Vestre Aker<\/a>\n\t\t\t<\/div>\n\t<\/div>\n<div class=\"post-footer alignfull has-background block-editor-block-list__block\" data-align=full>\n\t<div class=\"post-footer-inner\">\n\t\t<h3>Relaterte artikler<\/h3>\n\t\t<div class=\"related-content\"><div class=\"is-card-hoyre\">\n\t<div class=\"teft-card hoyre-teft-card post-teft-card\">\n\t\t<a href=\"https:\/\/hoyre.no\/vestre-aker\/aktuelt\/roatunnelen-ikke-bare-feil-men-ogsa-ganske-hinsides\/\" class=\"teft-card__primary-action\">\n\n\t\t\t\t\t<div class=\"teft-card__media teft-card__media--16-9\">\n\t\t\t\t\t\t<img loading=\"lazy\" decoding=\"async\" width=\"768\" height=\"1024\" src=\"https:\/\/hoyre.no\/content\/uploads\/sites\/416\/2025\/03\/IMG_1714-1-768x1024.png\" class=\"attachment-medium_large size-medium_large\" alt=\"\" srcset=\"https:\/\/hoyre.no\/content\/uploads\/sites\/416\/2025\/03\/IMG_1714-1-768x1024.png 768w, https:\/\/hoyre.no\/content\/uploads\/sites\/416\/2025\/03\/IMG_1714-1-225x300.png 225w, https:\/\/hoyre.no\/content\/uploads\/sites\/416\/2025\/03\/IMG_1714-1-1152x1536.png 1152w, https:\/\/hoyre.no\/content\/uploads\/sites\/416\/2025\/03\/IMG_1714-1-1536x2048.png 1536w\" sizes=\"auto, (max-width: 768px) 100vw, 768px\" \/>\t\t<\/div>\n\t\t\n\t\t\t<div class=\"teft-card__content-wrapper\">\n\t\t\t\t<div class=\"teft-card__secondary\">\n\t\t\t\t\t\n\t\t\t\t\t\t\t\t<div class=\"teft-card__meta\">\n\t\t\t\t\t\t\t\t\t<span class=\"post-date\">13. mar 2025<\/span>\n\n\t\t\t\t\t\t\t\t\t\t\t\t\t\t\t\t\t<\/div>\n\t\t\t\t\t\t\t\t\t\t\t<\/div>\n\n\t\t\t\t<div class=\"teft-card__primary\">\n\t\t\t\t\t<h2 class=\"teft-card__title\">R\u00f8atunnelen: Ikke bare feil, men ogs\u00e5 ganske hinsides&nbsp;<span class=\"teft-card__primary-title-append\"><\/span><\/h2>\t\t\t\t<\/div>\n\t\t\t<\/div>\n\t\t<\/a>\n\t<\/div>\n\n\t<\/div><div class=\"is-card-hoyre\">\n\t<div class=\"teft-card hoyre-teft-card post-teft-card\">\n\t\t<a href=\"https:\/\/hoyre.no\/vestre-aker\/aktuelt\/hoyre-og-venstre-loper-ikke-fra-bydelene\/\" class=\"teft-card__primary-action\">\n\n\t\t\t\t\t<div class=\"teft-card__media teft-card__media--16-9\">\n\t\t\t\t\t\t<img loading=\"lazy\" decoding=\"async\" width=\"768\" height=\"554\" src=\"https:\/\/hoyre.no\/content\/uploads\/sites\/416\/2024\/11\/53284651248_bdf69bd8d2_o2929-768x554.jpg\" class=\"attachment-medium_large size-medium_large\" alt=\"\" srcset=\"https:\/\/hoyre.no\/content\/uploads\/sites\/416\/2024\/11\/53284651248_bdf69bd8d2_o2929-768x554.jpg 768w, https:\/\/hoyre.no\/content\/uploads\/sites\/416\/2024\/11\/53284651248_bdf69bd8d2_o2929-300x217.jpg 300w, https:\/\/hoyre.no\/content\/uploads\/sites\/416\/2024\/11\/53284651248_bdf69bd8d2_o2929-1024x739.jpg 1024w, https:\/\/hoyre.no\/content\/uploads\/sites\/416\/2024\/11\/53284651248_bdf69bd8d2_o2929-1536x1109.jpg 1536w, https:\/\/hoyre.no\/content\/uploads\/sites\/416\/2024\/11\/53284651248_bdf69bd8d2_o2929.jpg 2000w\" sizes=\"auto, (max-width: 768px) 100vw, 768px\" \/>\t\t<\/div>\n\t\t\n\t\t\t<div class=\"teft-card__content-wrapper\">\n\t\t\t\t<div class=\"teft-card__secondary\">\n\t\t\t\t\t\n\t\t\t\t\t\t\t\t<div class=\"teft-card__meta\">\n\t\t\t\t\t\t\t\t\t<span class=\"post-date\">8. nov 2024<\/span>\n\n\t\t\t\t\t\t\t\t\t\t\t\t\t\t\t\t\t<\/div>\n\t\t\t\t\t\t\t\t\t\t\t<\/div>\n\n\t\t\t\t<div class=\"teft-card__primary\">\n\t\t\t\t\t<h2 class=\"teft-card__title\">H\u00f8yre og Venstre l\u00f8per ikke fra bydelene&nbsp;<span class=\"teft-card__primary-title-append\"><\/span><\/h2>\t\t\t\t<\/div>\n\t\t\t<\/div>\n\t\t<\/a>\n\t<\/div>\n\n\t<\/div><div class=\"is-card-hoyre\">\n\t<div class=\"teft-card hoyre-teft-card post-teft-card\">\n\t\t<a href=\"https:\/\/hoyre.no\/vestre-aker\/aktuelt\/arsberetning-2024\/\" class=\"teft-card__primary-action\">\n\n\t\t\t<div class=\"teft-card__media teft-card__media--16-9 no-image\"><\/div>\n\t\t\t<div class=\"teft-card__content-wrapper\">\n\t\t\t\t<div class=\"teft-card__secondary\">\n\t\t\t\t\t\n\t\t\t\t\t\t\t\t<div class=\"teft-card__meta\">\n\t\t\t\t\t\t\t\t\t<span class=\"post-date\">6. nov 2024<\/span>\n\n\t\t\t\t\t\t\t\t\t\t\t\t\t\t\t\t\t<\/div>\n\t\t\t\t\t\t\t\t\t\t\t<\/div>\n\n\t\t\t\t<div class=\"teft-card__primary\">\n\t\t\t\t\t<h2 class=\"teft-card__title\">\u00c5rsberetning 2024&nbsp;<span class=\"teft-card__primary-title-append\"><\/span><\/h2>\t\t\t\t<\/div>\n\t\t\t<\/div>\n\t\t<\/a>\n\t<\/div>\n\n\t<\/div><\/div>\t<\/div>\n<\/div>\n","protected":false},"excerpt":{"rendered":"<p>Bli kjent med toppkandidatene til bydelsutvalget Yngvar A. Husebye Kandidatnummer: 1 Alder: 59 Yrke: Daglig leder Bosted: Vinderen Kan du fortelle litt om deg selv? Jeg har v\u00e6rt folkevalgt for H\u00f8yre i Vestre Aker i \u00e5tte \u00e5r, f\u00f8rst som gruppeleder, og siste fire \u00e5rene som bydelsleder, og leder av bydelsutvalget.&nbsp;Jeg har ogs\u00e5 lang fartstid fra [&hellip;]<\/p>\n","protected":false},"author":5847,"featured_media":0,"comment_status":"closed","ping_status":"closed","sticky":false,"template":"","format":"standard","meta":{"teft_cards_image_url":"","teft_cards_custom_pretitle":"","teft_cards_image_id":130,"teft_cards_image_focal_point_x":0.47,"teft_cards_image_focal_point_y":0.1,"teft_cards_title":"Bli kjent med toppkandidatene til bydelsutvalget ","teft_cards_excerpt":"","teft_show_chapters":false,"author_display_name":"","footnotes":""},"category":[8],"post_tag":[6,7,5],"hoyre-visibility":[],"article-type":[],"politician":[],"class_list":["post-127","post","type-post","status-publish","format-standard","hentry","category-valget-2023","tag-bydel","tag-valget-2023","tag-vestre-aker"],"yoast_head":"<!-- This site is optimized with the Yoast SEO plugin v26.6 - https:\/\/yoast.com\/wordpress\/plugins\/seo\/ -->\n<title>- Vestre Aker H\u00f8yre<\/title>\n<meta name=\"robots\" content=\"index, follow, max-snippet:-1, max-image-preview:large, max-video-preview:-1\" \/>\n<link rel=\"canonical\" href=\"https:\/\/hoyre.no\/vestre-aker\/aktuelt\/127\/\" \/>\n<meta property=\"og:locale\" content=\"nb_NO\" \/>\n<meta property=\"og:type\" content=\"article\" \/>\n<meta property=\"og:title\" content=\"- Vestre Aker H\u00f8yre\" \/>\n<meta property=\"og:description\" content=\"Bli kjent med toppkandidatene til bydelsutvalget Yngvar A. Husebye Kandidatnummer: 1 Alder: 59 Yrke: Daglig leder Bosted: Vinderen Kan du fortelle litt om deg selv? Jeg har v\u00e6rt folkevalgt for H\u00f8yre i Vestre Aker i \u00e5tte \u00e5r, f\u00f8rst som gruppeleder, og siste fire \u00e5rene som bydelsleder, og leder av bydelsutvalget.&nbsp;Jeg har ogs\u00e5 lang fartstid fra [&hellip;]\" \/>\n<meta property=\"og:url\" content=\"https:\/\/hoyre.no\/vestre-aker\/aktuelt\/127\/\" \/>\n<meta property=\"og:site_name\" content=\"Vestre Aker H\u00f8yre\" \/>\n<meta property=\"article:published_time\" content=\"2023-08-20T13:13:50+00:00\" \/>\n<meta property=\"article:modified_time\" content=\"2023-08-28T09:34:20+00:00\" \/>\n<meta property=\"og:image\" content=\"https:\/\/hoyre.no\/content\/uploads\/sites\/416\/2023\/08\/Yngvar_2022-768x1024.jpg\" \/>\n<meta name=\"author\" content=\"Celine Sommerfeldt Bentzen\" \/>\n<meta name=\"twitter:card\" content=\"summary_large_image\" \/>\n<meta name=\"twitter:label1\" content=\"Skrevet av\" \/>\n\t<meta name=\"twitter:data1\" content=\"Celine Sommerfeldt Bentzen\" \/>\n\t<meta name=\"twitter:label2\" content=\"Ansl. lesetid\" \/>\n\t<meta name=\"twitter:data2\" content=\"4 minutter\" \/>\n<script type=\"application\/ld+json\" class=\"yoast-schema-graph\">{\"@context\":\"https:\/\/schema.org\",\"@graph\":[{\"@type\":\"NewsArticle\",\"@id\":\"https:\/\/hoyre.no\/vestre-aker\/aktuelt\/127\/\",\"url\":\"https:\/\/hoyre.no\/vestre-aker\/aktuelt\/127\/\",\"name\":\"- Vestre Aker H\u00f8yre\",\"isPartOf\":{\"@id\":\"https:\/\/hoyre.no\/vestre-aker\/#website\"},\"image\":{\"@id\":\"https:\/\/hoyre.no\/vestre-aker\/aktuelt\/127\/#primaryimage\"},\"thumbnailUrl\":\"https:\/\/hoyre.no\/content\/uploads\/sites\/416\/2023\/08\/Yngvar_2022-768x1024.jpg\",\"datePublished\":\"2023-08-20T13:13:50+00:00\",\"dateModified\":\"2023-08-28T09:34:20+00:00\",\"author\":{\"@id\":\"https:\/\/hoyre.no\/vestre-aker\/#\/schema\/person\/ac2b5cc85d526966381fa7e1d2efbb74\"},\"breadcrumb\":{\"@id\":\"https:\/\/hoyre.no\/vestre-aker\/aktuelt\/127\/#breadcrumb\"},\"inLanguage\":\"nb-NO\",\"potentialAction\":[{\"@type\":\"ReadAction\",\"target\":[\"https:\/\/hoyre.no\/vestre-aker\/aktuelt\/127\/\"]}]},{\"@type\":\"ImageObject\",\"inLanguage\":\"nb-NO\",\"@id\":\"https:\/\/hoyre.no\/vestre-aker\/aktuelt\/127\/#primaryimage\",\"url\":\"https:\/\/hoyre.no\/content\/uploads\/sites\/416\/2023\/08\/Yngvar_2022-768x1024.jpg\",\"contentUrl\":\"https:\/\/hoyre.no\/content\/uploads\/sites\/416\/2023\/08\/Yngvar_2022-768x1024.jpg\"},{\"@type\":\"BreadcrumbList\",\"@id\":\"https:\/\/hoyre.no\/vestre-aker\/aktuelt\/127\/#breadcrumb\",\"itemListElement\":[{\"@type\":\"ListItem\",\"position\":1,\"name\":\"Til hoyre.no\",\"item\":\"https:\/\/hoyre.no\"},{\"@type\":\"ListItem\",\"position\":2,\"name\":\"Hjem\",\"item\":\"https:\/\/hoyre.no\/vestre-aker\/\"}]},{\"@type\":\"WebSite\",\"@id\":\"https:\/\/hoyre.no\/vestre-aker\/#website\",\"url\":\"https:\/\/hoyre.no\/vestre-aker\/\",\"name\":\"Vestre Aker H\u00f8yre\",\"description\":\"Bare enda et H\u00f8yres nettsteder-nettsted\",\"inLanguage\":\"nb-NO\"},{\"@type\":\"Person\",\"@id\":\"https:\/\/hoyre.no\/vestre-aker\/#\/schema\/person\/ac2b5cc85d526966381fa7e1d2efbb74\",\"name\":\"Celine Sommerfeldt Bentzen\",\"image\":{\"@type\":\"ImageObject\",\"inLanguage\":\"nb-NO\",\"@id\":\"https:\/\/hoyre.no\/vestre-aker\/#\/schema\/person\/image\/\",\"url\":\"https:\/\/secure.gravatar.com\/avatar\/877fe6d7f959789f9ccf9c19993a9871335efd9cc360ca7c9fe3c0defae70c7f?s=96&d=mm&r=g\",\"contentUrl\":\"https:\/\/secure.gravatar.com\/avatar\/877fe6d7f959789f9ccf9c19993a9871335efd9cc360ca7c9fe3c0defae70c7f?s=96&d=mm&r=g\",\"caption\":\"Celine Sommerfeldt Bentzen\"},\"url\":\"https:\/\/hoyre.no\/vestre-aker\/aktuelt\/author\/m52037348\/\"}]}<\/script>\n<!-- \/ Yoast SEO plugin. -->","yoast_head_json":{"title":"- Vestre Aker H\u00f8yre","robots":{"index":"index","follow":"follow","max-snippet":"max-snippet:-1","max-image-preview":"max-image-preview:large","max-video-preview":"max-video-preview:-1"},"canonical":"https:\/\/hoyre.no\/vestre-aker\/aktuelt\/127\/","og_locale":"nb_NO","og_type":"article","og_title":"- Vestre Aker H\u00f8yre","og_description":"Bli kjent med toppkandidatene til bydelsutvalget Yngvar A. Husebye Kandidatnummer: 1 Alder: 59 Yrke: Daglig leder Bosted: Vinderen Kan du fortelle litt om deg selv? Jeg har v\u00e6rt folkevalgt for H\u00f8yre i Vestre Aker i \u00e5tte \u00e5r, f\u00f8rst som gruppeleder, og siste fire \u00e5rene som bydelsleder, og leder av bydelsutvalget.&nbsp;Jeg har ogs\u00e5 lang fartstid fra [&hellip;]","og_url":"https:\/\/hoyre.no\/vestre-aker\/aktuelt\/127\/","og_site_name":"Vestre Aker H\u00f8yre","article_published_time":"2023-08-20T13:13:50+00:00","article_modified_time":"2023-08-28T09:34:20+00:00","og_image":[{"url":"https:\/\/hoyre.no\/content\/uploads\/sites\/416\/2023\/08\/Yngvar_2022-768x1024.jpg","type":"","width":"","height":""}],"author":"Celine Sommerfeldt Bentzen","twitter_card":"summary_large_image","twitter_misc":{"Skrevet av":"Celine Sommerfeldt Bentzen","Ansl. lesetid":"4 minutter"},"schema":{"@context":"https:\/\/schema.org","@graph":[{"@type":"NewsArticle","@id":"https:\/\/hoyre.no\/vestre-aker\/aktuelt\/127\/","url":"https:\/\/hoyre.no\/vestre-aker\/aktuelt\/127\/","name":"- Vestre Aker H\u00f8yre","isPartOf":{"@id":"https:\/\/hoyre.no\/vestre-aker\/#website"},"image":{"@id":"https:\/\/hoyre.no\/vestre-aker\/aktuelt\/127\/#primaryimage"},"thumbnailUrl":"https:\/\/hoyre.no\/content\/uploads\/sites\/416\/2023\/08\/Yngvar_2022-768x1024.jpg","datePublished":"2023-08-20T13:13:50+00:00","dateModified":"2023-08-28T09:34:20+00:00","author":{"@id":"https:\/\/hoyre.no\/vestre-aker\/#\/schema\/person\/ac2b5cc85d526966381fa7e1d2efbb74"},"breadcrumb":{"@id":"https:\/\/hoyre.no\/vestre-aker\/aktuelt\/127\/#breadcrumb"},"inLanguage":"nb-NO","potentialAction":[{"@type":"ReadAction","target":["https:\/\/hoyre.no\/vestre-aker\/aktuelt\/127\/"]}]},{"@type":"ImageObject","inLanguage":"nb-NO","@id":"https:\/\/hoyre.no\/vestre-aker\/aktuelt\/127\/#primaryimage","url":"https:\/\/hoyre.no\/content\/uploads\/sites\/416\/2023\/08\/Yngvar_2022-768x1024.jpg","contentUrl":"https:\/\/hoyre.no\/content\/uploads\/sites\/416\/2023\/08\/Yngvar_2022-768x1024.jpg"},{"@type":"BreadcrumbList","@id":"https:\/\/hoyre.no\/vestre-aker\/aktuelt\/127\/#breadcrumb","itemListElement":[{"@type":"ListItem","position":1,"name":"Til hoyre.no","item":"https:\/\/hoyre.no"},{"@type":"ListItem","position":2,"name":"Hjem","item":"https:\/\/hoyre.no\/vestre-aker\/"}]},{"@type":"WebSite","@id":"https:\/\/hoyre.no\/vestre-aker\/#website","url":"https:\/\/hoyre.no\/vestre-aker\/","name":"Vestre Aker H\u00f8yre","description":"Bare enda et H\u00f8yres nettsteder-nettsted","inLanguage":"nb-NO"},{"@type":"Person","@id":"https:\/\/hoyre.no\/vestre-aker\/#\/schema\/person\/ac2b5cc85d526966381fa7e1d2efbb74","name":"Celine Sommerfeldt Bentzen","image":{"@type":"ImageObject","inLanguage":"nb-NO","@id":"https:\/\/hoyre.no\/vestre-aker\/#\/schema\/person\/image\/","url":"https:\/\/secure.gravatar.com\/avatar\/877fe6d7f959789f9ccf9c19993a9871335efd9cc360ca7c9fe3c0defae70c7f?s=96&d=mm&r=g","contentUrl":"https:\/\/secure.gravatar.com\/avatar\/877fe6d7f959789f9ccf9c19993a9871335efd9cc360ca7c9fe3c0defae70c7f?s=96&d=mm&r=g","caption":"Celine Sommerfeldt Bentzen"},"url":"https:\/\/hoyre.no\/vestre-aker\/aktuelt\/author\/m52037348\/"}]}},"distributor_meta":false,"distributor_terms":false,"distributor_media":false,"distributor_original_site_name":"Vestre Aker H\u00f8yre","distributor_original_site_url":"https:\/\/hoyre.no\/vestre-aker","push-errors":false,"_links":{"self":[{"href":"https:\/\/hoyre.no\/vestre-aker\/wp-json\/wp\/v2\/posts\/127","targetHints":{"allow":["GET"]}}],"collection":[{"href":"https:\/\/hoyre.no\/vestre-aker\/wp-json\/wp\/v2\/posts"}],"about":[{"href":"https:\/\/hoyre.no\/vestre-aker\/wp-json\/wp\/v2\/types\/post"}],"author":[{"embeddable":true,"href":"https:\/\/hoyre.no\/vestre-aker\/wp-json\/wp\/v2\/users\/5847"}],"replies":[{"embeddable":true,"href":"https:\/\/hoyre.no\/vestre-aker\/wp-json\/wp\/v2\/comments?post=127"}],"version-history":[{"count":14,"href":"https:\/\/hoyre.no\/vestre-aker\/wp-json\/wp\/v2\/posts\/127\/revisions"}],"predecessor-version":[{"id":217,"href":"https:\/\/hoyre.no\/vestre-aker\/wp-json\/wp\/v2\/posts\/127\/revisions\/217"}],"wp:attachment":[{"href":"https:\/\/hoyre.no\/vestre-aker\/wp-json\/wp\/v2\/media?parent=127"}],"wp:term":[{"taxonomy":"category","embeddable":true,"href":"https:\/\/hoyre.no\/vestre-aker\/wp-json\/wp\/v2\/category?post=127"},{"taxonomy":"post_tag","embeddable":true,"href":"https:\/\/hoyre.no\/vestre-aker\/wp-json\/wp\/v2\/post_tag?post=127"},{"taxonomy":"hoyre-visibility","embeddable":true,"href":"https:\/\/hoyre.no\/vestre-aker\/wp-json\/wp\/v2\/hoyre-visibility?post=127"},{"taxonomy":"article-type","embeddable":true,"href":"https:\/\/hoyre.no\/vestre-aker\/wp-json\/wp\/v2\/article-type?post=127"},{"taxonomy":"politician","embeddable":true,"href":"https:\/\/hoyre.no\/vestre-aker\/wp-json\/wp\/v2\/politician?post=127"}],"curies":[{"name":"wp","href":"https:\/\/api.w.org\/{rel}","templated":true}]}}