{"id":257,"date":"2025-03-13T15:01:05","date_gmt":"2025-03-13T14:01:05","guid":{"rendered":"https:\/\/hoyre.no\/vestre-aker\/?p=257"},"modified":"2025-03-13T15:01:05","modified_gmt":"2025-03-13T14:01:05","slug":"roatunnelen-ikke-bare-feil-men-ogsa-ganske-hinsides","status":"publish","type":"post","link":"https:\/\/hoyre.no\/vestre-aker\/aktuelt\/roatunnelen-ikke-bare-feil-men-ogsa-ganske-hinsides\/","title":{"rendered":"R\u00f8atunnelen: Ikke bare feil, men ogs\u00e5 ganske hinsides"},"content":{"rendered":"\n<p class=\"preamble\">I dette leserinnlegget tilbakeviser Mehmet Kaan Inan og Yngvar Husebye feilaktige p\u00e5stander om R\u00f8atunnelen.<\/p>\t\t\t<div class=\"post-meta wp-block teft-byline-wrapper\">\n\t\t\t\t<div class=\"top\">\n\t\t\t\t\t<div class=\"signature\">\n\t\t\t\t\t\t<div class=\"teft-byline\">\n\t\t\t\t\t\t\t\t\t\t\t\t\t\t<div>\n\t\t\t\t\t\t\t\t<h3>H\u00f8yres redaksjon<\/h3>\t\t\t\t\t\t\t\t\n\t\t\t\t\t\t\t\t\t\t\t\t\t\t\t\t\t<span class=\"date\">Sist oppdatert: 13. mars 2025<\/span>\n\t\t\t\t\t\t\t\t\t\t\t\t\t\t\t\t\t\t\t\t\t\t\t\t\t<span class=\"reading-time\" itemprop=\"timeRequired\" content=\"PT2M\"><em>Ca. 2 minutter lesetid<\/em><\/span>\n\t\t\t\t\t\t\t\t\t\t\t\t\t\t\t<\/div>\n\t\t\t\t\t\t<\/div>\n\t\t\t\t\t<\/div>\n\t\t\t\t\t\t<div class=\"sharing\">\n\t\t<a class=\"share-button share-link copy-link\" data-copy=\"https:\/\/hoyre.no\/vestre-aker\/aktuelt\/roatunnelen-ikke-bare-feil-men-ogsa-ganske-hinsides\/\" target=\"_blank\"><span class=\"screen-reader-text\">Del link<\/span><\/a>\n\t\t<a class=\"share-button share-twitter\" href=\"http:\/\/twitter.com\/share?text=R\u00f8atunnelen: Ikke bare feil, men ogs\u00e5 ganske hinsides&#038;url=https:\/\/hoyre.no\/vestre-aker\/aktuelt\/roatunnelen-ikke-bare-feil-men-ogsa-ganske-hinsides\/&#038;hashtags=Hoyre\" target=\"_blank\"><span class=\"screen-reader-text\">Del p\u00e5 twitter<\/span><\/a>\n\t\t<a class=\"share-button share-facebook\" href=\"https:\/\/www.facebook.com\/sharer\/sharer.php?u=https:\/\/hoyre.no\/vestre-aker\/aktuelt\/roatunnelen-ikke-bare-feil-men-ogsa-ganske-hinsides\/\" target=\"_blank\"><span class=\"screen-reader-text\">Del p\u00e5 facebook<\/span><\/a>\n\t<\/div>\n\t\t\t\t\t<\/div>\n\t\t\t<\/div>\n\n\t\t\t<figure class=\"hoyre-image-wrapper\"><div class=\"hoyre-image\"><img loading=\"lazy\" decoding=\"async\" width=\"3024\" height=\"4032\" src=\"https:\/\/hoyre.no\/content\/uploads\/sites\/416\/2025\/03\/IMG_1714-1.png\" class=\"attachment-scaled size-scaled\" alt=\"\" style=\"object-position: 50% 50%\" srcset=\"https:\/\/hoyre.no\/content\/uploads\/sites\/416\/2025\/03\/IMG_1714-1.png 3024w, https:\/\/hoyre.no\/content\/uploads\/sites\/416\/2025\/03\/IMG_1714-1-225x300.png 225w, https:\/\/hoyre.no\/content\/uploads\/sites\/416\/2025\/03\/IMG_1714-1-768x1024.png 768w, https:\/\/hoyre.no\/content\/uploads\/sites\/416\/2025\/03\/IMG_1714-1-1152x1536.png 1152w, https:\/\/hoyre.no\/content\/uploads\/sites\/416\/2025\/03\/IMG_1714-1-1536x2048.png 1536w\" sizes=\"auto, (max-width: 3024px) 100vw, 3024px\" \/><\/div><figcaption class=\"caption\">&#8211; Vi ser frem til \u00e5 inkludere innbyggerne i arbeidet med byggingen av R\u00f8atunnelen, skriver Yngvar Husebye og Mehmet Kaan Inan i dette innlegget.<\/figcaption><\/figure>\n\n\n\n\n<p>I et <a href=\"https:\/\/www.akersposten.no\/darlig-planlegging-pa-roa-hvor-blir-det-av-losningene\/o\/5-142-234399\">leserinnlegg<\/a> skaper Cecilie Lyngby et inntrykk av den nye ledelsen i Oslo kommune ikke tar utfordringene for folk i Vestre Aker p\u00e5 alvor.<\/p>\n\n\n\n<p><strong>Det er ikke bare feil, men ogs\u00e5 ganske hinsides.<\/strong><\/p>\n\n\n\n<p>For f\u00f8rste gang i historien klarte H\u00f8yre \u00e5 s\u00f8rge for en fullfinansiering av R\u00f8atunnelen.<\/p>\n\n\n\n<p>I mange \u00e5r har det v\u00e6rt diskusjoner om R\u00f8atunnelen. Utredninger har kommet, gjerne flere ganger. Problemet var bare at prosjektet ikke hadde noen finansiering. Du kan ikke bygge en tunnel uten penger.<\/p>\n\n\n\n<p>Med fullfinansiering av R\u00f8atunnelen kan vi n\u00e5 sikre fremdrift i prosjektet. F\u00f8r sommeren skal byr\u00e5det legge frem en sak for bystyret med konseptvalg for R\u00f8atunnelen. Det viktigste for oss i H\u00f8yre er at tunnelen bygges s\u00e5 raskt som mulig, og at vi gj\u00f8r det vi kan for \u00e5 redusere barrierer som kan komme p\u00e5 veien dit.<\/p>\n\n\n\n<p>Forprosjektet for R\u00f8atunnelen vil starte like etter at konseptvalget er vedtatt i bystyret. Vi ser frem til \u00e5 inkludere innbyggerne p\u00e5 R\u00f8a i arbeidet med byggingen av R\u00f8atunnelen.<\/p>\n\n\n\n<p><strong>Skrevet av: <\/strong><\/p>\n\n\n\n<ul class=\"wp-block-list\">\n<li>Mehmet Kaan Inan (H), gruppenestleder og samferdselspolitisk talsperson i Oslo H\u00f8yre<\/li>\n\n\n\n<li>Yngvar A. Husebye (H), bydelsleder i bydel Vestre Aker<\/li>\n<\/ul>\n\n\n<div class=\"tags\">\n\t<\/div>\n<div class=\"post-footer alignfull has-background block-editor-block-list__block\" data-align=full>\n\t<div class=\"post-footer-inner\">\n\t\t<h3>Relaterte artikler<\/h3>\n\t\t<div class=\"related-content\"><div class=\"is-card-hoyre\">\n\t<div class=\"teft-card hoyre-teft-card post-teft-card\">\n\t\t<a href=\"https:\/\/hoyre.no\/vestre-aker\/aktuelt\/hoyre-og-venstre-loper-ikke-fra-bydelene\/\" class=\"teft-card__primary-action\">\n\n\t\t\t\t\t<div class=\"teft-card__media teft-card__media--16-9\">\n\t\t\t\t\t\t<img loading=\"lazy\" decoding=\"async\" width=\"768\" height=\"554\" src=\"https:\/\/hoyre.no\/content\/uploads\/sites\/416\/2024\/11\/53284651248_bdf69bd8d2_o2929-768x554.jpg\" class=\"attachment-medium_large size-medium_large\" alt=\"\" srcset=\"https:\/\/hoyre.no\/content\/uploads\/sites\/416\/2024\/11\/53284651248_bdf69bd8d2_o2929-768x554.jpg 768w, https:\/\/hoyre.no\/content\/uploads\/sites\/416\/2024\/11\/53284651248_bdf69bd8d2_o2929-300x217.jpg 300w, https:\/\/hoyre.no\/content\/uploads\/sites\/416\/2024\/11\/53284651248_bdf69bd8d2_o2929-1024x739.jpg 1024w, https:\/\/hoyre.no\/content\/uploads\/sites\/416\/2024\/11\/53284651248_bdf69bd8d2_o2929-1536x1109.jpg 1536w, https:\/\/hoyre.no\/content\/uploads\/sites\/416\/2024\/11\/53284651248_bdf69bd8d2_o2929.jpg 2000w\" sizes=\"auto, (max-width: 768px) 100vw, 768px\" \/>\t\t<\/div>\n\t\t\n\t\t\t<div class=\"teft-card__content-wrapper\">\n\t\t\t\t<div class=\"teft-card__secondary\">\n\t\t\t\t\t\n\t\t\t\t\t\t\t\t<div class=\"teft-card__meta\">\n\t\t\t\t\t\t\t\t\t<span class=\"post-date\">8. nov 2024<\/span>\n\n\t\t\t\t\t\t\t\t\t\t\t\t\t\t\t\t\t<\/div>\n\t\t\t\t\t\t\t\t\t\t\t<\/div>\n\n\t\t\t\t<div class=\"teft-card__primary\">\n\t\t\t\t\t<h2 class=\"teft-card__title\">H\u00f8yre og Venstre l\u00f8per ikke fra bydelene&nbsp;<span class=\"teft-card__primary-title-append\"><\/span><\/h2>\t\t\t\t<\/div>\n\t\t\t<\/div>\n\t\t<\/a>\n\t<\/div>\n\n\t<\/div><div class=\"is-card-hoyre\">\n\t<div class=\"teft-card hoyre-teft-card post-teft-card\">\n\t\t<a href=\"https:\/\/hoyre.no\/vestre-aker\/aktuelt\/arsberetning-2024\/\" class=\"teft-card__primary-action\">\n\n\t\t\t<div class=\"teft-card__media teft-card__media--16-9 no-image\"><\/div>\n\t\t\t<div class=\"teft-card__content-wrapper\">\n\t\t\t\t<div class=\"teft-card__secondary\">\n\t\t\t\t\t\n\t\t\t\t\t\t\t\t<div class=\"teft-card__meta\">\n\t\t\t\t\t\t\t\t\t<span class=\"post-date\">6. nov 2024<\/span>\n\n\t\t\t\t\t\t\t\t\t\t\t\t\t\t\t\t\t<\/div>\n\t\t\t\t\t\t\t\t\t\t\t<\/div>\n\n\t\t\t\t<div class=\"teft-card__primary\">\n\t\t\t\t\t<h2 class=\"teft-card__title\">\u00c5rsberetning 2024&nbsp;<span class=\"teft-card__primary-title-append\"><\/span><\/h2>\t\t\t\t<\/div>\n\t\t\t<\/div>\n\t\t<\/a>\n\t<\/div>\n\n\t<\/div><div class=\"is-card-hoyre\">\n\t<div class=\"teft-card hoyre-teft-card post-teft-card\">\n\t\t<a href=\"https:\/\/hoyre.no\/vestre-aker\/aktuelt\/arsberetning-2023\/\" class=\"teft-card__primary-action\">\n\n\t\t\t<div class=\"teft-card__media teft-card__media--16-9 no-image\"><\/div>\n\t\t\t<div class=\"teft-card__content-wrapper\">\n\t\t\t\t<div class=\"teft-card__secondary\">\n\t\t\t\t\t\n\t\t\t\t\t\t\t\t<div class=\"teft-card__meta\">\n\t\t\t\t\t\t\t\t\t<span class=\"post-date\">9. nov 2023<\/span>\n\n\t\t\t\t\t\t\t\t\t\t\t\t\t\t\t\t\t<\/div>\n\t\t\t\t\t\t\t\t\t\t\t<\/div>\n\n\t\t\t\t<div class=\"teft-card__primary\">\n\t\t\t\t\t<h2 class=\"teft-card__title\">\u00c5rsberetning 2023&nbsp;<span class=\"teft-card__primary-title-append\"><\/span><\/h2>\t\t\t\t<\/div>\n\t\t\t<\/div>\n\t\t<\/a>\n\t<\/div>\n\n\t<\/div><\/div>\t<\/div>\n<\/div>\n","protected":false},"excerpt":{"rendered":"","protected":false},"author":11570,"featured_media":0,"comment_status":"closed","ping_status":"closed","sticky":false,"template":"","format":"standard","meta":{"teft_cards_image_url":"","teft_cards_custom_pretitle":"","teft_cards_image_id":259,"teft_cards_image_focal_point_x":0.5,"teft_cards_image_focal_point_y":0.4,"teft_cards_title":"R\u00f8atunnelen: Ikke bare feil, men ogs\u00e5 ganske hinsides","teft_cards_excerpt":"- R\u00f8atunnelen har aldri v\u00e6rt n\u00e6rmere realisering.","teft_show_chapters":false,"author_display_name":"Mehmet Kaan Inan og Yngvar Husebye","footnotes":""},"category":[1],"post_tag":[],"hoyre-visibility":[],"article-type":[],"politician":[],"class_list":["post-257","post","type-post","status-publish","format-standard","hentry","category-ukategorisert"],"yoast_head":"<!-- This site is optimized with the Yoast SEO plugin v26.6 - https:\/\/yoast.com\/wordpress\/plugins\/seo\/ -->\n<title>R\u00f8atunnelen: Ikke bare feil, men ogs\u00e5 ganske hinsides - Vestre Aker H\u00f8yre<\/title>\n<meta name=\"robots\" content=\"index, follow, max-snippet:-1, max-image-preview:large, max-video-preview:-1\" \/>\n<link rel=\"canonical\" href=\"https:\/\/hoyre.no\/vestre-aker\/aktuelt\/roatunnelen-ikke-bare-feil-men-ogsa-ganske-hinsides\/\" \/>\n<meta property=\"og:locale\" content=\"nb_NO\" \/>\n<meta property=\"og:type\" content=\"article\" \/>\n<meta property=\"og:title\" content=\"R\u00f8atunnelen: Ikke bare feil, men ogs\u00e5 ganske hinsides - Vestre Aker H\u00f8yre\" \/>\n<meta property=\"og:url\" content=\"https:\/\/hoyre.no\/vestre-aker\/aktuelt\/roatunnelen-ikke-bare-feil-men-ogsa-ganske-hinsides\/\" \/>\n<meta property=\"og:site_name\" content=\"Vestre Aker H\u00f8yre\" \/>\n<meta property=\"article:published_time\" content=\"2025-03-13T14:01:05+00:00\" \/>\n<meta property=\"og:image\" content=\"https:\/\/hoyre.no\/content\/uploads\/sites\/416\/2022\/11\/Hoyres-logo.png\" \/>\n\t<meta property=\"og:image:width\" content=\"1000\" \/>\n\t<meta property=\"og:image:height\" content=\"1000\" \/>\n\t<meta property=\"og:image:type\" content=\"image\/png\" \/>\n<meta name=\"author\" content=\"Tage Slind Jensen\" \/>\n<meta name=\"twitter:card\" content=\"summary_large_image\" \/>\n<meta name=\"twitter:label1\" content=\"Skrevet av\" \/>\n\t<meta name=\"twitter:data1\" content=\"Tage Slind Jensen\" \/>\n\t<meta name=\"twitter:label2\" content=\"Ansl. lesetid\" \/>\n\t<meta name=\"twitter:data2\" content=\"2 minutter\" \/>\n<script type=\"application\/ld+json\" class=\"yoast-schema-graph\">{\"@context\":\"https:\/\/schema.org\",\"@graph\":[{\"@type\":\"NewsArticle\",\"@id\":\"https:\/\/hoyre.no\/vestre-aker\/aktuelt\/roatunnelen-ikke-bare-feil-men-ogsa-ganske-hinsides\/\",\"url\":\"https:\/\/hoyre.no\/vestre-aker\/aktuelt\/roatunnelen-ikke-bare-feil-men-ogsa-ganske-hinsides\/\",\"name\":\"R\u00f8atunnelen: Ikke bare feil, men ogs\u00e5 ganske hinsides - Vestre Aker H\u00f8yre\",\"isPartOf\":{\"@id\":\"https:\/\/hoyre.no\/vestre-aker\/#website\"},\"datePublished\":\"2025-03-13T14:01:05+00:00\",\"author\":{\"@id\":\"https:\/\/hoyre.no\/vestre-aker\/#\/schema\/person\/7b9b960167d3690f360a02c9729e2ce9\"},\"breadcrumb\":{\"@id\":\"https:\/\/hoyre.no\/vestre-aker\/aktuelt\/roatunnelen-ikke-bare-feil-men-ogsa-ganske-hinsides\/#breadcrumb\"},\"inLanguage\":\"nb-NO\",\"potentialAction\":[{\"@type\":\"ReadAction\",\"target\":[\"https:\/\/hoyre.no\/vestre-aker\/aktuelt\/roatunnelen-ikke-bare-feil-men-ogsa-ganske-hinsides\/\"]}]},{\"@type\":\"BreadcrumbList\",\"@id\":\"https:\/\/hoyre.no\/vestre-aker\/aktuelt\/roatunnelen-ikke-bare-feil-men-ogsa-ganske-hinsides\/#breadcrumb\",\"itemListElement\":[{\"@type\":\"ListItem\",\"position\":1,\"name\":\"Til hoyre.no\",\"item\":\"https:\/\/hoyre.no\"},{\"@type\":\"ListItem\",\"position\":2,\"name\":\"Hjem\",\"item\":\"https:\/\/hoyre.no\/vestre-aker\/\"},{\"@type\":\"ListItem\",\"position\":3,\"name\":\"R\u00f8atunnelen: Ikke bare feil, men ogs\u00e5 ganske hinsides\"}]},{\"@type\":\"WebSite\",\"@id\":\"https:\/\/hoyre.no\/vestre-aker\/#website\",\"url\":\"https:\/\/hoyre.no\/vestre-aker\/\",\"name\":\"Vestre Aker H\u00f8yre\",\"description\":\"Bare enda et H\u00f8yres nettsteder-nettsted\",\"inLanguage\":\"nb-NO\"},{\"@type\":\"Person\",\"@id\":\"https:\/\/hoyre.no\/vestre-aker\/#\/schema\/person\/7b9b960167d3690f360a02c9729e2ce9\",\"name\":\"Tage Slind Jensen\",\"image\":{\"@type\":\"ImageObject\",\"inLanguage\":\"nb-NO\",\"@id\":\"https:\/\/hoyre.no\/vestre-aker\/#\/schema\/person\/image\/\",\"url\":\"https:\/\/secure.gravatar.com\/avatar\/7ff31022bcc5422617c2eee5bc8183344803dba60c147897cfc83a88a4e2441d?s=96&d=mm&r=g\",\"contentUrl\":\"https:\/\/secure.gravatar.com\/avatar\/7ff31022bcc5422617c2eee5bc8183344803dba60c147897cfc83a88a4e2441d?s=96&d=mm&r=g\",\"caption\":\"Tage Slind Jensen\"},\"url\":\"https:\/\/hoyre.no\/vestre-aker\/aktuelt\/author\/m51895688\/\"}]}<\/script>\n<!-- \/ Yoast SEO plugin. -->","yoast_head_json":{"title":"R\u00f8atunnelen: Ikke bare feil, men ogs\u00e5 ganske hinsides - Vestre Aker H\u00f8yre","robots":{"index":"index","follow":"follow","max-snippet":"max-snippet:-1","max-image-preview":"max-image-preview:large","max-video-preview":"max-video-preview:-1"},"canonical":"https:\/\/hoyre.no\/vestre-aker\/aktuelt\/roatunnelen-ikke-bare-feil-men-ogsa-ganske-hinsides\/","og_locale":"nb_NO","og_type":"article","og_title":"R\u00f8atunnelen: Ikke bare feil, men ogs\u00e5 ganske hinsides - Vestre Aker H\u00f8yre","og_url":"https:\/\/hoyre.no\/vestre-aker\/aktuelt\/roatunnelen-ikke-bare-feil-men-ogsa-ganske-hinsides\/","og_site_name":"Vestre Aker H\u00f8yre","article_published_time":"2025-03-13T14:01:05+00:00","og_image":[{"width":1000,"height":1000,"url":"https:\/\/hoyre.no\/content\/uploads\/sites\/416\/2022\/11\/Hoyres-logo.png","type":"image\/png"}],"author":"Tage Slind Jensen","twitter_card":"summary_large_image","twitter_misc":{"Skrevet av":"Tage Slind Jensen","Ansl. lesetid":"2 minutter"},"schema":{"@context":"https:\/\/schema.org","@graph":[{"@type":"NewsArticle","@id":"https:\/\/hoyre.no\/vestre-aker\/aktuelt\/roatunnelen-ikke-bare-feil-men-ogsa-ganske-hinsides\/","url":"https:\/\/hoyre.no\/vestre-aker\/aktuelt\/roatunnelen-ikke-bare-feil-men-ogsa-ganske-hinsides\/","name":"R\u00f8atunnelen: Ikke bare feil, men ogs\u00e5 ganske hinsides - Vestre Aker H\u00f8yre","isPartOf":{"@id":"https:\/\/hoyre.no\/vestre-aker\/#website"},"datePublished":"2025-03-13T14:01:05+00:00","author":{"@id":"https:\/\/hoyre.no\/vestre-aker\/#\/schema\/person\/7b9b960167d3690f360a02c9729e2ce9"},"breadcrumb":{"@id":"https:\/\/hoyre.no\/vestre-aker\/aktuelt\/roatunnelen-ikke-bare-feil-men-ogsa-ganske-hinsides\/#breadcrumb"},"inLanguage":"nb-NO","potentialAction":[{"@type":"ReadAction","target":["https:\/\/hoyre.no\/vestre-aker\/aktuelt\/roatunnelen-ikke-bare-feil-men-ogsa-ganske-hinsides\/"]}]},{"@type":"BreadcrumbList","@id":"https:\/\/hoyre.no\/vestre-aker\/aktuelt\/roatunnelen-ikke-bare-feil-men-ogsa-ganske-hinsides\/#breadcrumb","itemListElement":[{"@type":"ListItem","position":1,"name":"Til hoyre.no","item":"https:\/\/hoyre.no"},{"@type":"ListItem","position":2,"name":"Hjem","item":"https:\/\/hoyre.no\/vestre-aker\/"},{"@type":"ListItem","position":3,"name":"R\u00f8atunnelen: Ikke bare feil, men ogs\u00e5 ganske hinsides"}]},{"@type":"WebSite","@id":"https:\/\/hoyre.no\/vestre-aker\/#website","url":"https:\/\/hoyre.no\/vestre-aker\/","name":"Vestre Aker H\u00f8yre","description":"Bare enda et H\u00f8yres nettsteder-nettsted","inLanguage":"nb-NO"},{"@type":"Person","@id":"https:\/\/hoyre.no\/vestre-aker\/#\/schema\/person\/7b9b960167d3690f360a02c9729e2ce9","name":"Tage Slind Jensen","image":{"@type":"ImageObject","inLanguage":"nb-NO","@id":"https:\/\/hoyre.no\/vestre-aker\/#\/schema\/person\/image\/","url":"https:\/\/secure.gravatar.com\/avatar\/7ff31022bcc5422617c2eee5bc8183344803dba60c147897cfc83a88a4e2441d?s=96&d=mm&r=g","contentUrl":"https:\/\/secure.gravatar.com\/avatar\/7ff31022bcc5422617c2eee5bc8183344803dba60c147897cfc83a88a4e2441d?s=96&d=mm&r=g","caption":"Tage Slind Jensen"},"url":"https:\/\/hoyre.no\/vestre-aker\/aktuelt\/author\/m51895688\/"}]}},"distributor_meta":false,"distributor_terms":false,"distributor_media":false,"distributor_original_site_name":"Vestre Aker H\u00f8yre","distributor_original_site_url":"https:\/\/hoyre.no\/vestre-aker","push-errors":false,"_links":{"self":[{"href":"https:\/\/hoyre.no\/vestre-aker\/wp-json\/wp\/v2\/posts\/257","targetHints":{"allow":["GET"]}}],"collection":[{"href":"https:\/\/hoyre.no\/vestre-aker\/wp-json\/wp\/v2\/posts"}],"about":[{"href":"https:\/\/hoyre.no\/vestre-aker\/wp-json\/wp\/v2\/types\/post"}],"author":[{"embeddable":true,"href":"https:\/\/hoyre.no\/vestre-aker\/wp-json\/wp\/v2\/users\/11570"}],"replies":[{"embeddable":true,"href":"https:\/\/hoyre.no\/vestre-aker\/wp-json\/wp\/v2\/comments?post=257"}],"version-history":[{"count":1,"href":"https:\/\/hoyre.no\/vestre-aker\/wp-json\/wp\/v2\/posts\/257\/revisions"}],"predecessor-version":[{"id":260,"href":"https:\/\/hoyre.no\/vestre-aker\/wp-json\/wp\/v2\/posts\/257\/revisions\/260"}],"wp:attachment":[{"href":"https:\/\/hoyre.no\/vestre-aker\/wp-json\/wp\/v2\/media?parent=257"}],"wp:term":[{"taxonomy":"category","embeddable":true,"href":"https:\/\/hoyre.no\/vestre-aker\/wp-json\/wp\/v2\/category?post=257"},{"taxonomy":"post_tag","embeddable":true,"href":"https:\/\/hoyre.no\/vestre-aker\/wp-json\/wp\/v2\/post_tag?post=257"},{"taxonomy":"hoyre-visibility","embeddable":true,"href":"https:\/\/hoyre.no\/vestre-aker\/wp-json\/wp\/v2\/hoyre-visibility?post=257"},{"taxonomy":"article-type","embeddable":true,"href":"https:\/\/hoyre.no\/vestre-aker\/wp-json\/wp\/v2\/article-type?post=257"},{"taxonomy":"politician","embeddable":true,"href":"https:\/\/hoyre.no\/vestre-aker\/wp-json\/wp\/v2\/politician?post=257"}],"curies":[{"name":"wp","href":"https:\/\/api.w.org\/{rel}","templated":true}]}}