{"id":439,"date":"2023-08-10T09:04:38","date_gmt":"2023-08-10T07:04:38","guid":{"rendered":"https:\/\/hoyre.no\/volda\/?p=439"},"modified":"2023-08-10T09:05:23","modified_gmt":"2023-08-10T07:05:23","slug":"volda-hogre-eldreomsorg-og-ungdom","status":"publish","type":"post","link":"https:\/\/hoyre.no\/volda\/aktuelt\/volda-hogre-eldreomsorg-og-ungdom\/","title":{"rendered":"Volda H\u00f8gre, eldreomsorg og ungdom"},"content":{"rendered":"\n<p class=\"preamble\">Helse- og omsorgssektoren i Volda kommune pr\u00f8var ut ei ny ordning som vi st\u00f8ttar der ungdomar under 18 \u00e5r f\u00e5r jobbe som servicevakter p\u00e5 omsorgssentera i sommar. Dette har fleire positive sider, dels for ungdomane, dels for dei eldre, og det er eit godt bidrag til prosjektet \u201cHeiltidskultur\u201d i kommunen. Volda H\u00f8gre vil at vi skal tenke nytt og vil prioritere eldreomsorga dersom vi kjem i posisjon etter valet.<\/p>\t\t\t<div class=\"post-meta wp-block teft-byline-wrapper\">\n\t\t\t\t<div class=\"top\">\n\t\t\t\t\t<div class=\"signature\">\n\t\t\t\t\t\t<div class=\"teft-byline\">\n\t\t\t\t\t\t\t\t\t\t\t\t\t\t<div>\n\t\t\t\t\t\t\t\t<h3>H\u00f8yres redaksjon<\/h3>\t\t\t\t\t\t\t\t\n\t\t\t\t\t\t\t\t\t\t\t\t\t\t\t\t\t<span class=\"date\">Sist oppdatert: 10. august 2023<\/span>\n\t\t\t\t\t\t\t\t\t\t\t\t\t\t\t\t\t\t\t\t\t\t\t\t\t<span class=\"reading-time\" itemprop=\"timeRequired\" content=\"PT3M\"><em>Ca. 3 minutter lesetid<\/em><\/span>\n\t\t\t\t\t\t\t\t\t\t\t\t\t\t\t<\/div>\n\t\t\t\t\t\t<\/div>\n\t\t\t\t\t<\/div>\n\t\t\t\t\t\t<div class=\"sharing\">\n\t\t<a class=\"share-button share-link copy-link\" data-copy=\"https:\/\/hoyre.no\/volda\/aktuelt\/volda-hogre-eldreomsorg-og-ungdom\/\" target=\"_blank\"><span class=\"screen-reader-text\">Del link<\/span><\/a>\n\t\t<a class=\"share-button share-twitter\" href=\"http:\/\/twitter.com\/share?text=Volda H\u00f8gre, eldreomsorg og ungdom&#038;url=https:\/\/hoyre.no\/volda\/aktuelt\/volda-hogre-eldreomsorg-og-ungdom\/&#038;hashtags=Hoyre\" target=\"_blank\"><span class=\"screen-reader-text\">Del p\u00e5 twitter<\/span><\/a>\n\t\t<a class=\"share-button share-facebook\" href=\"https:\/\/www.facebook.com\/sharer\/sharer.php?u=https:\/\/hoyre.no\/volda\/aktuelt\/volda-hogre-eldreomsorg-og-ungdom\/\" target=\"_blank\"><span class=\"screen-reader-text\">Del p\u00e5 facebook<\/span><\/a>\n\t<\/div>\n\t\t\t\t\t<\/div>\n\t\t\t<\/div>\n\n\t\t\t<figure class=\"hoyre-image-wrapper\"><div class=\"hoyre-image\"><img loading=\"lazy\" decoding=\"async\" width=\"524\" height=\"688\" src=\"https:\/\/hoyre.no\/content\/uploads\/sites\/89\/2023\/08\/Sindre-Rotevatn-med-mikrofon.jpg\" class=\"attachment-scaled size-scaled\" alt=\"\" style=\"object-position: 53% 5%\" srcset=\"https:\/\/hoyre.no\/content\/uploads\/sites\/89\/2023\/08\/Sindre-Rotevatn-med-mikrofon.jpg 524w, https:\/\/hoyre.no\/content\/uploads\/sites\/89\/2023\/08\/Sindre-Rotevatn-med-mikrofon-228x300.jpg 228w\" sizes=\"auto, (max-width: 524px) 100vw, 524px\" \/><\/div><figcaption class=\"caption\">Sindre Rotevatn, ordf\u00f8rarkandidat<\/figcaption><\/figure>\n\n\n\n\n<p>Vi blir fleire eldre og m\u00e5 tenke nytt om korleis vi organiserer helse- og omsorgstenestene i kommunen.&nbsp;<\/p>\n\n\n\n<p>Ordninga i sommar med servicevakter kom p\u00e5 initiativ fr\u00e5 sektoren sj\u00f8lv. Dette illustrerer at dei tilsette og leiinga p\u00e5 omr\u00e5det er engasjerte og dyktige i sitt arbeid. Det er ogs\u00e5 utarbeidd eit bra planverk for omr\u00e5det. Vi foresl\u00e5r til dr\u00f8fting nokre grep i tillegg.<\/p>\n\n\n\n<p><strong>Fagutdanning og rekruttering<\/strong><\/p>\n\n\n\n<p>Vi har allereie gode tenester og ein dyktig stab, men vi kan alle bli betre og Volda H\u00f8gre prioriterer opp fagutdanning til alle som vil. Vi vil arbeide for at kommunen skal kartlegge behovet for fleire fagl\u00e6rde i heimesjukepleia. Vi vil sikre at alle utan helse- og sosialfagleg utdanning f\u00e5r muligheit til \u00e5 bli fagl\u00e6rde. Saman med H\u00f8gre sentralt, set vi ein nasjonal ambisjon om ti prosent f\u00e6rre ufagl\u00e6rde i dei brukarretta omsorgstenestene innan 2030, med vekt p\u00e5 heimesjukepleia. Dette kan h\u00f8yrest sm\u00e5tt ut, men det er <em>fire gongar<\/em> s\u00e5 stor reduksjon som vi har klart dei siste 6 \u00e5ra (2016-2021).<\/p>\n\n\n\n<p>Vi vil ogs\u00e5 legge til rette for auka rekruttering til heimesjukepleia, til d\u00f8mes gjennom fleire prosjekt med sommarjobb for 16-18-\u00e5ringar og andre tiltak.&nbsp;&nbsp;&nbsp;&nbsp;<\/p>\n\n\n\n<p><strong>Trygge bustadar<\/strong><\/p>\n\n\n\n<p>Dei fleste eldre bur heime og vil bu heime s\u00e5 lenge som mogleg. Dersom det skal vere mogleg for fleire, treng vi bustadl\u00f8ysingar som bidreg til at fleire eldre kan leve sj\u00f8lvstendige liv og f\u00f8le seg trygge i bustaden dei bur i. H\u00f8gre meiner det er behov for meir varierte buformer for eldre som stimulerer til aktivitet og legg til rette for ein meiningsfull kvardag for alle eldre med sine ulike behov. Dette kan ta ned belastninga b\u00e5de for den enkelte og for helse- og omsorgstenesta. Det vil kunne bidra til at fleire eldre kan bu heime lenger og at hjelpebehova kan utsettast.&nbsp;&nbsp;<\/p>\n\n\n\n<p>Volda H\u00f8gre vil prioritere at kommunen kan bygge fleire tilrettelagde bustadar og nye buformer der pleietrengande bur i n\u00e6rleiken av andre.&nbsp;&nbsp;<\/p>\n\n\n\n<p>Vi vil ogs\u00e5 prioritere at kommunen bygger fleire heild\u00f8gns omsorgsplassar, s\u00e6rleg for menneske med demensliding.&nbsp;<\/p>\n\n\n\n<p>Volda H\u00f8gre meiner at kommunen m\u00e5 forsterke arbeidet som allereie blir gjort med f\u00f8rebyggande heimebes\u00f8k med oppf\u00f8lging. Vi m\u00e5 ogs\u00e5 ta i bruk mer velferdsteknologi sj\u00f8lv om denne ikkje kan erstatte menneskeleg kontakt.<\/p>\n\n\n\n<p><strong>Bes\u00f8k?<\/strong><\/p>\n\n\n\n<p>Det hadde vore fint \u00e5 illustrere forslaga v\u00e5re med eit bes\u00f8k hos heimetenestene. Vi har imidlertid bestemt oss for at vi skal ikkje forstyrre dykk med politiske bes\u00f8k i valkampen. Prioriter det viktige arbeidet de gjer, s\u00e5 kan vi f\u00e5 h\u00f8yre meir om og dr\u00f8fte gode l\u00f8ysingar etter valet.<\/p>\n\n\n\n<p><strong>Volda H\u00f8gre <\/strong>&nbsp;<\/p>\n\n\n\n<p>Sindre Rotevatn, ordf\u00f8rarkandidat<\/p>\n\n\n\n<p>Peter H. Bj\u00f8rneset, ungdomskandidat<\/p>\n\n\n<div class=\"tags\">\n\t<\/div>\n<div class=\"post-footer alignfull has-background block-editor-block-list__block\" data-align=full>\n\t<div class=\"post-footer-inner\">\n\t\t<h3>Relaterte artikler<\/h3>\n\t\t<div class=\"related-content\"><div class=\"is-card-hoyre\">\n\t<div class=\"teft-card hoyre-teft-card post-teft-card\">\n\t\t<a href=\"https:\/\/hoyre.no\/volda\/aktuelt\/aktivitet-pa-kommunehuset-smia\/\" class=\"teft-card__primary-action\">\n\n\t\t\t\t\t<div class=\"teft-card__media teft-card__media--16-9\">\n\t\t\t\t\t\t<img loading=\"lazy\" decoding=\"async\" width=\"768\" height=\"576\" src=\"https:\/\/hoyre.no\/content\/uploads\/sites\/89\/2023\/08\/Grodas-768x576.png\" class=\"attachment-medium_large size-medium_large\" alt=\"\" srcset=\"https:\/\/hoyre.no\/content\/uploads\/sites\/89\/2023\/08\/Grodas-768x576.png 768w, https:\/\/hoyre.no\/content\/uploads\/sites\/89\/2023\/08\/Grodas-300x225.png 300w, https:\/\/hoyre.no\/content\/uploads\/sites\/89\/2023\/08\/Grodas.png 980w\" sizes=\"auto, (max-width: 768px) 100vw, 768px\" \/>\t\t<\/div>\n\t\t\n\t\t\t<div class=\"teft-card__content-wrapper\">\n\t\t\t\t<div class=\"teft-card__secondary\">\n\t\t\t\t\t\n\t\t\t\t\t\t\t\t<div class=\"teft-card__meta\">\n\t\t\t\t\t\t\t\t\t<span class=\"post-date\">28. aug 2023<\/span>\n\n\t\t\t\t\t\t\t\t\t\t\t\t\t\t\t\t\t<\/div>\n\t\t\t\t\t\t\t\t\t\t\t<\/div>\n\n\t\t\t\t<div class=\"teft-card__primary\">\n\t\t\t\t\t<h2 class=\"teft-card__title\">Aktivitet p\u00e5 kommunehuset Smia&nbsp;<span class=\"teft-card__primary-title-append\"><\/span><\/h2>\t\t\t\t<\/div>\n\t\t\t<\/div>\n\t\t<\/a>\n\t<\/div>\n\n\t<\/div><div class=\"is-card-hoyre\">\n\t<div class=\"teft-card hoyre-teft-card post-teft-card\">\n\t\t<a href=\"https:\/\/hoyre.no\/volda\/aktuelt\/alltid-ha-klare-einebustadtomter\/\" class=\"teft-card__primary-action\">\n\n\t\t\t\t\t<div class=\"teft-card__media teft-card__media--16-9\">\n\t\t\t\t\t\t<img loading=\"lazy\" decoding=\"async\" width=\"768\" height=\"576\" src=\"https:\/\/hoyre.no\/content\/uploads\/sites\/89\/2023\/08\/IMG_7917-768x576.jpg\" class=\"attachment-medium_large size-medium_large\" alt=\"\" srcset=\"https:\/\/hoyre.no\/content\/uploads\/sites\/89\/2023\/08\/IMG_7917-768x576.jpg 768w, https:\/\/hoyre.no\/content\/uploads\/sites\/89\/2023\/08\/IMG_7917-300x225.jpg 300w, https:\/\/hoyre.no\/content\/uploads\/sites\/89\/2023\/08\/IMG_7917-1024x768.jpg 1024w, https:\/\/hoyre.no\/content\/uploads\/sites\/89\/2023\/08\/IMG_7917-1536x1152.jpg 1536w, https:\/\/hoyre.no\/content\/uploads\/sites\/89\/2023\/08\/IMG_7917-2048x1536.jpg 2048w\" sizes=\"auto, (max-width: 768px) 100vw, 768px\" \/>\t\t<\/div>\n\t\t\n\t\t\t<div class=\"teft-card__content-wrapper\">\n\t\t\t\t<div class=\"teft-card__secondary\">\n\t\t\t\t\t\n\t\t\t\t\t\t\t\t<div class=\"teft-card__meta\">\n\t\t\t\t\t\t\t\t\t<span class=\"post-date\">28. aug 2023<\/span>\n\n\t\t\t\t\t\t\t\t\t\t\t\t\t\t\t\t\t<\/div>\n\t\t\t\t\t\t\t\t\t\t\t<\/div>\n\n\t\t\t\t<div class=\"teft-card__primary\">\n\t\t\t\t\t<h2 class=\"teft-card__title\">Alltid ha klare einebustadtomter&nbsp;<span class=\"teft-card__primary-title-append\"><\/span><\/h2>\t\t\t\t<\/div>\n\t\t\t<\/div>\n\t\t<\/a>\n\t<\/div>\n\n\t<\/div><div class=\"is-card-hoyre\">\n\t<div class=\"teft-card hoyre-teft-card post-teft-card\">\n\t\t<a href=\"https:\/\/hoyre.no\/volda\/aktuelt\/verdiane-ma-skapast-sa-skal-vi-dele\/\" class=\"teft-card__primary-action\">\n\n\t\t\t\t\t<div class=\"teft-card__media teft-card__media--16-9\">\n\t\t\t\t\t\t<img loading=\"lazy\" decoding=\"async\" width=\"768\" height=\"508\" src=\"https:\/\/hoyre.no\/content\/uploads\/sites\/89\/2023\/08\/Y9A2662-1-768x508.jpg\" class=\"attachment-medium_large size-medium_large\" alt=\"\" srcset=\"https:\/\/hoyre.no\/content\/uploads\/sites\/89\/2023\/08\/Y9A2662-1-768x508.jpg 768w, https:\/\/hoyre.no\/content\/uploads\/sites\/89\/2023\/08\/Y9A2662-1-300x198.jpg 300w, https:\/\/hoyre.no\/content\/uploads\/sites\/89\/2023\/08\/Y9A2662-1-1024x677.jpg 1024w, https:\/\/hoyre.no\/content\/uploads\/sites\/89\/2023\/08\/Y9A2662-1-1536x1016.jpg 1536w, https:\/\/hoyre.no\/content\/uploads\/sites\/89\/2023\/08\/Y9A2662-1-2048x1355.jpg 2048w\" sizes=\"auto, (max-width: 768px) 100vw, 768px\" \/>\t\t<\/div>\n\t\t\n\t\t\t<div class=\"teft-card__content-wrapper\">\n\t\t\t\t<div class=\"teft-card__secondary\">\n\t\t\t\t\t\n\t\t\t\t\t\t\t\t<div class=\"teft-card__meta\">\n\t\t\t\t\t\t\t\t\t<span class=\"post-date\">15. aug 2023<\/span>\n\n\t\t\t\t\t\t\t\t\t\t\t\t\t\t\t\t\t<\/div>\n\t\t\t\t\t\t\t\t\t\t\t<\/div>\n\n\t\t\t\t<div class=\"teft-card__primary\">\n\t\t\t\t\t<h2 class=\"teft-card__title\">Verdiane m\u00e5 skapast, s\u00e5 skal vi dele&nbsp;<span class=\"teft-card__primary-title-append\"><\/span><\/h2>\t\t\t\t<\/div>\n\t\t\t<\/div>\n\t\t<\/a>\n\t<\/div>\n\n\t<\/div><\/div>\t<\/div>\n<\/div>\n","protected":false},"excerpt":{"rendered":"","protected":false},"author":41878,"featured_media":0,"comment_status":"closed","ping_status":"closed","sticky":false,"template":"","format":"standard","meta":{"teft_cards_image_url":"","teft_cards_custom_pretitle":"","teft_cards_image_id":441,"teft_cards_image_focal_point_x":0.5,"teft_cards_image_focal_point_y":0.39,"teft_cards_title":"","teft_cards_excerpt":"","teft_show_chapters":false,"author_display_name":"","footnotes":""},"category":[1],"post_tag":[],"hoyre-visibility":[],"article-type":[],"politician":[],"class_list":["post-439","post","type-post","status-publish","format-standard","hentry","category-nyheiter"],"yoast_head":"<!-- This site is optimized with the Yoast SEO plugin v26.6 - https:\/\/yoast.com\/wordpress\/plugins\/seo\/ -->\n<title>Volda H\u00f8gre, eldreomsorg og ungdom - Volda H\u00f8gre<\/title>\n<meta name=\"robots\" content=\"index, follow, max-snippet:-1, max-image-preview:large, max-video-preview:-1\" \/>\n<link rel=\"canonical\" href=\"https:\/\/hoyre.no\/volda\/aktuelt\/volda-hogre-eldreomsorg-og-ungdom\/\" \/>\n<meta property=\"og:locale\" content=\"nn_NO\" \/>\n<meta property=\"og:type\" content=\"article\" \/>\n<meta property=\"og:title\" content=\"Volda H\u00f8gre, eldreomsorg og ungdom - Volda H\u00f8gre\" \/>\n<meta property=\"og:url\" content=\"https:\/\/hoyre.no\/volda\/aktuelt\/volda-hogre-eldreomsorg-og-ungdom\/\" \/>\n<meta property=\"og:site_name\" content=\"Volda H\u00f8gre\" \/>\n<meta property=\"article:published_time\" content=\"2023-08-10T07:04:38+00:00\" \/>\n<meta property=\"article:modified_time\" content=\"2023-08-10T07:05:23+00:00\" \/>\n<meta property=\"og:image\" content=\"https:\/\/hoyre.no\/content\/uploads\/sites\/89\/2023\/08\/Y9A2662-1-1024x677.jpg\" \/>\n<meta name=\"author\" content=\"Sindre Rotevatn\" \/>\n<meta name=\"twitter:card\" content=\"summary_large_image\" \/>\n<meta name=\"twitter:label1\" content=\"Written by\" \/>\n\t<meta name=\"twitter:data1\" content=\"Sindre Rotevatn\" \/>\n\t<meta name=\"twitter:label2\" content=\"Est. reading time\" \/>\n\t<meta name=\"twitter:data2\" content=\"3 minutt\" \/>\n<script type=\"application\/ld+json\" class=\"yoast-schema-graph\">{\"@context\":\"https:\/\/schema.org\",\"@graph\":[{\"@type\":\"NewsArticle\",\"@id\":\"https:\/\/hoyre.no\/volda\/aktuelt\/volda-hogre-eldreomsorg-og-ungdom\/\",\"url\":\"https:\/\/hoyre.no\/volda\/aktuelt\/volda-hogre-eldreomsorg-og-ungdom\/\",\"name\":\"Volda H\u00f8gre, eldreomsorg og ungdom - Volda H\u00f8gre\",\"isPartOf\":{\"@id\":\"https:\/\/hoyre.no\/volda\/#website\"},\"datePublished\":\"2023-08-10T07:04:38+00:00\",\"dateModified\":\"2023-08-10T07:05:23+00:00\",\"author\":{\"@id\":\"https:\/\/hoyre.no\/volda\/#\/schema\/person\/e960f643f0b901da4a75eb29079666fb\"},\"breadcrumb\":{\"@id\":\"https:\/\/hoyre.no\/volda\/aktuelt\/volda-hogre-eldreomsorg-og-ungdom\/#breadcrumb\"},\"inLanguage\":\"nn-NO\",\"potentialAction\":[{\"@type\":\"ReadAction\",\"target\":[\"https:\/\/hoyre.no\/volda\/aktuelt\/volda-hogre-eldreomsorg-og-ungdom\/\"]}]},{\"@type\":\"BreadcrumbList\",\"@id\":\"https:\/\/hoyre.no\/volda\/aktuelt\/volda-hogre-eldreomsorg-og-ungdom\/#breadcrumb\",\"itemListElement\":[{\"@type\":\"ListItem\",\"position\":1,\"name\":\"Til hoyre.no\",\"item\":\"https:\/\/hoyre.no\"},{\"@type\":\"ListItem\",\"position\":2,\"name\":\"Hjem\",\"item\":\"https:\/\/hoyre.no\/volda\/\"},{\"@type\":\"ListItem\",\"position\":3,\"name\":\"Volda H\u00f8gre, eldreomsorg og ungdom\"}]},{\"@type\":\"WebSite\",\"@id\":\"https:\/\/hoyre.no\/volda\/#website\",\"url\":\"https:\/\/hoyre.no\/volda\/\",\"name\":\"Volda H\u00f8gre\",\"description\":\"Bare enda et H\u00f8yres nettsteder-nettsted\",\"inLanguage\":\"nn-NO\"},{\"@type\":\"Person\",\"@id\":\"https:\/\/hoyre.no\/volda\/#\/schema\/person\/e960f643f0b901da4a75eb29079666fb\",\"name\":\"Sindre Rotevatn\",\"image\":{\"@type\":\"ImageObject\",\"inLanguage\":\"nn-NO\",\"@id\":\"https:\/\/hoyre.no\/volda\/#\/schema\/person\/image\/\",\"url\":\"https:\/\/secure.gravatar.com\/avatar\/753bf2dbab3e2840be68914389dc8da9139b400bd8570ef257ce9fa3c26c4a5a?s=96&d=mm&r=g\",\"contentUrl\":\"https:\/\/secure.gravatar.com\/avatar\/753bf2dbab3e2840be68914389dc8da9139b400bd8570ef257ce9fa3c26c4a5a?s=96&d=mm&r=g\",\"caption\":\"Sindre Rotevatn\"},\"url\":\"https:\/\/hoyre.no\/volda\/aktuelt\/author\/m50508282\/\"}]}<\/script>\n<!-- \/ Yoast SEO plugin. -->","yoast_head_json":{"title":"Volda H\u00f8gre, eldreomsorg og ungdom - Volda H\u00f8gre","robots":{"index":"index","follow":"follow","max-snippet":"max-snippet:-1","max-image-preview":"max-image-preview:large","max-video-preview":"max-video-preview:-1"},"canonical":"https:\/\/hoyre.no\/volda\/aktuelt\/volda-hogre-eldreomsorg-og-ungdom\/","og_locale":"nn_NO","og_type":"article","og_title":"Volda H\u00f8gre, eldreomsorg og ungdom - Volda H\u00f8gre","og_url":"https:\/\/hoyre.no\/volda\/aktuelt\/volda-hogre-eldreomsorg-og-ungdom\/","og_site_name":"Volda H\u00f8gre","article_published_time":"2023-08-10T07:04:38+00:00","article_modified_time":"2023-08-10T07:05:23+00:00","og_image":[{"url":"https:\/\/hoyre.no\/content\/uploads\/sites\/89\/2023\/08\/Y9A2662-1-1024x677.jpg","width":"","height":"","type":""}],"author":"Sindre Rotevatn","twitter_card":"summary_large_image","twitter_misc":{"Written by":"Sindre Rotevatn","Est. reading time":"3 minutt"},"schema":{"@context":"https:\/\/schema.org","@graph":[{"@type":"NewsArticle","@id":"https:\/\/hoyre.no\/volda\/aktuelt\/volda-hogre-eldreomsorg-og-ungdom\/","url":"https:\/\/hoyre.no\/volda\/aktuelt\/volda-hogre-eldreomsorg-og-ungdom\/","name":"Volda H\u00f8gre, eldreomsorg og ungdom - Volda H\u00f8gre","isPartOf":{"@id":"https:\/\/hoyre.no\/volda\/#website"},"datePublished":"2023-08-10T07:04:38+00:00","dateModified":"2023-08-10T07:05:23+00:00","author":{"@id":"https:\/\/hoyre.no\/volda\/#\/schema\/person\/e960f643f0b901da4a75eb29079666fb"},"breadcrumb":{"@id":"https:\/\/hoyre.no\/volda\/aktuelt\/volda-hogre-eldreomsorg-og-ungdom\/#breadcrumb"},"inLanguage":"nn-NO","potentialAction":[{"@type":"ReadAction","target":["https:\/\/hoyre.no\/volda\/aktuelt\/volda-hogre-eldreomsorg-og-ungdom\/"]}]},{"@type":"BreadcrumbList","@id":"https:\/\/hoyre.no\/volda\/aktuelt\/volda-hogre-eldreomsorg-og-ungdom\/#breadcrumb","itemListElement":[{"@type":"ListItem","position":1,"name":"Til hoyre.no","item":"https:\/\/hoyre.no"},{"@type":"ListItem","position":2,"name":"Hjem","item":"https:\/\/hoyre.no\/volda\/"},{"@type":"ListItem","position":3,"name":"Volda H\u00f8gre, eldreomsorg og ungdom"}]},{"@type":"WebSite","@id":"https:\/\/hoyre.no\/volda\/#website","url":"https:\/\/hoyre.no\/volda\/","name":"Volda H\u00f8gre","description":"Bare enda et H\u00f8yres nettsteder-nettsted","inLanguage":"nn-NO"},{"@type":"Person","@id":"https:\/\/hoyre.no\/volda\/#\/schema\/person\/e960f643f0b901da4a75eb29079666fb","name":"Sindre Rotevatn","image":{"@type":"ImageObject","inLanguage":"nn-NO","@id":"https:\/\/hoyre.no\/volda\/#\/schema\/person\/image\/","url":"https:\/\/secure.gravatar.com\/avatar\/753bf2dbab3e2840be68914389dc8da9139b400bd8570ef257ce9fa3c26c4a5a?s=96&d=mm&r=g","contentUrl":"https:\/\/secure.gravatar.com\/avatar\/753bf2dbab3e2840be68914389dc8da9139b400bd8570ef257ce9fa3c26c4a5a?s=96&d=mm&r=g","caption":"Sindre Rotevatn"},"url":"https:\/\/hoyre.no\/volda\/aktuelt\/author\/m50508282\/"}]}},"distributor_meta":false,"distributor_terms":false,"distributor_media":false,"distributor_original_site_name":"Volda H\u00f8gre","distributor_original_site_url":"https:\/\/hoyre.no\/volda","push-errors":false,"_links":{"self":[{"href":"https:\/\/hoyre.no\/volda\/wp-json\/wp\/v2\/posts\/439","targetHints":{"allow":["GET"]}}],"collection":[{"href":"https:\/\/hoyre.no\/volda\/wp-json\/wp\/v2\/posts"}],"about":[{"href":"https:\/\/hoyre.no\/volda\/wp-json\/wp\/v2\/types\/post"}],"author":[{"embeddable":true,"href":"https:\/\/hoyre.no\/volda\/wp-json\/wp\/v2\/users\/41878"}],"replies":[{"embeddable":true,"href":"https:\/\/hoyre.no\/volda\/wp-json\/wp\/v2\/comments?post=439"}],"version-history":[{"count":2,"href":"https:\/\/hoyre.no\/volda\/wp-json\/wp\/v2\/posts\/439\/revisions"}],"predecessor-version":[{"id":443,"href":"https:\/\/hoyre.no\/volda\/wp-json\/wp\/v2\/posts\/439\/revisions\/443"}],"wp:attachment":[{"href":"https:\/\/hoyre.no\/volda\/wp-json\/wp\/v2\/media?parent=439"}],"wp:term":[{"taxonomy":"category","embeddable":true,"href":"https:\/\/hoyre.no\/volda\/wp-json\/wp\/v2\/category?post=439"},{"taxonomy":"post_tag","embeddable":true,"href":"https:\/\/hoyre.no\/volda\/wp-json\/wp\/v2\/post_tag?post=439"},{"taxonomy":"hoyre-visibility","embeddable":true,"href":"https:\/\/hoyre.no\/volda\/wp-json\/wp\/v2\/hoyre-visibility?post=439"},{"taxonomy":"article-type","embeddable":true,"href":"https:\/\/hoyre.no\/volda\/wp-json\/wp\/v2\/article-type?post=439"},{"taxonomy":"politician","embeddable":true,"href":"https:\/\/hoyre.no\/volda\/wp-json\/wp\/v2\/politician?post=439"}],"curies":[{"name":"wp","href":"https:\/\/api.w.org\/{rel}","templated":true}]}}