{"id":15,"date":"2017-12-11T23:00:00","date_gmt":"2017-12-11T22:00:00","guid":{"rendered":"https:\/\/hoyre.no\/voss\/aktuelt\/arsmote-i-voss-hogre\/"},"modified":"2017-12-11T23:00:00","modified_gmt":"2017-12-11T22:00:00","slug":"arsmote-i-voss-hogre","status":"publish","type":"post","link":"https:\/\/hoyre.no\/voss\/aktuelt\/arsmote-i-voss-hogre\/","title":{"rendered":"\u00c5rsm\u00f8te i Voss H\u00f8gre"},"content":{"rendered":"<p class=\"preamble\">Voss H\u00f8gre arrangerer sitt \u00e5rsm\u00f8te p\u00e5 Fleischers Hotell onsdag 13. desember kl. 19.00. Under finner du b\u00e5de saksliste og \u00e5rsmelding.<\/p>\t\t\t<div class=\"post-meta wp-block teft-byline-wrapper\">\n\t\t\t\t<div class=\"top\">\n\t\t\t\t\t<div class=\"signature\">\n\t\t\t\t\t\t<div class=\"teft-byline\">\n\t\t\t\t\t\t\t\t\t\t\t\t\t\t<div>\n\t\t\t\t\t\t\t\t<h3>H\u00f8yres redaksjon<\/h3>\t\t\t\t\t\t\t\t\n\t\t\t\t\t\t\t\t\t\t\t\t\t\t\t\t\t<span class=\"date\">Sist oppdatert: 11. desember 2017<\/span>\n\t\t\t\t\t\t\t\t\t\t\t\t\t\t\t\t\t\t\t\t\t\t\t\t\t<span class=\"reading-time\" itemprop=\"timeRequired\" content=\"PT3M\"><em>Ca. 3 minutter lesetid<\/em><\/span>\n\t\t\t\t\t\t\t\t\t\t\t\t\t\t\t<\/div>\n\t\t\t\t\t\t<\/div>\n\t\t\t\t\t<\/div>\n\t\t\t\t\t\t<div class=\"sharing\">\n\t\t<a class=\"share-button share-link copy-link\" data-copy=\"https:\/\/hoyre.no\/voss\/aktuelt\/arsmote-i-voss-hogre\/\" target=\"_blank\"><span class=\"screen-reader-text\">Del link<\/span><\/a>\n\t\t<a class=\"share-button share-twitter\" href=\"http:\/\/twitter.com\/share?text=\u00c5rsm\u00f8te i Voss H\u00f8gre&#038;url=https:\/\/hoyre.no\/voss\/aktuelt\/arsmote-i-voss-hogre\/&#038;hashtags=Hoyre\" target=\"_blank\"><span class=\"screen-reader-text\">Del p\u00e5 twitter<\/span><\/a>\n\t\t<a class=\"share-button share-facebook\" href=\"https:\/\/www.facebook.com\/sharer\/sharer.php?u=https:\/\/hoyre.no\/voss\/aktuelt\/arsmote-i-voss-hogre\/\" target=\"_blank\"><span class=\"screen-reader-text\">Del p\u00e5 facebook<\/span><\/a>\n\t<\/div>\n\t\t\t\t\t<\/div>\n\t\t\t<\/div>\n\n\t\t\t<figure class=\"hoyre-image-wrapper\"><div class=\"hoyre-image\"><img loading=\"lazy\" decoding=\"async\" width=\"1000\" height=\"1000\" src=\"https:\/\/hoyre.no\/content\/uploads\/sites\/311\/2020\/11\/logo_1.png\" class=\"attachment-scaled size-scaled\" alt=\"\" style=\"object-position: 50% 50%\" srcset=\"https:\/\/hoyre.no\/content\/uploads\/sites\/311\/2020\/11\/logo_1.png 1000w, https:\/\/hoyre.no\/content\/uploads\/sites\/311\/2020\/11\/logo_1-300x300.png 300w, https:\/\/hoyre.no\/content\/uploads\/sites\/311\/2020\/11\/logo_1-150x150.png 150w, https:\/\/hoyre.no\/content\/uploads\/sites\/311\/2020\/11\/logo_1-768x768.png 768w\" sizes=\"auto, (max-width: 1000px) 100vw, 1000px\" \/><\/div><\/figure><div id=\"hoyre-old-article-content-wrapper\"><div><p><b>Saksliste, \u00e5rsm\u00f8te til Voss H\u00f8gre 2017 <\/b><\/p><p><b>p\u00e5 Fleischer\u2019s Hotel onsdag 13. desember 2017 kl. 19.00<\/b><\/p><\/div><p><\/p><p>F\u00f8lgjande sakar skal handsamast:<\/p><ol><li>Godkjenning av innkalling og dagsorden<\/li><ol type=\"a\"><li>Val av m\u00f8teleiar, referent og to protokollunderskriverar<\/li><li>Godkjenning av innkalling og sakliste<\/li><\/ol><li>\u00c5rsmelding for 2017 \u2013 Styret les \u00e5rsmeldinga, opent for sp\u00f8rsm\u00e5l<\/li><li>Rekneskap for 2017 \u2013 Kasserar legg fram rekneskap, opent for sp\u00f8rsm\u00e5l<\/li><li>Budsjett for 2018 \u2013 Kasserar presenterer framlegg til budsjett for 2018<\/li><li>Politiske saker \u2013 resolusjonar mv. <\/li><li>Val         <br \/><\/li><\/ol><p>* Leiar<\/p><p>      * Nestleiar<\/p><p>* Kasserar<\/p><p>* Styremedlemmar (2)<\/p><p>* Varamedlemmar til styret (2)<\/p><p>* Revisor<\/p><p><\/p><p>        * Val av delegatar til Hordaland H\u00f8gre sitt \u00e5rsm\u00f8te:<\/p><p>Sj\u00f8lvskrivne: Iril S. Johansen og leiar<\/p><p>                + fem andre (UH har eigne delegat til \u00e5rsm\u00f8tet i HH)<\/p><p>  * Valnemnd<\/p><p><\/p><p>Fullmakt: \u00c5rsm\u00f8tet delegerer fullmakt til styret for \u00e5 supplere delegatar ved forfall.<\/p><p><\/p><p><br \/><\/p><p><b>\u00c5RSMELDING FOR VOSS H\u00d8GRE  2017.<\/b><\/p><b><br clear=\"all\" \/><\/b><p><b>Styret har vore:<\/b><\/p><p>Leiar:                        Eivind Kildal <\/p><p>Nestleiar:                Svein Erik Burud<\/p><p>Kasserar:                 Knut Grinde<\/p><p>Styremedlem:       Katrine Matthiessen<\/p><p>                                 Iril S. Johansen <\/p><p>Unge H\u00f8gre:          Derya Ciftci<\/p><p><b>Vara til styret<\/b>:       Ingrid Kl\u00f8ve <\/p><p>                                 Torunn L. Ringheim <\/p><p><\/p><p><b>Revisor<\/b>:                   Jan Tvilde <\/p><p><\/p><p><b>Valnemnd:             <\/b>Frode Horvik<\/p><p>                                 Tove Klyve<\/p><p><\/p><p><b>Styrem\u00f8te:<\/b><\/p><p>Det har vore halde tre m\u00f8ter i styret. <\/p><p><\/p><p>Arbeidet i laget:<\/p><ul><li>Arbeidet dette \u00e5ret har vore prega av Stortingsvalkampen 2017<\/li><\/ul><p><\/p><p><b>Unge H\u00f8gre <\/b>er no eit lokallag av Unge H\u00f8gre med mange medlemmar.<\/p><p><b><\/b><\/p><p><b><u>Verv:<\/u><\/b><\/p><p><b><\/b><\/p><p><b>Stortinget:<\/b><\/p><p>Iril er 2.vara til Stortinget.<\/p><p><b><\/b><\/p><p><b>Fylkestinget:<\/b><\/p><p>Iril Schau Johansen er p\u00e5 Fylkestinget, har plass i kontrollutvalet.<\/p><p><br \/><\/p><p><b>Kommunestyregruppa:<\/b><\/p><p>Alle har gjort ein stor innsats med det politiske arbeidet i \u00e5ret som har g\u00e5tt. Det er krevjande \u00e5 f\u00e5 gjennomslag mot eit raud\/gr\u00f8nt fleirtal i kommunestyret. <\/p><p>Kontakten b\u00e5de mot Fylkesting, Storting og Regjering er god. <\/p><p>Kommunestyregruppa til H\u00f8gre p\u00e5 Voss er:<\/p><ol start=\"1\" type=\"1\"><li><strong>Iril Kristine Schau Johansen <\/strong><\/li><li><strong>Svein Erik Burud <\/strong><\/li><li><strong>Katrine Matthiessen <\/strong><\/li><li><strong>Fredrik Skaarer Fjose <\/strong><\/li><li><strong>Derya Ciftci <\/strong><\/li><li><strong>Sveinung Rieber<\/strong><\/li><\/ol><p>Vara:<\/p><ol start=\"7\" type=\"1\"><li>Bj\u00f8rne \u00d8strem Djukastein <\/li><li>Olav Farestveit  <\/li><li>Knut Grinde <\/li><li>Rolf Thorstein Jersin<\/li><li>Aud Walaker Hutchinson <\/li><li>Magne T\u00f8n <\/li><li>Alette Hjelmeland <\/li><li>Amina Abudukeyimu <\/li><li>Ingrid Kl\u00f8ve <\/li><\/ol><p><br \/><\/p><p><b>Representasjon:<\/b><\/p><p>P\u00e5 <b>Fylkes\u00e5rsm\u00f8tet <\/b>i Ulvik den 11-12 februar deltok: Iril S. Johansen, Eivind Kildal, Knut Grinde, Bj\u00f8rne \u00d8strem Djukastein, Svein Erik Burud og Alette Hjelmeland (fr\u00e5 UH Dana Khay, \u00d8yvind Lygre F\u00f8rre (o)) <\/p><p>Takk for innsats og engasjement!<\/p><p><\/p><p>For styret <\/p><p>Eivind Kildal<\/p><p>Leiar<\/p><p><\/p><p><br \/><\/p><\/div>\n<div class=\"tags\">\n\t<\/div>\n<div class=\"post-footer alignfull has-background block-editor-block-list__block\" data-align=full>\n\t<div class=\"post-footer-inner\">\n\t\t<h3>Relaterte artikler<\/h3>\n\t\t\t<\/div>\n<\/div>\n","protected":false},"excerpt":{"rendered":"","protected":false},"author":0,"featured_media":0,"comment_status":"closed","ping_status":"closed","sticky":false,"template":"","format":"standard","meta":{"teft_cards_image_url":"https:\/\/hoyre.no\/content\/uploads\/sites\/311\/2020\/11\/logo_1.png","teft_cards_custom_pretitle":"","teft_cards_image_id":14,"teft_cards_image_focal_point_x":0,"teft_cards_image_focal_point_y":0,"teft_cards_title":"","teft_cards_excerpt":"","teft_show_chapters":false,"author_display_name":"Voss H\u00f8gre","footnotes":""},"category":[1],"post_tag":[],"hoyre-visibility":[],"article-type":[],"politician":[],"class_list":["post-15","post","type-post","status-publish","format-standard","hentry","category-ukategorisert"],"yoast_head":"<!-- This site is optimized with the Yoast SEO plugin v26.6 - https:\/\/yoast.com\/wordpress\/plugins\/seo\/ -->\n<title>\u00c5rsm\u00f8te i Voss H\u00f8gre - Voss H\u00f8gre<\/title>\n<meta name=\"robots\" content=\"index, follow, max-snippet:-1, max-image-preview:large, max-video-preview:-1\" \/>\n<link rel=\"canonical\" href=\"https:\/\/hoyre.no\/voss\/aktuelt\/arsmote-i-voss-hogre\/\" \/>\n<meta property=\"og:locale\" content=\"nn_NO\" \/>\n<meta property=\"og:type\" content=\"article\" \/>\n<meta property=\"og:title\" content=\"\u00c5rsm\u00f8te i Voss H\u00f8gre - Voss H\u00f8gre\" \/>\n<meta property=\"og:url\" content=\"https:\/\/hoyre.no\/voss\/aktuelt\/arsmote-i-voss-hogre\/\" \/>\n<meta property=\"og:site_name\" content=\"Voss H\u00f8gre\" \/>\n<meta property=\"article:published_time\" content=\"2017-12-11T22:00:00+00:00\" \/>\n<meta property=\"og:image\" content=\"https:\/\/hoyre.no\/content\/uploads\/sites\/311\/2020\/11\/logo_1.png\" \/>\n<meta name=\"twitter:card\" content=\"summary_large_image\" \/>\n<meta name=\"twitter:label1\" content=\"Est. reading time\" \/>\n\t<meta name=\"twitter:data1\" content=\"2 minutt\" \/>\n<script type=\"application\/ld+json\" class=\"yoast-schema-graph\">{\"@context\":\"https:\/\/schema.org\",\"@graph\":[{\"@type\":\"NewsArticle\",\"@id\":\"https:\/\/hoyre.no\/voss\/aktuelt\/arsmote-i-voss-hogre\/\",\"url\":\"https:\/\/hoyre.no\/voss\/aktuelt\/arsmote-i-voss-hogre\/\",\"name\":\"\u00c5rsm\u00f8te i Voss H\u00f8gre - Voss H\u00f8gre\",\"isPartOf\":{\"@id\":\"https:\/\/hoyre.no\/voss\/#website\"},\"datePublished\":\"2017-12-11T22:00:00+00:00\",\"author\":{\"@id\":\"\"},\"breadcrumb\":{\"@id\":\"https:\/\/hoyre.no\/voss\/aktuelt\/arsmote-i-voss-hogre\/#breadcrumb\"},\"inLanguage\":\"nn-NO\",\"potentialAction\":[{\"@type\":\"ReadAction\",\"target\":[\"https:\/\/hoyre.no\/voss\/aktuelt\/arsmote-i-voss-hogre\/\"]}]},{\"@type\":\"BreadcrumbList\",\"@id\":\"https:\/\/hoyre.no\/voss\/aktuelt\/arsmote-i-voss-hogre\/#breadcrumb\",\"itemListElement\":[{\"@type\":\"ListItem\",\"position\":1,\"name\":\"Til hoyre.no\",\"item\":\"https:\/\/hoyre.no\"},{\"@type\":\"ListItem\",\"position\":2,\"name\":\"Hjem\",\"item\":\"https:\/\/hoyre.no\/voss\/\"},{\"@type\":\"ListItem\",\"position\":3,\"name\":\"\u00c5rsm\u00f8te i Voss H\u00f8gre\"}]},{\"@type\":\"WebSite\",\"@id\":\"https:\/\/hoyre.no\/voss\/#website\",\"url\":\"https:\/\/hoyre.no\/voss\/\",\"name\":\"Voss H\u00f8gre\",\"description\":\"Bare enda et H\u00f8yres nettsteder-nettsted\",\"inLanguage\":\"nn-NO\"}]}<\/script>\n<!-- \/ Yoast SEO plugin. -->","yoast_head_json":{"title":"\u00c5rsm\u00f8te i Voss H\u00f8gre - Voss H\u00f8gre","robots":{"index":"index","follow":"follow","max-snippet":"max-snippet:-1","max-image-preview":"max-image-preview:large","max-video-preview":"max-video-preview:-1"},"canonical":"https:\/\/hoyre.no\/voss\/aktuelt\/arsmote-i-voss-hogre\/","og_locale":"nn_NO","og_type":"article","og_title":"\u00c5rsm\u00f8te i Voss H\u00f8gre - Voss H\u00f8gre","og_url":"https:\/\/hoyre.no\/voss\/aktuelt\/arsmote-i-voss-hogre\/","og_site_name":"Voss H\u00f8gre","article_published_time":"2017-12-11T22:00:00+00:00","og_image":[{"url":"https:\/\/hoyre.no\/content\/uploads\/sites\/311\/2020\/11\/logo_1.png","width":"","height":"","type":""}],"twitter_card":"summary_large_image","twitter_misc":{"Est. reading time":"2 minutt"},"schema":{"@context":"https:\/\/schema.org","@graph":[{"@type":"NewsArticle","@id":"https:\/\/hoyre.no\/voss\/aktuelt\/arsmote-i-voss-hogre\/","url":"https:\/\/hoyre.no\/voss\/aktuelt\/arsmote-i-voss-hogre\/","name":"\u00c5rsm\u00f8te i Voss H\u00f8gre - Voss H\u00f8gre","isPartOf":{"@id":"https:\/\/hoyre.no\/voss\/#website"},"datePublished":"2017-12-11T22:00:00+00:00","author":{"@id":""},"breadcrumb":{"@id":"https:\/\/hoyre.no\/voss\/aktuelt\/arsmote-i-voss-hogre\/#breadcrumb"},"inLanguage":"nn-NO","potentialAction":[{"@type":"ReadAction","target":["https:\/\/hoyre.no\/voss\/aktuelt\/arsmote-i-voss-hogre\/"]}]},{"@type":"BreadcrumbList","@id":"https:\/\/hoyre.no\/voss\/aktuelt\/arsmote-i-voss-hogre\/#breadcrumb","itemListElement":[{"@type":"ListItem","position":1,"name":"Til hoyre.no","item":"https:\/\/hoyre.no"},{"@type":"ListItem","position":2,"name":"Hjem","item":"https:\/\/hoyre.no\/voss\/"},{"@type":"ListItem","position":3,"name":"\u00c5rsm\u00f8te i Voss H\u00f8gre"}]},{"@type":"WebSite","@id":"https:\/\/hoyre.no\/voss\/#website","url":"https:\/\/hoyre.no\/voss\/","name":"Voss H\u00f8gre","description":"Bare enda et H\u00f8yres nettsteder-nettsted","inLanguage":"nn-NO"}]}},"distributor_meta":false,"distributor_terms":false,"distributor_media":false,"distributor_original_site_name":"Voss H\u00f8gre","distributor_original_site_url":"https:\/\/hoyre.no\/voss","push-errors":false,"_links":{"self":[{"href":"https:\/\/hoyre.no\/voss\/wp-json\/wp\/v2\/posts\/15","targetHints":{"allow":["GET"]}}],"collection":[{"href":"https:\/\/hoyre.no\/voss\/wp-json\/wp\/v2\/posts"}],"about":[{"href":"https:\/\/hoyre.no\/voss\/wp-json\/wp\/v2\/types\/post"}],"replies":[{"embeddable":true,"href":"https:\/\/hoyre.no\/voss\/wp-json\/wp\/v2\/comments?post=15"}],"version-history":[{"count":0,"href":"https:\/\/hoyre.no\/voss\/wp-json\/wp\/v2\/posts\/15\/revisions"}],"wp:attachment":[{"href":"https:\/\/hoyre.no\/voss\/wp-json\/wp\/v2\/media?parent=15"}],"wp:term":[{"taxonomy":"category","embeddable":true,"href":"https:\/\/hoyre.no\/voss\/wp-json\/wp\/v2\/category?post=15"},{"taxonomy":"post_tag","embeddable":true,"href":"https:\/\/hoyre.no\/voss\/wp-json\/wp\/v2\/post_tag?post=15"},{"taxonomy":"hoyre-visibility","embeddable":true,"href":"https:\/\/hoyre.no\/voss\/wp-json\/wp\/v2\/hoyre-visibility?post=15"},{"taxonomy":"article-type","embeddable":true,"href":"https:\/\/hoyre.no\/voss\/wp-json\/wp\/v2\/article-type?post=15"},{"taxonomy":"politician","embeddable":true,"href":"https:\/\/hoyre.no\/voss\/wp-json\/wp\/v2\/politician?post=15"}],"curies":[{"name":"wp","href":"https:\/\/api.w.org\/{rel}","templated":true}]}}